{"id":45125,"date":"2024-08-13T16:10:04","date_gmt":"2024-08-13T19:10:04","guid":{"rendered":"https:\/\/radiorevelacionfm.cl\/?p=45125"},"modified":"2024-08-13T16:10:04","modified_gmt":"2024-08-13T19:10:04","slug":"septimo-festival-confluencia-elegira-representante-de-aysen-para-el-rockodromo-de-valparaiso","status":"publish","type":"post","link":"https:\/\/radiorevelacionfm.cl\/?p=45125","title":{"rendered":"S\u00e9ptimo Festival Confluencia elegir\u00e1 representante de Ays\u00e9n para el Rock\u00f3dromo de Valpara\u00edso"},"content":{"rendered":"<div class=\"flex_column av_one_full  flex_column_div av-zero-column-padding first  avia-builder-el-0  el_before_av_one_full  avia-builder-el-first  \" style='border-radius:0px; '><div  class='avia-image-container  av-styling-    avia-builder-el-1  avia-builder-el-no-sibling  avia-align-center '  itemprop=\"image\" itemscope=\"itemscope\" itemtype=\"https:\/\/schema.org\/ImageObject\"  ><div class='avia-image-container-inner'><div class='avia-image-overlay-wrap'><img decoding=\"async\" class='wp-image-45126 avia-img-lazy-loading-not-45126 avia_image' src=\"https:\/\/radiorevelacionfm.cl\/wp-content\/uploads\/2024\/08\/confluencia-1-1_optimized.jpg\" alt='' title='confluencia-(1)-(1)_optimized' height=\"800\" width=\"800\"  itemprop=\"thumbnailUrl\" srcset=\"https:\/\/radiorevelacionfm.cl\/wp-content\/uploads\/2024\/08\/confluencia-1-1_optimized.jpg 800w, https:\/\/radiorevelacionfm.cl\/wp-content\/uploads\/2024\/08\/confluencia-1-1_optimized-300x300.jpg 300w, https:\/\/radiorevelacionfm.cl\/wp-content\/uploads\/2024\/08\/confluencia-1-1_optimized-80x80.jpg 80w, https:\/\/radiorevelacionfm.cl\/wp-content\/uploads\/2024\/08\/confluencia-1-1_optimized-768x768.jpg 768w, https:\/\/radiorevelacionfm.cl\/wp-content\/uploads\/2024\/08\/confluencia-1-1_optimized-36x36.jpg 36w, https:\/\/radiorevelacionfm.cl\/wp-content\/uploads\/2024\/08\/confluencia-1-1_optimized-180x180.jpg 180w, https:\/\/radiorevelacionfm.cl\/wp-content\/uploads\/2024\/08\/confluencia-1-1_optimized-705x705.jpg 705w, https:\/\/radiorevelacionfm.cl\/wp-content\/uploads\/2024\/08\/confluencia-1-1_optimized-120x120.jpg 120w, https:\/\/radiorevelacionfm.cl\/wp-content\/uploads\/2024\/08\/confluencia-1-1_optimized-450x450.jpg 450w, https:\/\/radiorevelacionfm.cl\/wp-content\/uploads\/2024\/08\/confluencia-1-1_optimized-600x600.jpg 600w, https:\/\/radiorevelacionfm.cl\/wp-content\/uploads\/2024\/08\/confluencia-1-1_optimized-100x100.jpg 100w\" sizes=\"(max-width: 800px) 100vw, 800px\" \/><\/div><\/div><\/div><\/div><div class=\"flex_column av_one_full  flex_column_div av-zero-column-padding first  avia-builder-el-2  el_after_av_one_full  el_before_av_one_full  column-top-margin\" style='border-radius:0px; '><section class=\"av_textblock_section \"  itemscope=\"itemscope\" itemtype=\"https:\/\/schema.org\/BlogPosting\" itemprop=\"blogPost\" ><div class='avia_textblock  '   itemprop=\"text\" ><p style=\"text-align: center;\"><span style=\"font-size: 18pt;\"><b>S\u00e9ptimo Festival Confluencia elegir\u00e1 representante de Ays\u00e9n para el Rock\u00f3dromo de Valpara\u00edso<\/b><\/span><\/p>\n<div id=\"gtx-trans\" style=\"position: absolute; left: -50px; top: 4.31534px;\">\n<div class=\"gtx-trans-icon\"><\/div>\n<\/div>\n<\/div><\/section><\/div><div class=\"flex_column av_one_full  flex_column_div av-zero-column-padding first  avia-builder-el-4  el_after_av_one_full  el_before_av_hr  column-top-margin\" style='border-radius:0px; '><section class=\"av_textblock_section \"  itemscope=\"itemscope\" itemtype=\"https:\/\/schema.org\/BlogPosting\" itemprop=\"blogPost\" ><div class='avia_textblock  '   itemprop=\"text\" ><p style=\"text-align: justify;\">Este s\u00e1bado a partir de las 6 de la tarde, el Centro Cultural Coyhaique se viste de rock para recibir a las y los participantes de la s\u00e9ptima edici\u00f3n del Festival Confluencia, evento austral que forma parte de la Red de Festivales que producen y programan las Escuelas de Rock y M\u00fasica Popular del Ministerio de las Culturas, las Artes y el Patrimonio.<\/p>\n<p style=\"text-align: justify;\">Son cinco las y los solistas y agrupaciones que competir\u00e1n por el cupo regional en la 20\u00aa edici\u00f3n del Festival Rock\u00f3dromo que tendr\u00e1 lugar en Valpara\u00edso durante el mes de diciembre. A saber, La Minike, La Merken Van, el joven rapero Buzaiko, el punk de Puerto Ays\u00e9n de los Nicanor Porro y MbiroMental.<\/p>\n<p style=\"text-align: justify;\">Adem\u00e1s, desde Santiago nos visita el d\u00fao femenino Yorka y se suma el escenario de Confluencia Celeste Banda, que represent\u00f3 a la Regi\u00f3n de Ays\u00e9n en el \u00faltimo Rock\u00f3dromo.<\/p>\n<p style=\"text-align: justify;\">Para el Seremi de Culturas Ays\u00e9n, Felipe Quiroz, \u00abse trata de una experiencia comprobadamente enriquecedora para la m\u00fasica regional. El trabajo que desarrollamos junto a las Escuelas de Rock atraviesa los aspectos t\u00e9cnicos, esc\u00e9nicos, vocales, instrumentales y, en definitiva, configuran una cadena de sucesos positivos que culminan con el Festival Confluencia. Les invito para que apoyemos la m\u00fasica regional y sepamos qui\u00e9n viajar\u00e1 a Valpara\u00edso al Rock\u00f3dromo 2024\u00bb.<\/p>\n<p style=\"text-align: justify;\">La Minike, solista pop avecindada en Coyhaique, dijo que \u00abestoy muy contenta de ser parte del Escenario Confluencia de la Red de Festivales. Estoy preparando un show lleno de amor para ustedes y espero que con esta experiencia me pueda dar a conocer con mis canciones originales en la regi\u00f3n y el pa\u00eds\u00bb.<\/p>\n<p style=\"text-align: justify;\">A sus 14 a\u00f1os, Buzaiko, rapero coyhaiquino llamado Alan Vidal, manifiesta su nerviosismo y pasi\u00f3n frente a su primer gran desaf\u00edo esc\u00e9nico: \u00abSe me ha hecho una gran experiencia desde las Escuelas de Rock en las formaciones a quedar seleccionado al festival. Siento que ha sido mucho tiempo donde yo me he esforzado por mejorar mi arte, pese a mi corta edad. Y siento que va a ser un lugar donde yo pueda poner a prueba lo que he hecho por mucho tiempo, por lo que me esforzado y lo que de verdad me apasiona. Igual los otros competidores son buenos. Tengo nervios de repente, pero voy a ir con todo\u00bb.<\/p>\n<p style=\"text-align: justify;\">Las entradas pueden retirarse en las oficinas de la Seremi de Culturas Ays\u00e9n en 21 de mayo 574, o en Injuv Ays\u00e9n, Manuel Rodr\u00edguez 239, Coyhaique.<\/p>\n<\/div><\/section><\/div><div  style='height:50px' class='hr hr-invisible   avia-builder-el-6  el_after_av_one_full  el_before_av_social_share '><span class='hr-inner ' ><span class='hr-inner-style'><\/span><\/span><\/div><\/p>\n<div  class='av-social-sharing-box  avia-builder-el-7  el_after_av_hr  el_before_av_hr  '><div class='av-share-box'><h5 class='av-share-link-description av-no-toc '>Compartir esta noticia<\/h5><ul class='av-share-box-list noLightbox'><li class='av-share-link av-social-link-facebook' ><a target=\"_blank\" aria-label=\"Compartir en Facebook\" href='https:\/\/www.facebook.com\/sharer.php?u=https:\/\/radiorevelacionfm.cl\/?p=45125&#038;t=S%C3%A9ptimo%20Festival%20Confluencia%20elegir%C3%A1%20representante%20de%20Ays%C3%A9n%20para%20el%20Rock%C3%B3dromo%20de%20Valpara%C3%ADso' aria-hidden='false' data-av_icon='\ue8f3' data-av_iconfont='entypo-fontello' title='' data-avia-related-tooltip='Compartir en Facebook' rel=\"noopener\"><span class='avia_hidden_link_text'>Compartir en Facebook<\/span><\/a><\/li><li class='av-share-link av-social-link-twitter' ><a target=\"_blank\" aria-label=\"Compartir en Twitter\" href='https:\/\/twitter.com\/share?text=S%C3%A9ptimo%20Festival%20Confluencia%20elegir%C3%A1%20representante%20de%20Ays%C3%A9n%20para%20el%20Rock%C3%B3dromo%20de%20Valpara%C3%ADso&#038;url=https:\/\/radiorevelacionfm.cl\/?p=45125' aria-hidden='false' data-av_icon='\ue8f1' data-av_iconfont='entypo-fontello' title='' data-avia-related-tooltip='Compartir en Twitter' rel=\"noopener\"><span class='avia_hidden_link_text'>Compartir en Twitter<\/span><\/a><\/li><li class='av-share-link av-social-link-whatsapp' ><a target=\"_blank\" aria-label=\"Compartir en Whatsapp\" href='https:\/\/api.whatsapp.com\/send?text=https:\/\/radiorevelacionfm.cl\/?p=45125' aria-hidden='false' data-av_icon='\uf232' data-av_iconfont='entypo-fontello' title='' data-avia-related-tooltip='Compartir en Whatsapp' rel=\"noopener\"><span class='avia_hidden_link_text'>Compartir en Whatsapp<\/span><\/a><\/li><li class='av-share-link av-social-link-linkedin' ><a target=\"_blank\" aria-label=\"Compartir en LinkedIn\" href='https:\/\/linkedin.com\/shareArticle?mini=true&#038;title=S%C3%A9ptimo%20Festival%20Confluencia%20elegir%C3%A1%20representante%20de%20Ays%C3%A9n%20para%20el%20Rock%C3%B3dromo%20de%20Valpara%C3%ADso&#038;url=https:\/\/radiorevelacionfm.cl\/?p=45125' aria-hidden='false' data-av_icon='\ue8fc' data-av_iconfont='entypo-fontello' title='' data-avia-related-tooltip='Compartir en LinkedIn' rel=\"noopener\"><span class='avia_hidden_link_text'>Compartir en LinkedIn<\/span><\/a><\/li><li class='av-share-link av-social-link-mail' ><a  aria-label=\"Compartir por correo\" href='mailto:?subject=S%C3%A9ptimo%20Festival%20Confluencia%20elegir%C3%A1%20representante%20de%20Ays%C3%A9n%20para%20el%20Rock%C3%B3dromo%20de%20Valpara%C3%ADso&#038;body=https:\/\/radiorevelacionfm.cl\/?p=45125' aria-hidden='false' data-av_icon='\ue805' data-av_iconfont='entypo-fontello' title='' data-avia-related-tooltip='Compartir por correo'><span class='avia_hidden_link_text'>Compartir por correo<\/span><\/a><\/li><\/ul><\/div><\/div>\n<div  style='height:50px' class='hr hr-invisible   avia-builder-el-8  el_after_av_social_share  el_before_av_comments_list '><span class='hr-inner ' ><span class='hr-inner-style'><\/span><\/span><\/div>\n<div  class='av-buildercomment  av-blog-meta-html-info-disabled av-blog-meta-tag-disabled  '><\/div>\n","protected":false},"excerpt":{"rendered":"","protected":false},"author":1,"featured_media":45126,"comment_status":"open","ping_status":"open","sticky":false,"template":"","format":"standard","meta":{"footnotes":""},"categories":[52],"tags":[],"class_list":["post-45125","post","type-post","status-publish","format-standard","has-post-thumbnail","hentry","category-cultura"],"jetpack_featured_media_url":"https:\/\/radiorevelacionfm.cl\/wp-content\/uploads\/2024\/08\/confluencia-1-1_optimized.jpg","_links":{"self":[{"href":"https:\/\/radiorevelacionfm.cl\/index.php?rest_route=\/wp\/v2\/posts\/45125","targetHints":{"allow":["GET"]}}],"collection":[{"href":"https:\/\/radiorevelacionfm.cl\/index.php?rest_route=\/wp\/v2\/posts"}],"about":[{"href":"https:\/\/radiorevelacionfm.cl\/index.php?rest_route=\/wp\/v2\/types\/post"}],"author":[{"embeddable":true,"href":"https:\/\/radiorevelacionfm.cl\/index.php?rest_route=\/wp\/v2\/users\/1"}],"replies":[{"embeddable":true,"href":"https:\/\/radiorevelacionfm.cl\/index.php?rest_route=%2Fwp%2Fv2%2Fcomments&post=45125"}],"version-history":[{"count":1,"href":"https:\/\/radiorevelacionfm.cl\/index.php?rest_route=\/wp\/v2\/posts\/45125\/revisions"}],"predecessor-version":[{"id":45127,"href":"https:\/\/radiorevelacionfm.cl\/index.php?rest_route=\/wp\/v2\/posts\/45125\/revisions\/45127"}],"wp:featuredmedia":[{"embeddable":true,"href":"https:\/\/radiorevelacionfm.cl\/index.php?rest_route=\/wp\/v2\/media\/45126"}],"wp:attachment":[{"href":"https:\/\/radiorevelacionfm.cl\/index.php?rest_route=%2Fwp%2Fv2%2Fmedia&parent=45125"}],"wp:term":[{"taxonomy":"category","embeddable":true,"href":"https:\/\/radiorevelacionfm.cl\/index.php?rest_route=%2Fwp%2Fv2%2Fcategories&post=45125"},{"taxonomy":"post_tag","embeddable":true,"href":"https:\/\/radiorevelacionfm.cl\/index.php?rest_route=%2Fwp%2Fv2%2Ftags&post=45125"}],"curies":[{"name":"wp","href":"https:\/\/api.w.org\/{rel}","templated":true}]}}