{"id":45123,"date":"2024-08-14T16:46:31","date_gmt":"2024-08-14T19:46:31","guid":{"rendered":"https:\/\/radiorevelacionfm.cl\/?p=45123"},"modified":"2024-08-14T16:46:31","modified_gmt":"2024-08-14T19:46:31","slug":"tres-agrupaciones-de-aysen-son-favorecidas-con-el-fondo-de-fortalecimiento-para-organizaciones-patrimoniales","status":"publish","type":"post","link":"https:\/\/radiorevelacionfm.cl\/?p=45123","title":{"rendered":"Tres agrupaciones de Ays\u00e9n son favorecidas con el Fondo de Fortalecimiento para Organizaciones Patrimoniales"},"content":{"rendered":"<div class=\"flex_column av_one_full  flex_column_div av-zero-column-padding first  avia-builder-el-0  el_before_av_one_full  avia-builder-el-first  \" style='border-radius:0px; '><div  class='avia-image-container  av-styling-    avia-builder-el-1  avia-builder-el-no-sibling  avia-align-center '  itemprop=\"image\" itemscope=\"itemscope\" itemtype=\"https:\/\/schema.org\/ImageObject\"  ><div class='avia-image-container-inner'><div class='avia-image-overlay-wrap'><img decoding=\"async\" class='wp-image-45170 avia-img-lazy-loading-not-45170 avia_image' src=\"https:\/\/radiorevelacionfm.cl\/wp-content\/uploads\/2024\/08\/aysen-mira-al-mar-1_optimized-1_optimized-1.jpg\" alt='' title='ays\u00e9n-mira-al-mar-(1)_optimized-(1)_optimized (1)' height=\"600\" width=\"865\"  itemprop=\"thumbnailUrl\" srcset=\"https:\/\/radiorevelacionfm.cl\/wp-content\/uploads\/2024\/08\/aysen-mira-al-mar-1_optimized-1_optimized-1.jpg 865w, https:\/\/radiorevelacionfm.cl\/wp-content\/uploads\/2024\/08\/aysen-mira-al-mar-1_optimized-1_optimized-1-300x208.jpg 300w, https:\/\/radiorevelacionfm.cl\/wp-content\/uploads\/2024\/08\/aysen-mira-al-mar-1_optimized-1_optimized-1-768x533.jpg 768w, https:\/\/radiorevelacionfm.cl\/wp-content\/uploads\/2024\/08\/aysen-mira-al-mar-1_optimized-1_optimized-1-705x489.jpg 705w, https:\/\/radiorevelacionfm.cl\/wp-content\/uploads\/2024\/08\/aysen-mira-al-mar-1_optimized-1_optimized-1-450x312.jpg 450w, https:\/\/radiorevelacionfm.cl\/wp-content\/uploads\/2024\/08\/aysen-mira-al-mar-1_optimized-1_optimized-1-600x416.jpg 600w\" sizes=\"(max-width: 865px) 100vw, 865px\" \/><\/div><\/div><\/div><\/div><div class=\"flex_column av_one_full  flex_column_div av-zero-column-padding first  avia-builder-el-2  el_after_av_one_full  el_before_av_one_full  column-top-margin\" style='border-radius:0px; '><section class=\"av_textblock_section \"  itemscope=\"itemscope\" itemtype=\"https:\/\/schema.org\/BlogPosting\" itemprop=\"blogPost\" ><div class='avia_textblock  '   itemprop=\"text\" ><p style=\"text-align: center;\"><strong><span style=\"font-size: 18pt;\">Tres agrupaciones de Ays\u00e9n son favorecidas con el Fondo de Fortalecimiento para Organizaciones Patrimoniales<\/span><\/strong><\/p>\n<div id=\"gtx-trans\" style=\"position: absolute; left: -50px; top: 4.31534px;\">\n<div class=\"gtx-trans-icon\"><\/div>\n<\/div>\n<\/div><\/section><\/div><\/p>\n<div class=\"flex_column av_one_full  flex_column_div av-zero-column-padding first  avia-builder-el-4  el_after_av_one_full  el_before_av_hr  column-top-margin\" style='border-radius:0px; '><section class=\"av_textblock_section \"  itemscope=\"itemscope\" itemtype=\"https:\/\/schema.org\/BlogPosting\" itemprop=\"blogPost\" ><div class='avia_textblock  '   itemprop=\"text\" ><p style=\"text-align: justify;\">Los resultados de esta convocatoria distinguieron a organizaciones dedicadas al quehacer patrimonial, provenientes de 13 regiones de Chile, las que recibir\u00e1n un financiamiento total de $1.597.590.675.<\/p>\n<p style=\"text-align: justify;\">Las entidades beneficiadas en nuestra regi\u00f3n son: Fundaci\u00f3n Ays\u00e9n Mira al Mar, Corporaci\u00f3n Puerto Cristal y Corporaci\u00f3n Memoria Austral.<\/p>\n<p style=\"text-align: justify;\">Gracias a este fondo, las organizaciones beneficiadas podr\u00e1n continuar con sus labores de rescate, recuperaci\u00f3n, conservaci\u00f3n, puesta en valor y difusi\u00f3n del patrimonio cultural. Las entidades seleccionadas son todas privadas y sin fines de lucro, a las que se le otorgar\u00e1n recursos para desarrollar sus actividades de fortalecimiento, a trav\u00e9s del financiamiento de gastos de personal y operaciones.<\/p>\n<p style=\"text-align: justify;\">La Subdirectora de Fomento y Gesti\u00f3n Patrimonial, Priscila Barahona Albornoz, se\u00f1al\u00f3 que \u201clos recursos asignados son un aporte esencial para estas organizaciones, pues contribuyen a impulsar la labor patrimonial que desarrollan y entregar mejores servicios a sus usuarias y usuarios\u201d.<\/p>\n<p style=\"text-align: justify;\">El proceso de convocatoria recibi\u00f3 71 postulaciones, de los cuales 59 pasaron a la siguiente etapa de evaluaci\u00f3n. Tras una rigurosa revisi\u00f3n y calificaci\u00f3n de las propuestas, el jurado seleccion\u00f3 49 iniciativas, dej\u00f3 8 en lista de espera y 1 fuera de bases. Adem\u00e1s, 1 plan de trabajo fue considerado no elegible.<\/p>\n<p style=\"text-align: justify;\">Para obtener m\u00e1s detalles sobre las organizaciones seleccionadas en todo el pa\u00eds, se puede revisar el siguiente link <a href=\"https:\/\/www.sfgp.gob.cl\/noticias\/fondo-de-fortalecimiento-para-organizaciones-patrimoniales-beneficiara-49-entidades-con\">https:\/\/www.sfgp.gob.cl\/noticias\/fondo-de-fortalecimiento-para-organizaciones-patrimoniales-beneficiara-49-entidades-con<\/a><\/p>\n<\/div><\/section><\/div>\n<div  style='height:50px' class='hr hr-invisible   avia-builder-el-6  el_after_av_one_full  el_before_av_social_share '><span class='hr-inner ' ><span class='hr-inner-style'><\/span><\/span><\/div>\n<div  class='av-social-sharing-box  avia-builder-el-7  el_after_av_hr  el_before_av_hr  '><div class='av-share-box'><h5 class='av-share-link-description av-no-toc '>Compartir esta noticia<\/h5><ul class='av-share-box-list noLightbox'><li class='av-share-link av-social-link-facebook' ><a target=\"_blank\" aria-label=\"Compartir en Facebook\" href='https:\/\/www.facebook.com\/sharer.php?u=https:\/\/radiorevelacionfm.cl\/?p=45123&#038;t=Tres%20agrupaciones%20de%20Ays%C3%A9n%20son%20favorecidas%20con%20el%20Fondo%20de%20Fortalecimiento%20para%20Organizaciones%20Patrimoniales' aria-hidden='false' data-av_icon='\ue8f3' data-av_iconfont='entypo-fontello' title='' data-avia-related-tooltip='Compartir en Facebook' rel=\"noopener\"><span class='avia_hidden_link_text'>Compartir en Facebook<\/span><\/a><\/li><li class='av-share-link av-social-link-twitter' ><a target=\"_blank\" aria-label=\"Compartir en Twitter\" href='https:\/\/twitter.com\/share?text=Tres%20agrupaciones%20de%20Ays%C3%A9n%20son%20favorecidas%20con%20el%20Fondo%20de%20Fortalecimiento%20para%20Organizaciones%20Patrimoniales&#038;url=https:\/\/radiorevelacionfm.cl\/?p=45123' aria-hidden='false' data-av_icon='\ue8f1' data-av_iconfont='entypo-fontello' title='' data-avia-related-tooltip='Compartir en Twitter' rel=\"noopener\"><span class='avia_hidden_link_text'>Compartir en Twitter<\/span><\/a><\/li><li class='av-share-link av-social-link-whatsapp' ><a target=\"_blank\" aria-label=\"Compartir en Whatsapp\" href='https:\/\/api.whatsapp.com\/send?text=https:\/\/radiorevelacionfm.cl\/?p=45123' aria-hidden='false' data-av_icon='\uf232' data-av_iconfont='entypo-fontello' title='' data-avia-related-tooltip='Compartir en Whatsapp' rel=\"noopener\"><span class='avia_hidden_link_text'>Compartir en Whatsapp<\/span><\/a><\/li><li class='av-share-link av-social-link-linkedin' ><a target=\"_blank\" aria-label=\"Compartir en LinkedIn\" href='https:\/\/linkedin.com\/shareArticle?mini=true&#038;title=Tres%20agrupaciones%20de%20Ays%C3%A9n%20son%20favorecidas%20con%20el%20Fondo%20de%20Fortalecimiento%20para%20Organizaciones%20Patrimoniales&#038;url=https:\/\/radiorevelacionfm.cl\/?p=45123' aria-hidden='false' data-av_icon='\ue8fc' data-av_iconfont='entypo-fontello' title='' data-avia-related-tooltip='Compartir en LinkedIn' rel=\"noopener\"><span class='avia_hidden_link_text'>Compartir en LinkedIn<\/span><\/a><\/li><li class='av-share-link av-social-link-mail' ><a  aria-label=\"Compartir por correo\" href='mailto:?subject=Tres%20agrupaciones%20de%20Ays%C3%A9n%20son%20favorecidas%20con%20el%20Fondo%20de%20Fortalecimiento%20para%20Organizaciones%20Patrimoniales&#038;body=https:\/\/radiorevelacionfm.cl\/?p=45123' aria-hidden='false' data-av_icon='\ue805' data-av_iconfont='entypo-fontello' title='' data-avia-related-tooltip='Compartir por correo'><span class='avia_hidden_link_text'>Compartir por correo<\/span><\/a><\/li><\/ul><\/div><\/div>\n<div  style='height:50px' class='hr hr-invisible   avia-builder-el-8  el_after_av_social_share  el_before_av_comments_list '><span class='hr-inner ' ><span class='hr-inner-style'><\/span><\/span><\/div>\n<div  class='av-buildercomment  av-blog-meta-html-info-disabled av-blog-meta-tag-disabled  '><\/div>\n","protected":false},"excerpt":{"rendered":"","protected":false},"author":1,"featured_media":45170,"comment_status":"open","ping_status":"open","sticky":false,"template":"","format":"standard","meta":{"footnotes":""},"categories":[38],"tags":[],"class_list":["post-45123","post","type-post","status-publish","format-standard","has-post-thumbnail","hentry","category-regional"],"jetpack_featured_media_url":"https:\/\/radiorevelacionfm.cl\/wp-content\/uploads\/2024\/08\/aysen-mira-al-mar-1_optimized-1_optimized-1.jpg","_links":{"self":[{"href":"https:\/\/radiorevelacionfm.cl\/index.php?rest_route=\/wp\/v2\/posts\/45123","targetHints":{"allow":["GET"]}}],"collection":[{"href":"https:\/\/radiorevelacionfm.cl\/index.php?rest_route=\/wp\/v2\/posts"}],"about":[{"href":"https:\/\/radiorevelacionfm.cl\/index.php?rest_route=\/wp\/v2\/types\/post"}],"author":[{"embeddable":true,"href":"https:\/\/radiorevelacionfm.cl\/index.php?rest_route=\/wp\/v2\/users\/1"}],"replies":[{"embeddable":true,"href":"https:\/\/radiorevelacionfm.cl\/index.php?rest_route=%2Fwp%2Fv2%2Fcomments&post=45123"}],"version-history":[{"count":2,"href":"https:\/\/radiorevelacionfm.cl\/index.php?rest_route=\/wp\/v2\/posts\/45123\/revisions"}],"predecessor-version":[{"id":45171,"href":"https:\/\/radiorevelacionfm.cl\/index.php?rest_route=\/wp\/v2\/posts\/45123\/revisions\/45171"}],"wp:featuredmedia":[{"embeddable":true,"href":"https:\/\/radiorevelacionfm.cl\/index.php?rest_route=\/wp\/v2\/media\/45170"}],"wp:attachment":[{"href":"https:\/\/radiorevelacionfm.cl\/index.php?rest_route=%2Fwp%2Fv2%2Fmedia&parent=45123"}],"wp:term":[{"taxonomy":"category","embeddable":true,"href":"https:\/\/radiorevelacionfm.cl\/index.php?rest_route=%2Fwp%2Fv2%2Fcategories&post=45123"},{"taxonomy":"post_tag","embeddable":true,"href":"https:\/\/radiorevelacionfm.cl\/index.php?rest_route=%2Fwp%2Fv2%2Ftags&post=45123"}],"curies":[{"name":"wp","href":"https:\/\/api.w.org\/{rel}","templated":true}]}}