{"id":45120,"date":"2024-08-13T14:35:22","date_gmt":"2024-08-13T17:35:22","guid":{"rendered":"https:\/\/radiorevelacionfm.cl\/?p=45120"},"modified":"2024-08-13T14:35:22","modified_gmt":"2024-08-13T17:35:22","slug":"en-fiscalizacion-aerea-sernapesca-identifico-playa-con-presencia-de-desechos-acuicolas-y-ocupacion-ilegal-en-aysen","status":"publish","type":"post","link":"https:\/\/radiorevelacionfm.cl\/?p=45120","title":{"rendered":"En fiscalizaci\u00f3n a\u00e9rea Sernapesca identific\u00f3 playa con presencia de desechos acu\u00edcolas y ocupaci\u00f3n ilegal en Ays\u00e9n"},"content":{"rendered":"<div class=\"flex_column av_one_full  flex_column_div av-zero-column-padding first  avia-builder-el-0  el_before_av_one_full  avia-builder-el-first  \" style='border-radius:0px; '><div  class='avia-image-container  av-styling-    avia-builder-el-1  avia-builder-el-no-sibling  avia-align-center '  itemprop=\"image\" itemscope=\"itemscope\" itemtype=\"https:\/\/schema.org\/ImageObject\"  ><div class='avia-image-container-inner'><div class='avia-image-overlay-wrap'><img decoding=\"async\" class='wp-image-45121 avia-img-lazy-loading-not-45121 avia_image' src=\"https:\/\/radiorevelacionfm.cl\/wp-content\/uploads\/2024\/08\/9-_1_-1_optimized-1.jpg\" alt='' title='9-_1_-(1)_optimized (1)' height=\"600\" width=\"901\"  itemprop=\"thumbnailUrl\" srcset=\"https:\/\/radiorevelacionfm.cl\/wp-content\/uploads\/2024\/08\/9-_1_-1_optimized-1.jpg 901w, https:\/\/radiorevelacionfm.cl\/wp-content\/uploads\/2024\/08\/9-_1_-1_optimized-1-300x200.jpg 300w, https:\/\/radiorevelacionfm.cl\/wp-content\/uploads\/2024\/08\/9-_1_-1_optimized-1-768x511.jpg 768w, https:\/\/radiorevelacionfm.cl\/wp-content\/uploads\/2024\/08\/9-_1_-1_optimized-1-705x469.jpg 705w, https:\/\/radiorevelacionfm.cl\/wp-content\/uploads\/2024\/08\/9-_1_-1_optimized-1-450x300.jpg 450w, https:\/\/radiorevelacionfm.cl\/wp-content\/uploads\/2024\/08\/9-_1_-1_optimized-1-600x400.jpg 600w\" sizes=\"(max-width: 901px) 100vw, 901px\" \/><\/div><\/div><\/div><\/div><div class=\"flex_column av_one_full  flex_column_div av-zero-column-padding first  avia-builder-el-2  el_after_av_one_full  el_before_av_one_full  column-top-margin\" style='border-radius:0px; '><section class=\"av_textblock_section \"  itemscope=\"itemscope\" itemtype=\"https:\/\/schema.org\/BlogPosting\" itemprop=\"blogPost\" ><div class='avia_textblock  '   itemprop=\"text\" ><p style=\"text-align: center;\"><strong><span style=\"font-size: 18pt;\">En fiscalizaci\u00f3n a\u00e9rea Sernapesca identific\u00f3 playa con presencia de desechos acu\u00edcolas y ocupaci\u00f3n ilegal en Ays\u00e9n<\/span><\/strong><\/p>\n<div id=\"gtx-trans\" style=\"position: absolute; left: -50px; top: 4.31534px;\">\n<div class=\"gtx-trans-icon\"><\/div>\n<\/div>\n<\/div><\/section><\/div><div class=\"flex_column av_one_full  flex_column_div av-zero-column-padding first  avia-builder-el-4  el_after_av_one_full  el_before_av_hr  column-top-margin\" style='border-radius:0px; '><section class=\"av_textblock_section \"  itemscope=\"itemscope\" itemtype=\"https:\/\/schema.org\/BlogPosting\" itemprop=\"blogPost\" ><div class='avia_textblock  '   itemprop=\"text\" ><p style=\"font-weight: 400; text-align: justify;\">Desde el Servicio Nacional de Pesca y Acuicultura (Sernapesca) de la regi\u00f3n de Ays\u00e9n, se inform\u00f3 que, en seguimiento a la verificaci\u00f3n de puntos con presencia de desechos provenientes de la actividad acu\u00edcola y ocupaci\u00f3n ilegal, en respuesta a la denuncia realizada por el Comit\u00e9 Pro Defensa de la Flora y Fauna (CODEFF), pudieron confirmar la presencia de residuos en una de las playas se\u00f1aladas que restaba por verificar. Debido a que se encontraban en una zona de dif\u00edcil acceso, se realiz\u00f3 una inspecci\u00f3n a\u00e9rea que permiti\u00f3 corroborar la existencia de dichos residuos. Adem\u00e1s, lograron identificar 4 focos de basura que no est\u00e1n asociados a la actividad acu\u00edcola.<\/p>\n<p style=\"font-weight: 400; text-align: justify;\">Esto se suma a los anteriores hallazgos, donde de un total de 11 sectores denunciados por CODEFF, se hab\u00edan fiscalizado 5, verificando en 4 casos la presencia de residuos al 19 de julio pasado.\u00a0Daniela Leiva, directora regional de Ays\u00e9n, se refiri\u00f3 a las acciones que tomar\u00e1n como Servicio. \u201cA diferencia de los hallazgos anteriores que denunciamos a la Superintendencia de Medio Ambiente (SMA) y a la Autoridad Mar\u00edtima, \u00e9ste \u00faltimo hallazgo corresponde a una falta menor, por lo que notificamos a la empresa, c\u00f3mo indica la ley vigente, para que en un plazo de 10 d\u00edas retiren los desechos y limpien la playa. Quiero reiterar la obligaci\u00f3n por parte de las empresas a mantener las playas aleda\u00f1as a sus centros libres de contaminaci\u00f3n y desechos\u201d.<\/p>\n<p style=\"font-weight: 400; text-align: justify;\">En cuanto a la identificaci\u00f3n del punto donde hay ocupaci\u00f3n ilegal por parte de una empresa acu\u00edcola, es decir que se utiliza un espacio para fines que no est\u00e1n autorizados, el Servicio Nacional de Pesca y Acuicultura presentar\u00e1 la denuncia correspondiente.<\/p>\n<p style=\"font-weight: 400; text-align: justify;\">Adem\u00e1s se monitore\u00f3 la condici\u00f3n de funcionamiento general de 23 de centros de cultivo con el fin de complementar las fiscalizaciones que regulan el cumplimiento de los reglamentos ambientales y sanitarios de la Acuicultura.<\/p>\n<p style=\"font-weight: 400; text-align: justify;\">Durante la inspecci\u00f3n a\u00e9rea tambi\u00e9n particip\u00f3 un equipo de fiscalizaci\u00f3n pesquera de Sernapesca, para controlar a las embarcaciones artesanales que se encontraban operando en zona de pesca\u00a0sobre el recurso erizo. De un total de 31 embarcaciones avistadas, se identific\u00f3 a 25 pertenecientes a la regi\u00f3n de Los Lagos, de las cuales 13 se encontraban incumpliendo el acuerdo de Zonas Contiguas, debido a que no informaron su ingreso a Ays\u00e9n.<\/p>\n<p style=\"font-weight: 400; text-align: justify;\">La autoridad regional, adem\u00e1s, coment\u00f3 sobre los obst\u00e1culos que se presentaron durante el operativo. \u201cNos llama la atenci\u00f3n la obstaculizaci\u00f3n a la fiscalizaci\u00f3n que ocurre por parte de algunos agentes de la pesca artesanal, ya que tapan las matr\u00edculas y el nombre de la embarcaci\u00f3n, siendo importante destacar que dicha conducta ser\u00e1 denunciada ante el tribunal competente a objeto que los infractores sean condenados a una sanci\u00f3n mayor\u201d.<\/p>\n<\/div><\/section><\/div><div  style='height:50px' class='hr hr-invisible   avia-builder-el-6  el_after_av_one_full  el_before_av_social_share '><span class='hr-inner ' ><span class='hr-inner-style'><\/span><\/span><\/div><\/p>\n<div  class='av-social-sharing-box  avia-builder-el-7  el_after_av_hr  el_before_av_hr  '><div class='av-share-box'><h5 class='av-share-link-description av-no-toc '>Compartir esta noticia<\/h5><ul class='av-share-box-list noLightbox'><li class='av-share-link av-social-link-facebook' ><a target=\"_blank\" aria-label=\"Compartir en Facebook\" href='https:\/\/www.facebook.com\/sharer.php?u=https:\/\/radiorevelacionfm.cl\/?p=45120&#038;t=En%20fiscalizaci%C3%B3n%20a%C3%A9rea%20Sernapesca%20identific%C3%B3%20playa%20con%20presencia%20de%20desechos%20acu%C3%ADcolas%20y%20ocupaci%C3%B3n%20ilegal%20en%20Ays%C3%A9n' aria-hidden='false' data-av_icon='\ue8f3' data-av_iconfont='entypo-fontello' title='' data-avia-related-tooltip='Compartir en Facebook' rel=\"noopener\"><span class='avia_hidden_link_text'>Compartir en Facebook<\/span><\/a><\/li><li class='av-share-link av-social-link-twitter' ><a target=\"_blank\" aria-label=\"Compartir en Twitter\" href='https:\/\/twitter.com\/share?text=En%20fiscalizaci%C3%B3n%20a%C3%A9rea%20Sernapesca%20identific%C3%B3%20playa%20con%20presencia%20de%20desechos%20acu%C3%ADcolas%20y%20ocupaci%C3%B3n%20ilegal%20en%20Ays%C3%A9n&#038;url=https:\/\/radiorevelacionfm.cl\/?p=45120' aria-hidden='false' data-av_icon='\ue8f1' data-av_iconfont='entypo-fontello' title='' data-avia-related-tooltip='Compartir en Twitter' rel=\"noopener\"><span class='avia_hidden_link_text'>Compartir en Twitter<\/span><\/a><\/li><li class='av-share-link av-social-link-whatsapp' ><a target=\"_blank\" aria-label=\"Compartir en Whatsapp\" href='https:\/\/api.whatsapp.com\/send?text=https:\/\/radiorevelacionfm.cl\/?p=45120' aria-hidden='false' data-av_icon='\uf232' data-av_iconfont='entypo-fontello' title='' data-avia-related-tooltip='Compartir en Whatsapp' rel=\"noopener\"><span class='avia_hidden_link_text'>Compartir en Whatsapp<\/span><\/a><\/li><li class='av-share-link av-social-link-linkedin' ><a target=\"_blank\" aria-label=\"Compartir en LinkedIn\" href='https:\/\/linkedin.com\/shareArticle?mini=true&#038;title=En%20fiscalizaci%C3%B3n%20a%C3%A9rea%20Sernapesca%20identific%C3%B3%20playa%20con%20presencia%20de%20desechos%20acu%C3%ADcolas%20y%20ocupaci%C3%B3n%20ilegal%20en%20Ays%C3%A9n&#038;url=https:\/\/radiorevelacionfm.cl\/?p=45120' aria-hidden='false' data-av_icon='\ue8fc' data-av_iconfont='entypo-fontello' title='' data-avia-related-tooltip='Compartir en LinkedIn' rel=\"noopener\"><span class='avia_hidden_link_text'>Compartir en LinkedIn<\/span><\/a><\/li><li class='av-share-link av-social-link-mail' ><a  aria-label=\"Compartir por correo\" href='mailto:?subject=En%20fiscalizaci%C3%B3n%20a%C3%A9rea%20Sernapesca%20identific%C3%B3%20playa%20con%20presencia%20de%20desechos%20acu%C3%ADcolas%20y%20ocupaci%C3%B3n%20ilegal%20en%20Ays%C3%A9n&#038;body=https:\/\/radiorevelacionfm.cl\/?p=45120' aria-hidden='false' data-av_icon='\ue805' data-av_iconfont='entypo-fontello' title='' data-avia-related-tooltip='Compartir por correo'><span class='avia_hidden_link_text'>Compartir por correo<\/span><\/a><\/li><\/ul><\/div><\/div>\n<div  style='height:50px' class='hr hr-invisible   avia-builder-el-8  el_after_av_social_share  el_before_av_comments_list '><span class='hr-inner ' ><span class='hr-inner-style'><\/span><\/span><\/div>\n<div  class='av-buildercomment  av-blog-meta-html-info-disabled av-blog-meta-tag-disabled  '><\/div>\n","protected":false},"excerpt":{"rendered":"","protected":false},"author":1,"featured_media":45121,"comment_status":"open","ping_status":"open","sticky":false,"template":"","format":"standard","meta":{"footnotes":""},"categories":[60],"tags":[],"class_list":["post-45120","post","type-post","status-publish","format-standard","has-post-thumbnail","hentry","category-pesca"],"jetpack_featured_media_url":"https:\/\/radiorevelacionfm.cl\/wp-content\/uploads\/2024\/08\/9-_1_-1_optimized-1.jpg","_links":{"self":[{"href":"https:\/\/radiorevelacionfm.cl\/index.php?rest_route=\/wp\/v2\/posts\/45120","targetHints":{"allow":["GET"]}}],"collection":[{"href":"https:\/\/radiorevelacionfm.cl\/index.php?rest_route=\/wp\/v2\/posts"}],"about":[{"href":"https:\/\/radiorevelacionfm.cl\/index.php?rest_route=\/wp\/v2\/types\/post"}],"author":[{"embeddable":true,"href":"https:\/\/radiorevelacionfm.cl\/index.php?rest_route=\/wp\/v2\/users\/1"}],"replies":[{"embeddable":true,"href":"https:\/\/radiorevelacionfm.cl\/index.php?rest_route=%2Fwp%2Fv2%2Fcomments&post=45120"}],"version-history":[{"count":1,"href":"https:\/\/radiorevelacionfm.cl\/index.php?rest_route=\/wp\/v2\/posts\/45120\/revisions"}],"predecessor-version":[{"id":45122,"href":"https:\/\/radiorevelacionfm.cl\/index.php?rest_route=\/wp\/v2\/posts\/45120\/revisions\/45122"}],"wp:featuredmedia":[{"embeddable":true,"href":"https:\/\/radiorevelacionfm.cl\/index.php?rest_route=\/wp\/v2\/media\/45121"}],"wp:attachment":[{"href":"https:\/\/radiorevelacionfm.cl\/index.php?rest_route=%2Fwp%2Fv2%2Fmedia&parent=45120"}],"wp:term":[{"taxonomy":"category","embeddable":true,"href":"https:\/\/radiorevelacionfm.cl\/index.php?rest_route=%2Fwp%2Fv2%2Fcategories&post=45120"},{"taxonomy":"post_tag","embeddable":true,"href":"https:\/\/radiorevelacionfm.cl\/index.php?rest_route=%2Fwp%2Fv2%2Ftags&post=45120"}],"curies":[{"name":"wp","href":"https:\/\/api.w.org\/{rel}","templated":true}]}}