{"id":45117,"date":"2024-08-13T13:31:58","date_gmt":"2024-08-13T16:31:58","guid":{"rendered":"https:\/\/radiorevelacionfm.cl\/?p=45117"},"modified":"2024-08-13T13:31:58","modified_gmt":"2024-08-13T16:31:58","slug":"familias-la-de-comuna-de-aysen-destacan-acompanamiento-y-aprendizajes-gracias-a-programa-de-apoyo-a-la-seguridad-alimentaria","status":"publish","type":"post","link":"https:\/\/radiorevelacionfm.cl\/?p=45117","title":{"rendered":"Familias la de comuna de Ays\u00e9n destacan acompa\u00f1amiento y aprendizajes gracias a programa de Apoyo a la Seguridad Alimentaria"},"content":{"rendered":"<div class=\"flex_column av_one_full  flex_column_div av-zero-column-padding first  avia-builder-el-0  el_before_av_one_full  avia-builder-el-first  \" style='border-radius:0px; '><div  class='avia-image-container  av-styling-    avia-builder-el-1  avia-builder-el-no-sibling  avia-align-center '  itemprop=\"image\" itemscope=\"itemscope\" itemtype=\"https:\/\/schema.org\/ImageObject\"  ><div class='avia-image-container-inner'><div class='avia-image-overlay-wrap'><img decoding=\"async\" class='wp-image-45118 avia-img-lazy-loading-not-45118 avia_image' src=\"https:\/\/radiorevelacionfm.cl\/wp-content\/uploads\/2024\/08\/1ASA-Aysen-1-1.jpeg\" alt='' title='1ASA Ays\u00e9n (1) (1)' height=\"600\" width=\"1068\"  itemprop=\"thumbnailUrl\" srcset=\"https:\/\/radiorevelacionfm.cl\/wp-content\/uploads\/2024\/08\/1ASA-Aysen-1-1.jpeg 1068w, https:\/\/radiorevelacionfm.cl\/wp-content\/uploads\/2024\/08\/1ASA-Aysen-1-1-300x169.jpeg 300w, https:\/\/radiorevelacionfm.cl\/wp-content\/uploads\/2024\/08\/1ASA-Aysen-1-1-1030x579.jpeg 1030w, https:\/\/radiorevelacionfm.cl\/wp-content\/uploads\/2024\/08\/1ASA-Aysen-1-1-768x431.jpeg 768w, https:\/\/radiorevelacionfm.cl\/wp-content\/uploads\/2024\/08\/1ASA-Aysen-1-1-705x396.jpeg 705w, https:\/\/radiorevelacionfm.cl\/wp-content\/uploads\/2024\/08\/1ASA-Aysen-1-1-450x253.jpeg 450w, https:\/\/radiorevelacionfm.cl\/wp-content\/uploads\/2024\/08\/1ASA-Aysen-1-1-600x337.jpeg 600w\" sizes=\"(max-width: 1068px) 100vw, 1068px\" \/><\/div><\/div><\/div><\/div><div class=\"flex_column av_one_full  flex_column_div av-zero-column-padding first  avia-builder-el-2  el_after_av_one_full  el_before_av_one_full  column-top-margin\" style='border-radius:0px; '><section class=\"av_textblock_section \"  itemscope=\"itemscope\" itemtype=\"https:\/\/schema.org\/BlogPosting\" itemprop=\"blogPost\" ><div class='avia_textblock  '   itemprop=\"text\" ><p style=\"text-align: center;\"><strong><span style=\"font-size: 18pt;\">Familias la de comuna de Ays\u00e9n destacan acompa\u00f1amiento y aprendizajes gracias a programa de Apoyo a la Seguridad Alimentaria<\/span><\/strong><\/p>\n<div id=\"gtx-trans\" style=\"position: absolute; left: -50px; top: 4.31534px;\">\n<div class=\"gtx-trans-icon\"><\/div>\n<\/div>\n<\/div><\/section><\/div><div class=\"flex_column av_one_full  flex_column_div av-zero-column-padding first  avia-builder-el-4  el_after_av_one_full  el_before_av_hr  column-top-margin\" style='border-radius:0px; '><section class=\"av_textblock_section \"  itemscope=\"itemscope\" itemtype=\"https:\/\/schema.org\/BlogPosting\" itemprop=\"blogPost\" ><div class='avia_textblock  '   itemprop=\"text\" ><p style=\"text-align: justify;\"><em>La instancia permiti\u00f3 a 10 familias usuarias de Puerto Ays\u00e9n y Villa Ma\u00f1ihuales implementar tecnolog\u00edas para el autoconsumo y participar de talleres de alimentaci\u00f3n saludable, producci\u00f3n y conservaci\u00f3n de alimentos.<\/em><\/p>\n<p style=\"text-align: justify;\">El programa de Apoyo a la Seguridad Alimentaria, financiado por el Ministerio de Desarrollo Social y Familia, ejecutado por la Municipalidad de Ays\u00e9n y supervisado por el FOSIS; busca aumentar la seguridad alimentaria de las familias y personas pertenecientes al Subsistema Seguridades y Oportunidades, abordando la disponibilidad, acceso y utilizaci\u00f3n de alimentos, enfocados en el aporte a la salud, el conocimiento de la alimentaci\u00f3n y el acceso al agua.<\/p>\n<p style=\"text-align: justify;\">La instancia de cierre y certificaci\u00f3n, de las diez familias de la comuna de Ays\u00e9n que participaron en el programa, se llev\u00f3 a cabo en la Biblioteca Municipal de Puerto Ays\u00e9n y contempl\u00f3 un taller de alimentaci\u00f3n saludable impartido por profesionales del Equipo de Promoci\u00f3n de Atenci\u00f3n Primaria de Salud del CESFAM de la localidad.<\/p>\n<p style=\"text-align: justify;\">Aymara Torrealba, usuaria del programa de Apoyo a la Seguridad Alimentaria en Puerto Ays\u00e9n, valor\u00f3 positivamente su participaci\u00f3n en las distintas etapas del programa. \u201cEstoy muy agradecida del programa, nunca pens\u00e9 en haber estado en un programa as\u00ed ya que desde el inicio hasta hoy que es el final ha sido un programa s\u00faper colaborador, con harto apoyo. Yo no sab\u00eda nada de lo que era la siembra, ten\u00eda muchas intenciones de hacerlo y el programa ha sido una verdadera iniciativa de aprendizaje\u201d.<\/p>\n<p style=\"text-align: justify;\">La Seremi de Desarrollo Social y Familia, Karina Acevedo, enfatiz\u00f3 que \u201cel tiempo nos da cuenta de que efectivamente, la asistencia, el estar presente, el acompa\u00f1ar, el tener charlas de inducci\u00f3n, genera un v\u00ednculo y un aprovechamiento al m\u00e1ximo de los recursos de los espacios y los profesionales en beneficio de quienes participan de los programas. Y eso hace que estos programas sean realmente exitosos, es lo que constatamos en el tiempo, porque genera un cambio importante en las familias\u201d.<\/p>\n<p style=\"text-align: justify;\">Fernanda Leiva, Directora Regional del FOSIS, destac\u00f3 que \u201cen este proceso participaron diez familias de este programa y pudieron acceder a tecnolog\u00edas y conocimientos para implementar en sus viviendas invernaderos para cultivas y hacer crecer sus propias verduras y hierbas, contribuyendo a fomentar la alimentaci\u00f3n saludable, la autonom\u00eda y soberan\u00eda alimentaria. Vamos a seguir trabajando, como nos mandata este Gobierno, junto a los municipios en la convocatoria 2024 de este programa, para aumentar la seguridad alimentaria de las familias que m\u00e1s lo necesitan\u201d.<\/p>\n<p style=\"text-align: justify;\">El Administrador Municipal y representante de la Ilustre Municipalidad de Ays\u00e9n, \u00d3scar Azocar, agreg\u00f3 que \u201ces muy importante articular los diversos \u00f3rganos de administraci\u00f3n del estado para poder ejecutar este tipo de programas que vienen a ayudar a mejorar la alimentaci\u00f3n de las familias de la comuna. Estamos muy contentos y esperamos en el futuro seguir recibiendo el apoyo necesario de la Serem\u00eda para seguir ejecutando este programa\u201d.<\/p>\n<p style=\"text-align: justify;\">El programa de Apoyo a la Seguridad Alimentaria contempla talleres comunales para grupos de familias, sesiones familiares de asesor\u00eda y seguimiento, apoyo para producir y conservar alimentos, desarrollo de espacios comunitarios de autoproducci\u00f3n y material did\u00e1ctico y educativo.<\/p>\n<\/div><\/section><\/div><div  style='height:50px' class='hr hr-invisible   avia-builder-el-6  el_after_av_one_full  el_before_av_social_share '><span class='hr-inner ' ><span class='hr-inner-style'><\/span><\/span><\/div><\/p>\n<div  class='av-social-sharing-box  avia-builder-el-7  el_after_av_hr  el_before_av_hr  '><div class='av-share-box'><h5 class='av-share-link-description av-no-toc '>Compartir esta noticia<\/h5><ul class='av-share-box-list noLightbox'><li class='av-share-link av-social-link-facebook' ><a target=\"_blank\" aria-label=\"Compartir en Facebook\" href='https:\/\/www.facebook.com\/sharer.php?u=https:\/\/radiorevelacionfm.cl\/?p=45117&#038;t=Familias%20la%20de%20comuna%20de%20Ays%C3%A9n%20destacan%20acompa%C3%B1amiento%20y%20aprendizajes%20gracias%20a%20programa%20de%20Apoyo%20a%20la%20Seguridad%20Alimentaria' aria-hidden='false' data-av_icon='\ue8f3' data-av_iconfont='entypo-fontello' title='' data-avia-related-tooltip='Compartir en Facebook' rel=\"noopener\"><span class='avia_hidden_link_text'>Compartir en Facebook<\/span><\/a><\/li><li class='av-share-link av-social-link-twitter' ><a target=\"_blank\" aria-label=\"Compartir en Twitter\" href='https:\/\/twitter.com\/share?text=Familias%20la%20de%20comuna%20de%20Ays%C3%A9n%20destacan%20acompa%C3%B1amiento%20y%20aprendizajes%20gracias%20a%20programa%20de%20Apoyo%20a%20la%20Seguridad%20Alimentaria&#038;url=https:\/\/radiorevelacionfm.cl\/?p=45117' aria-hidden='false' data-av_icon='\ue8f1' data-av_iconfont='entypo-fontello' title='' data-avia-related-tooltip='Compartir en Twitter' rel=\"noopener\"><span class='avia_hidden_link_text'>Compartir en Twitter<\/span><\/a><\/li><li class='av-share-link av-social-link-whatsapp' ><a target=\"_blank\" aria-label=\"Compartir en Whatsapp\" href='https:\/\/api.whatsapp.com\/send?text=https:\/\/radiorevelacionfm.cl\/?p=45117' aria-hidden='false' data-av_icon='\uf232' data-av_iconfont='entypo-fontello' title='' data-avia-related-tooltip='Compartir en Whatsapp' rel=\"noopener\"><span class='avia_hidden_link_text'>Compartir en Whatsapp<\/span><\/a><\/li><li class='av-share-link av-social-link-linkedin' ><a target=\"_blank\" aria-label=\"Compartir en LinkedIn\" href='https:\/\/linkedin.com\/shareArticle?mini=true&#038;title=Familias%20la%20de%20comuna%20de%20Ays%C3%A9n%20destacan%20acompa%C3%B1amiento%20y%20aprendizajes%20gracias%20a%20programa%20de%20Apoyo%20a%20la%20Seguridad%20Alimentaria&#038;url=https:\/\/radiorevelacionfm.cl\/?p=45117' aria-hidden='false' data-av_icon='\ue8fc' data-av_iconfont='entypo-fontello' title='' data-avia-related-tooltip='Compartir en LinkedIn' rel=\"noopener\"><span class='avia_hidden_link_text'>Compartir en LinkedIn<\/span><\/a><\/li><li class='av-share-link av-social-link-mail' ><a  aria-label=\"Compartir por correo\" href='mailto:?subject=Familias%20la%20de%20comuna%20de%20Ays%C3%A9n%20destacan%20acompa%C3%B1amiento%20y%20aprendizajes%20gracias%20a%20programa%20de%20Apoyo%20a%20la%20Seguridad%20Alimentaria&#038;body=https:\/\/radiorevelacionfm.cl\/?p=45117' aria-hidden='false' data-av_icon='\ue805' data-av_iconfont='entypo-fontello' title='' data-avia-related-tooltip='Compartir por correo'><span class='avia_hidden_link_text'>Compartir por correo<\/span><\/a><\/li><\/ul><\/div><\/div>\n<div  style='height:50px' class='hr hr-invisible   avia-builder-el-8  el_after_av_social_share  el_before_av_comments_list '><span class='hr-inner ' ><span class='hr-inner-style'><\/span><\/span><\/div>\n<div  class='av-buildercomment  av-blog-meta-html-info-disabled av-blog-meta-tag-disabled  '><\/div>\n","protected":false},"excerpt":{"rendered":"","protected":false},"author":1,"featured_media":45118,"comment_status":"open","ping_status":"open","sticky":false,"template":"","format":"standard","meta":{"footnotes":""},"categories":[38],"tags":[],"class_list":["post-45117","post","type-post","status-publish","format-standard","has-post-thumbnail","hentry","category-regional"],"jetpack_featured_media_url":"https:\/\/radiorevelacionfm.cl\/wp-content\/uploads\/2024\/08\/1ASA-Aysen-1-1.jpeg","_links":{"self":[{"href":"https:\/\/radiorevelacionfm.cl\/index.php?rest_route=\/wp\/v2\/posts\/45117","targetHints":{"allow":["GET"]}}],"collection":[{"href":"https:\/\/radiorevelacionfm.cl\/index.php?rest_route=\/wp\/v2\/posts"}],"about":[{"href":"https:\/\/radiorevelacionfm.cl\/index.php?rest_route=\/wp\/v2\/types\/post"}],"author":[{"embeddable":true,"href":"https:\/\/radiorevelacionfm.cl\/index.php?rest_route=\/wp\/v2\/users\/1"}],"replies":[{"embeddable":true,"href":"https:\/\/radiorevelacionfm.cl\/index.php?rest_route=%2Fwp%2Fv2%2Fcomments&post=45117"}],"version-history":[{"count":1,"href":"https:\/\/radiorevelacionfm.cl\/index.php?rest_route=\/wp\/v2\/posts\/45117\/revisions"}],"predecessor-version":[{"id":45119,"href":"https:\/\/radiorevelacionfm.cl\/index.php?rest_route=\/wp\/v2\/posts\/45117\/revisions\/45119"}],"wp:featuredmedia":[{"embeddable":true,"href":"https:\/\/radiorevelacionfm.cl\/index.php?rest_route=\/wp\/v2\/media\/45118"}],"wp:attachment":[{"href":"https:\/\/radiorevelacionfm.cl\/index.php?rest_route=%2Fwp%2Fv2%2Fmedia&parent=45117"}],"wp:term":[{"taxonomy":"category","embeddable":true,"href":"https:\/\/radiorevelacionfm.cl\/index.php?rest_route=%2Fwp%2Fv2%2Fcategories&post=45117"},{"taxonomy":"post_tag","embeddable":true,"href":"https:\/\/radiorevelacionfm.cl\/index.php?rest_route=%2Fwp%2Fv2%2Ftags&post=45117"}],"curies":[{"name":"wp","href":"https:\/\/api.w.org\/{rel}","templated":true}]}}