{"id":45114,"date":"2024-08-13T13:34:52","date_gmt":"2024-08-13T16:34:52","guid":{"rendered":"https:\/\/radiorevelacionfm.cl\/?p=45114"},"modified":"2024-08-13T13:34:52","modified_gmt":"2024-08-13T16:34:52","slug":"rio-ibanez-fortalecera-la-gestion-de-riesgos-con-incorporacion-de-nuevo-profesional","status":"publish","type":"post","link":"https:\/\/radiorevelacionfm.cl\/?p=45114","title":{"rendered":"R\u00edo Ib\u00e1\u00f1ez fortalecer\u00e1 la gesti\u00f3n de riesgos con incorporaci\u00f3n de nuevo profesional"},"content":{"rendered":"<div class=\"flex_column av_one_full  flex_column_div av-zero-column-padding first  avia-builder-el-0  el_before_av_one_full  avia-builder-el-first  \" style='border-radius:0px; '><div  class='avia-image-container  av-styling-    avia-builder-el-1  avia-builder-el-no-sibling  avia-align-center '  itemprop=\"image\" itemscope=\"itemscope\" itemtype=\"https:\/\/schema.org\/ImageObject\"  ><div class='avia-image-container-inner'><div class='avia-image-overlay-wrap'><img decoding=\"async\" class='wp-image-45115 avia-img-lazy-loading-not-45115 avia_image' src=\"https:\/\/radiorevelacionfm.cl\/wp-content\/uploads\/2024\/08\/02-7-4_optimized.jpg\" alt='' title='02-(7)-(4)_optimized' height=\"600\" width=\"1066\"  itemprop=\"thumbnailUrl\" srcset=\"https:\/\/radiorevelacionfm.cl\/wp-content\/uploads\/2024\/08\/02-7-4_optimized.jpg 1066w, https:\/\/radiorevelacionfm.cl\/wp-content\/uploads\/2024\/08\/02-7-4_optimized-300x169.jpg 300w, https:\/\/radiorevelacionfm.cl\/wp-content\/uploads\/2024\/08\/02-7-4_optimized-1030x580.jpg 1030w, https:\/\/radiorevelacionfm.cl\/wp-content\/uploads\/2024\/08\/02-7-4_optimized-768x432.jpg 768w, https:\/\/radiorevelacionfm.cl\/wp-content\/uploads\/2024\/08\/02-7-4_optimized-705x397.jpg 705w, https:\/\/radiorevelacionfm.cl\/wp-content\/uploads\/2024\/08\/02-7-4_optimized-450x253.jpg 450w, https:\/\/radiorevelacionfm.cl\/wp-content\/uploads\/2024\/08\/02-7-4_optimized-600x338.jpg 600w\" sizes=\"(max-width: 1066px) 100vw, 1066px\" \/><\/div><\/div><\/div><\/div><div class=\"flex_column av_one_full  flex_column_div av-zero-column-padding first  avia-builder-el-2  el_after_av_one_full  el_before_av_one_full  column-top-margin\" style='border-radius:0px; '><section class=\"av_textblock_section \"  itemscope=\"itemscope\" itemtype=\"https:\/\/schema.org\/BlogPosting\" itemprop=\"blogPost\" ><div class='avia_textblock  '   itemprop=\"text\" ><p style=\"text-align: center;\"><strong><span style=\"font-size: 18pt;\">R\u00edo Ib\u00e1\u00f1ez fortalecer\u00e1 la gesti\u00f3n de riesgos con incorporaci\u00f3n de nuevo profesional<\/span><\/strong><\/p>\n<div id=\"gtx-trans\" style=\"position: absolute; left: -50px; top: 4.31534px;\">\n<div class=\"gtx-trans-icon\"><\/div>\n<\/div>\n<\/div><\/section><\/div><div class=\"flex_column av_one_full  flex_column_div av-zero-column-padding first  avia-builder-el-4  el_after_av_one_full  el_before_av_hr  column-top-margin\" style='border-radius:0px; '><section class=\"av_textblock_section \"  itemscope=\"itemscope\" itemtype=\"https:\/\/schema.org\/BlogPosting\" itemprop=\"blogPost\" ><div class='avia_textblock  '   itemprop=\"text\" ><p style=\"text-align: justify;\"><em>La comuna podr\u00e1 concretar esta contrataci\u00f3n luego de ser la \u00fanica en la Regi\u00f3n de Ays\u00e9n en adjudicarse fondos de un programa de Senapred. <\/em><\/p>\n<p style=\"text-align: justify;\">Concretando un significativo avance en el \u00e1rea preventiva, la I. Municipalidad de R\u00edo Ib\u00e1\u00f1ez ha sido la \u00fanica en la Regi\u00f3n de Ays\u00e9n en obtener recursos para la contrataci\u00f3n de un especialista en Gesti\u00f3n de Riesgos, tras la aprobaci\u00f3n de su postulaci\u00f3n al fondo concursable del Programa de Gesti\u00f3n del Riesgo de Desastres 2024.<\/p>\n<p style=\"text-align: justify;\">Este financiamiento, proveniente del Servicio Nacional de Prevenci\u00f3n y Respuesta ante Desastres (Senapred), propiciar\u00e1 la integraci\u00f3n de un t\u00e9cnico o profesional de nivel superior en la estructura municipal, con el objetivo de fortalecer la implementaci\u00f3n de los Instrumentos de Gesti\u00f3n del Riesgo de Desastres dentro del territorio de la comuna.<\/p>\n<p style=\"text-align: justify;\">Sobre la obtenci\u00f3n de estos vitales recursos, el alcalde de R\u00edo Ib\u00e1\u00f1ez, Juan Saldivia, expres\u00f3: \u00abEra fundamental contar con una persona con los conocimientos adecuados para mejorar nuestra capacidad de respuesta ante emergencias. Este logro es fruto del esfuerzo de nuestro equipo y nos permite ser m\u00e1s s\u00f3lidos a la hora de garantizar la seguridad de nuestra comunidad\u00bb.<\/p>\n<p style=\"text-align: justify;\">En tanto, el encargado comunal de emergencias de R\u00edo Ib\u00e1\u00f1ez, Jorge Godoy B\u00f3rquez, concluy\u00f3: \u201cMe siento muy orgulloso de ser el \u00fanico municipio en la regi\u00f3n que se adjudic\u00f3 esta importante iniciativa. Ahora, con este apoyo profesional, podremos dedicarle exclusividad al tema de emergencia en la comuna, lo que nos permitir\u00e1 visitar todas sus localidades y tener un catastro real de los puntos cr\u00edticos para generar las medidas de prevenci\u00f3n que se ameriten\u201d.<\/p>\n<\/div><\/section><\/div><div  style='height:50px' class='hr hr-invisible   avia-builder-el-6  el_after_av_one_full  el_before_av_social_share '><span class='hr-inner ' ><span class='hr-inner-style'><\/span><\/span><\/div><\/p>\n<div  class='av-social-sharing-box  avia-builder-el-7  el_after_av_hr  el_before_av_hr  '><div class='av-share-box'><h5 class='av-share-link-description av-no-toc '>Compartir esta noticia<\/h5><ul class='av-share-box-list noLightbox'><li class='av-share-link av-social-link-facebook' ><a target=\"_blank\" aria-label=\"Compartir en Facebook\" href='https:\/\/www.facebook.com\/sharer.php?u=https:\/\/radiorevelacionfm.cl\/?p=45114&#038;t=R%C3%ADo%20Ib%C3%A1%C3%B1ez%20fortalecer%C3%A1%20la%20gesti%C3%B3n%20de%20riesgos%20con%20incorporaci%C3%B3n%20de%20nuevo%20profesional' aria-hidden='false' data-av_icon='\ue8f3' data-av_iconfont='entypo-fontello' title='' data-avia-related-tooltip='Compartir en Facebook' rel=\"noopener\"><span class='avia_hidden_link_text'>Compartir en Facebook<\/span><\/a><\/li><li class='av-share-link av-social-link-twitter' ><a target=\"_blank\" aria-label=\"Compartir en Twitter\" href='https:\/\/twitter.com\/share?text=R%C3%ADo%20Ib%C3%A1%C3%B1ez%20fortalecer%C3%A1%20la%20gesti%C3%B3n%20de%20riesgos%20con%20incorporaci%C3%B3n%20de%20nuevo%20profesional&#038;url=https:\/\/radiorevelacionfm.cl\/?p=45114' aria-hidden='false' data-av_icon='\ue8f1' data-av_iconfont='entypo-fontello' title='' data-avia-related-tooltip='Compartir en Twitter' rel=\"noopener\"><span class='avia_hidden_link_text'>Compartir en Twitter<\/span><\/a><\/li><li class='av-share-link av-social-link-whatsapp' ><a target=\"_blank\" aria-label=\"Compartir en Whatsapp\" href='https:\/\/api.whatsapp.com\/send?text=https:\/\/radiorevelacionfm.cl\/?p=45114' aria-hidden='false' data-av_icon='\uf232' data-av_iconfont='entypo-fontello' title='' data-avia-related-tooltip='Compartir en Whatsapp' rel=\"noopener\"><span class='avia_hidden_link_text'>Compartir en Whatsapp<\/span><\/a><\/li><li class='av-share-link av-social-link-linkedin' ><a target=\"_blank\" aria-label=\"Compartir en LinkedIn\" href='https:\/\/linkedin.com\/shareArticle?mini=true&#038;title=R%C3%ADo%20Ib%C3%A1%C3%B1ez%20fortalecer%C3%A1%20la%20gesti%C3%B3n%20de%20riesgos%20con%20incorporaci%C3%B3n%20de%20nuevo%20profesional&#038;url=https:\/\/radiorevelacionfm.cl\/?p=45114' aria-hidden='false' data-av_icon='\ue8fc' data-av_iconfont='entypo-fontello' title='' data-avia-related-tooltip='Compartir en LinkedIn' rel=\"noopener\"><span class='avia_hidden_link_text'>Compartir en LinkedIn<\/span><\/a><\/li><li class='av-share-link av-social-link-mail' ><a  aria-label=\"Compartir por correo\" href='mailto:?subject=R%C3%ADo%20Ib%C3%A1%C3%B1ez%20fortalecer%C3%A1%20la%20gesti%C3%B3n%20de%20riesgos%20con%20incorporaci%C3%B3n%20de%20nuevo%20profesional&#038;body=https:\/\/radiorevelacionfm.cl\/?p=45114' aria-hidden='false' data-av_icon='\ue805' data-av_iconfont='entypo-fontello' title='' data-avia-related-tooltip='Compartir por correo'><span class='avia_hidden_link_text'>Compartir por correo<\/span><\/a><\/li><\/ul><\/div><\/div>\n<div  style='height:50px' class='hr hr-invisible   avia-builder-el-8  el_after_av_social_share  el_before_av_comments_list '><span class='hr-inner ' ><span class='hr-inner-style'><\/span><\/span><\/div>\n<div  class='av-buildercomment  av-blog-meta-html-info-disabled av-blog-meta-tag-disabled  '><\/div>\n","protected":false},"excerpt":{"rendered":"","protected":false},"author":1,"featured_media":45115,"comment_status":"open","ping_status":"open","sticky":false,"template":"","format":"standard","meta":{"footnotes":""},"categories":[38],"tags":[],"class_list":["post-45114","post","type-post","status-publish","format-standard","has-post-thumbnail","hentry","category-regional"],"jetpack_featured_media_url":"https:\/\/radiorevelacionfm.cl\/wp-content\/uploads\/2024\/08\/02-7-4_optimized.jpg","_links":{"self":[{"href":"https:\/\/radiorevelacionfm.cl\/index.php?rest_route=\/wp\/v2\/posts\/45114","targetHints":{"allow":["GET"]}}],"collection":[{"href":"https:\/\/radiorevelacionfm.cl\/index.php?rest_route=\/wp\/v2\/posts"}],"about":[{"href":"https:\/\/radiorevelacionfm.cl\/index.php?rest_route=\/wp\/v2\/types\/post"}],"author":[{"embeddable":true,"href":"https:\/\/radiorevelacionfm.cl\/index.php?rest_route=\/wp\/v2\/users\/1"}],"replies":[{"embeddable":true,"href":"https:\/\/radiorevelacionfm.cl\/index.php?rest_route=%2Fwp%2Fv2%2Fcomments&post=45114"}],"version-history":[{"count":1,"href":"https:\/\/radiorevelacionfm.cl\/index.php?rest_route=\/wp\/v2\/posts\/45114\/revisions"}],"predecessor-version":[{"id":45116,"href":"https:\/\/radiorevelacionfm.cl\/index.php?rest_route=\/wp\/v2\/posts\/45114\/revisions\/45116"}],"wp:featuredmedia":[{"embeddable":true,"href":"https:\/\/radiorevelacionfm.cl\/index.php?rest_route=\/wp\/v2\/media\/45115"}],"wp:attachment":[{"href":"https:\/\/radiorevelacionfm.cl\/index.php?rest_route=%2Fwp%2Fv2%2Fmedia&parent=45114"}],"wp:term":[{"taxonomy":"category","embeddable":true,"href":"https:\/\/radiorevelacionfm.cl\/index.php?rest_route=%2Fwp%2Fv2%2Fcategories&post=45114"},{"taxonomy":"post_tag","embeddable":true,"href":"https:\/\/radiorevelacionfm.cl\/index.php?rest_route=%2Fwp%2Fv2%2Ftags&post=45114"}],"curies":[{"name":"wp","href":"https:\/\/api.w.org\/{rel}","templated":true}]}}