{"id":4511,"date":"2021-05-25T20:30:43","date_gmt":"2021-05-25T23:30:43","guid":{"rendered":"https:\/\/radiorevelacionfm.cl\/?p=4511"},"modified":"2021-05-25T22:43:33","modified_gmt":"2021-05-26T01:43:33","slug":"instituto-de-seguridad-laboral-realiza-capacitaciones-e-incorpora-tramites-en-linea-en-creole","status":"publish","type":"post","link":"https:\/\/radiorevelacionfm.cl\/?p=4511","title":{"rendered":"Instituto de Seguridad Laboral realiza capacitaciones e incorpora tr\u00e1mites en l\u00ednea en cr\u00e9ole"},"content":{"rendered":"<div class=\"flex_column av_one_full  flex_column_div av-zero-column-padding first  avia-builder-el-0  el_before_av_one_full  avia-builder-el-first  \" style='border-radius:0px; '><div  class='avia-image-container  av-styling-    avia-builder-el-1  avia-builder-el-no-sibling  avia-align-center '  itemprop=\"image\" itemscope=\"itemscope\" itemtype=\"https:\/\/schema.org\/ImageObject\"  ><div class='avia-image-container-inner'><div class='avia-image-overlay-wrap'><img decoding=\"async\" class='wp-image-0 avia-img-lazy-loading-not-0 avia_image' src=\"https:\/\/radiorevelacionfm.cl\/wp-content\/uploads\/2021\/05\/26-de-mayo-prevencion-de-riesgos-covid-19-2-1_optimized.png\" alt='' title=''   itemprop=\"thumbnailUrl\"  \/><\/div><\/div><\/div><\/div><div class=\"flex_column av_one_full  flex_column_div av-zero-column-padding first  avia-builder-el-2  el_after_av_one_full  el_before_av_one_full  column-top-margin\" style='border-radius:0px; '><section class=\"av_textblock_section \"  itemscope=\"itemscope\" itemtype=\"https:\/\/schema.org\/BlogPosting\" itemprop=\"blogPost\" ><div class='avia_textblock  '   itemprop=\"text\" ><p style=\"text-align: center;\"><strong><span style=\"font-size: 18pt;\">Instituto de Seguridad Laboral realiza capacitaciones e incorpora tr\u00e1mites en l\u00ednea en cr\u00e9ole<\/span><\/strong><\/p>\n<div id=\"gtx-trans\" style=\"position: absolute; left: -50px; top: 4.31534px;\">\n<div class=\"gtx-trans-icon\"><\/div>\n<\/div>\n<\/div><\/section><\/div><\/p>\n<div class=\"flex_column av_one_full  flex_column_div av-zero-column-padding first  avia-builder-el-4  el_after_av_one_full  el_before_av_hr  column-top-margin\" style='border-radius:0px; '><section class=\"av_textblock_section \"  itemscope=\"itemscope\" itemtype=\"https:\/\/schema.org\/BlogPosting\" itemprop=\"blogPost\" ><div class='avia_textblock  '   itemprop=\"text\" ><div>\n<p class=\"v1MsoNormal\" style=\"text-align: justify;\">Con el prop\u00f3sito de difundir las tem\u00e1ticas de seguridad laboral entre los trabajadores\/as de origen haitiano de la Regi\u00f3n de Ays\u00e9n, el Instituto de Seguridad Laboral, ISL, est\u00e1 organizando capacitaciones en cr\u00e9ole\/espa\u00f1ol.<\/p>\n<p class=\"v1MsoNormal\" style=\"text-align: justify;\">La primera fue sobre la Ley 16.744 de seguro contra riesgos de accidentes del trabajo y enfermedades profesionales, donde los trabajadores de las empresas adheridas al ISL pudieron escuchar la charla y luego aclarar dudas en su propio idioma. La segunda charla de este ciclo, ser\u00e1 este mi\u00e9rcoles a las 16:00, la cual se transmitir\u00e1 tambi\u00e9n a trav\u00e9s de la plataforma Facebook de MintrabAys\u00e9n, donde quedar\u00e1 alojada para ser vista en cualquier momento.<\/p>\n<p class=\"v1MsoNormal\" style=\"text-align: justify;\">El Director Regional del ISL, Mario Garay, coment\u00f3 sobre el origen de esta iniciativa regional, que naci\u00f3 de la necesidad de llegar a las empresas adherentes y usuarios extranjeros con informaci\u00f3n de seguridad laboral, \u00abhemos dise\u00f1ado cursos en su idioma natal con la idea de poder acercar a estos trabajadores al funcionamiento legal, laboral y de seguridad en el trabajo. Invitamos este mi\u00e9rcoles 26 de mayo, a las 16:00 hrs. a participar del curso \u00abPrevenci\u00f3n de riesgos Covid 19. La solicitud para inscribirse puede hacerse a trav\u00e9s del correo electr\u00f3nico\u00a0<a href=\"mailto:aysen@isl.gob.cl\" rel=\"noreferrer\">aysen@isl.gob.cl<\/a>. Los esperamos\u00bb.<\/p>\n<p class=\"v1MsoNormal\" style=\"text-align: justify;\">A su vez, la Seremi del Trabajo y Previsi\u00f3n Social, se refiri\u00f3 a la difusi\u00f3n de las tem\u00e1ticas laborales en creole haitiano como una medida concreta de inclusi\u00f3n, \u00abEl Instituto de Seguridad Laboral est\u00e1 realizando un esfuerzo para entregar capacitaci\u00f3n en cr\u00e9ole haitiano e incluir en su p\u00e1gina web tr\u00e1mites en su idioma, una manera concreta de inclusi\u00f3n intercultural. Como Gobierno buscamos llegar de diversas maneras a la comunidad con apoyo, m\u00e1s a\u00fan cuando se trata de derechos y obligaciones laborales. Aqu\u00ed se combinan dos temas: la entrega de informaci\u00f3n sobre seguridad entre los trabajadores y la importancia de aclarar las dudas en su propio idioma a los trabajadores y trabajadoras de origen haitiano, que est\u00e1n en nuestra regi\u00f3n. Por ello, los invitamos a inscribirse en las capacitaciones del ISL, si son empresas adheridas a esta mutualidad del Estado o a seguir las transmisiones en vivo en nuestro Facebook MintrabAys\u00e9n, con lo cual tambi\u00e9n buscamos llegar a m\u00e1s trabajadores. Les dejamos abierta la invitaci\u00f3n y a estar atentos a m\u00e1s capacitaciones en los meses de junio y julio\u00bb, afirm\u00f3 la autoridad.<\/p>\n<p class=\"v1MsoNormal\" style=\"text-align: justify;\">Entre los tr\u00e1mites en l\u00ednea que se pueden realizar en la plataforma del ISL\u00a0<a href=\"http:\/\/www.isl.gob.cl\/\" target=\"_blank\" rel=\"noopener noreferrer\">www.isl.gob.cl<\/a>, est\u00e1n: asignaci\u00f3n familiar del ISL, Denuncia individual de Enfermedad Profesional (DIEP), Denuncia individual de Accidentes de Trabajo (DIAT) y Certificado de subsidios de incapacidad laboral pagados del ISL. Para ello, se debe pinchar la bandera haitiana que se encuentra en la parte derecha de la pantalla en la p\u00e1gina web.<\/p>\n<p class=\"v1MsoNormal\" style=\"text-align: justify;\">Tal como mencion\u00f3 la Seremi Ponce, durante junio y julio se estar\u00e1n dictando nuevos talleres con tem\u00e1ticas del \u00e1mbito laboral.<\/p>\n<\/div>\n<div style=\"text-align: justify;\"><\/div>\n<\/div><\/section><\/div>\n<div  style='height:50px' class='hr hr-invisible   avia-builder-el-6  el_after_av_one_full  el_before_av_social_share '><span class='hr-inner ' ><span class='hr-inner-style'><\/span><\/span><\/div>\n<div  class='av-social-sharing-box  avia-builder-el-7  el_after_av_hr  el_before_av_hr  '><div class='av-share-box'><h5 class='av-share-link-description av-no-toc '>Compartir esta noticia<\/h5><ul class='av-share-box-list noLightbox'><li class='av-share-link av-social-link-facebook' ><a target=\"_blank\" aria-label=\"Compartir en Facebook\" href='https:\/\/www.facebook.com\/sharer.php?u=https:\/\/radiorevelacionfm.cl\/?p=4511&#038;t=Instituto%20de%20Seguridad%20Laboral%20realiza%20capacitaciones%20e%20incorpora%20tr%C3%A1mites%20en%20l%C3%ADnea%20en%20cr%C3%A9ole' aria-hidden='false' data-av_icon='\ue8f3' data-av_iconfont='entypo-fontello' title='' data-avia-related-tooltip='Compartir en Facebook' rel=\"noopener\"><span class='avia_hidden_link_text'>Compartir en Facebook<\/span><\/a><\/li><li class='av-share-link av-social-link-twitter' ><a target=\"_blank\" aria-label=\"Compartir en Twitter\" href='https:\/\/twitter.com\/share?text=Instituto%20de%20Seguridad%20Laboral%20realiza%20capacitaciones%20e%20incorpora%20tr%C3%A1mites%20en%20l%C3%ADnea%20en%20cr%C3%A9ole&#038;url=https:\/\/radiorevelacionfm.cl\/?p=4511' aria-hidden='false' data-av_icon='\ue8f1' data-av_iconfont='entypo-fontello' title='' data-avia-related-tooltip='Compartir en Twitter' rel=\"noopener\"><span class='avia_hidden_link_text'>Compartir en Twitter<\/span><\/a><\/li><li class='av-share-link av-social-link-whatsapp' ><a target=\"_blank\" aria-label=\"Compartir en Whatsapp\" href='https:\/\/api.whatsapp.com\/send?text=https:\/\/radiorevelacionfm.cl\/?p=4511' aria-hidden='false' data-av_icon='\uf232' data-av_iconfont='entypo-fontello' title='' data-avia-related-tooltip='Compartir en Whatsapp' rel=\"noopener\"><span class='avia_hidden_link_text'>Compartir en Whatsapp<\/span><\/a><\/li><li class='av-share-link av-social-link-linkedin' ><a target=\"_blank\" aria-label=\"Compartir en LinkedIn\" href='https:\/\/linkedin.com\/shareArticle?mini=true&#038;title=Instituto%20de%20Seguridad%20Laboral%20realiza%20capacitaciones%20e%20incorpora%20tr%C3%A1mites%20en%20l%C3%ADnea%20en%20cr%C3%A9ole&#038;url=https:\/\/radiorevelacionfm.cl\/?p=4511' aria-hidden='false' data-av_icon='\ue8fc' data-av_iconfont='entypo-fontello' title='' data-avia-related-tooltip='Compartir en LinkedIn' rel=\"noopener\"><span class='avia_hidden_link_text'>Compartir en LinkedIn<\/span><\/a><\/li><li class='av-share-link av-social-link-mail' ><a  aria-label=\"Compartir por correo\" href='mailto:?subject=Instituto%20de%20Seguridad%20Laboral%20realiza%20capacitaciones%20e%20incorpora%20tr%C3%A1mites%20en%20l%C3%ADnea%20en%20cr%C3%A9ole&#038;body=https:\/\/radiorevelacionfm.cl\/?p=4511' aria-hidden='false' data-av_icon='\ue805' data-av_iconfont='entypo-fontello' title='' data-avia-related-tooltip='Compartir por correo'><span class='avia_hidden_link_text'>Compartir por correo<\/span><\/a><\/li><\/ul><\/div><\/div>\n<div  style='height:50px' class='hr hr-invisible   avia-builder-el-8  el_after_av_social_share  el_before_av_comments_list '><span class='hr-inner ' ><span class='hr-inner-style'><\/span><\/span><\/div>\n<div  class='av-buildercomment  av-blog-meta-html-info-disabled av-blog-meta-tag-disabled  '><\/div>\n","protected":false},"excerpt":{"rendered":"","protected":false},"author":1,"featured_media":0,"comment_status":"open","ping_status":"open","sticky":false,"template":"","format":"standard","meta":{"footnotes":""},"categories":[56],"tags":[],"class_list":["post-4511","post","type-post","status-publish","format-standard","hentry","category-trabajo"],"jetpack_featured_media_url":"","_links":{"self":[{"href":"https:\/\/radiorevelacionfm.cl\/index.php?rest_route=\/wp\/v2\/posts\/4511","targetHints":{"allow":["GET"]}}],"collection":[{"href":"https:\/\/radiorevelacionfm.cl\/index.php?rest_route=\/wp\/v2\/posts"}],"about":[{"href":"https:\/\/radiorevelacionfm.cl\/index.php?rest_route=\/wp\/v2\/types\/post"}],"author":[{"embeddable":true,"href":"https:\/\/radiorevelacionfm.cl\/index.php?rest_route=\/wp\/v2\/users\/1"}],"replies":[{"embeddable":true,"href":"https:\/\/radiorevelacionfm.cl\/index.php?rest_route=%2Fwp%2Fv2%2Fcomments&post=4511"}],"version-history":[{"count":2,"href":"https:\/\/radiorevelacionfm.cl\/index.php?rest_route=\/wp\/v2\/posts\/4511\/revisions"}],"predecessor-version":[{"id":4524,"href":"https:\/\/radiorevelacionfm.cl\/index.php?rest_route=\/wp\/v2\/posts\/4511\/revisions\/4524"}],"wp:attachment":[{"href":"https:\/\/radiorevelacionfm.cl\/index.php?rest_route=%2Fwp%2Fv2%2Fmedia&parent=4511"}],"wp:term":[{"taxonomy":"category","embeddable":true,"href":"https:\/\/radiorevelacionfm.cl\/index.php?rest_route=%2Fwp%2Fv2%2Fcategories&post=4511"},{"taxonomy":"post_tag","embeddable":true,"href":"https:\/\/radiorevelacionfm.cl\/index.php?rest_route=%2Fwp%2Fv2%2Ftags&post=4511"}],"curies":[{"name":"wp","href":"https:\/\/api.w.org\/{rel}","templated":true}]}}