{"id":45109,"date":"2024-08-13T11:26:52","date_gmt":"2024-08-13T14:26:52","guid":{"rendered":"https:\/\/radiorevelacionfm.cl\/?p=45109"},"modified":"2024-08-13T11:26:52","modified_gmt":"2024-08-13T14:26:52","slug":"invitan-a-la-gran-feria-productiva-festival-del-marmol-2024-de-puerto-rio-tranquilo","status":"publish","type":"post","link":"https:\/\/radiorevelacionfm.cl\/?p=45109","title":{"rendered":"Invitan a la \u201cGran Feria Productiva Festival del M\u00e1rmol 2024\u201d de Puerto R\u00edo Tranquilo"},"content":{"rendered":"<div class=\"flex_column av_one_full  flex_column_div av-zero-column-padding first  avia-builder-el-0  el_before_av_one_full  avia-builder-el-first  \" style='border-radius:0px; '><div  class='avia-image-container  av-styling-    avia-builder-el-1  avia-builder-el-no-sibling  avia-align-center '  itemprop=\"image\" itemscope=\"itemscope\" itemtype=\"https:\/\/schema.org\/ImageObject\"  ><div class='avia-image-container-inner'><div class='avia-image-overlay-wrap'><img decoding=\"async\" class='wp-image-45112 avia-img-lazy-loading-not-45112 avia_image' src=\"https:\/\/radiorevelacionfm.cl\/wp-content\/uploads\/2024\/08\/festivalmarmolpuertoriotranquilo-1-1_optimized-1_optimized-1.jpg\" alt='' title='festivalm\u00e1rmolpuertor\u00edotranquilo-(1)-(1)_optimized-(1)_optimized (1)' height=\"998\" width=\"798\"  itemprop=\"thumbnailUrl\" srcset=\"https:\/\/radiorevelacionfm.cl\/wp-content\/uploads\/2024\/08\/festivalmarmolpuertoriotranquilo-1-1_optimized-1_optimized-1.jpg 798w, https:\/\/radiorevelacionfm.cl\/wp-content\/uploads\/2024\/08\/festivalmarmolpuertoriotranquilo-1-1_optimized-1_optimized-1-240x300.jpg 240w, https:\/\/radiorevelacionfm.cl\/wp-content\/uploads\/2024\/08\/festivalmarmolpuertoriotranquilo-1-1_optimized-1_optimized-1-768x960.jpg 768w, https:\/\/radiorevelacionfm.cl\/wp-content\/uploads\/2024\/08\/festivalmarmolpuertoriotranquilo-1-1_optimized-1_optimized-1-564x705.jpg 564w, https:\/\/radiorevelacionfm.cl\/wp-content\/uploads\/2024\/08\/festivalmarmolpuertoriotranquilo-1-1_optimized-1_optimized-1-450x563.jpg 450w, https:\/\/radiorevelacionfm.cl\/wp-content\/uploads\/2024\/08\/festivalmarmolpuertoriotranquilo-1-1_optimized-1_optimized-1-600x750.jpg 600w\" sizes=\"(max-width: 798px) 100vw, 798px\" \/><\/div><\/div><\/div><\/div><div class=\"flex_column av_one_full  flex_column_div av-zero-column-padding first  avia-builder-el-2  el_after_av_one_full  el_before_av_one_full  column-top-margin\" style='border-radius:0px; '><section class=\"av_textblock_section \"  itemscope=\"itemscope\" itemtype=\"https:\/\/schema.org\/BlogPosting\" itemprop=\"blogPost\" ><div class='avia_textblock  '   itemprop=\"text\" ><p style=\"text-align: center;\"><strong><span style=\"font-size: 18pt;\">Invitan a la \u201cGran Feria Productiva Festival del M\u00e1rmol 2024\u201d de Puerto R\u00edo Tranquilo<\/span><\/strong><\/p>\n<div id=\"gtx-trans\" style=\"position: absolute; left: -50px; top: 4.31534px;\">\n<div class=\"gtx-trans-icon\"><\/div>\n<\/div>\n<\/div><\/section><\/div><div class=\"flex_column av_one_full  flex_column_div av-zero-column-padding first  avia-builder-el-4  el_after_av_one_full  el_before_av_hr  column-top-margin\" style='border-radius:0px; '><section class=\"av_textblock_section \"  itemscope=\"itemscope\" itemtype=\"https:\/\/schema.org\/BlogPosting\" itemprop=\"blogPost\" ><div class='avia_textblock  '   itemprop=\"text\" ><p style=\"text-align: justify;\">La comuna de R\u00edo Ib\u00e1\u00f1ez tendr\u00e1 un imperdible panorama para las familias de toda la regi\u00f3n con la realizaci\u00f3n de la \u201cGran Feria Productiva Festival del M\u00e1rmol 2024\u201d de Puerto R\u00edo Tranquilo, evento que reunir\u00e1 a artesanas\/os, emprendedores y productores locales en un imperdible encuentro.<\/p>\n<p style=\"text-align: justify;\">Esta actividad se desarrollar\u00e1 el s\u00e1bado 17 de agosto en el Gimnasio Municipal de dicha localidad, y contar\u00e1 con presentaciones de los grupos regionales C\u00f3digo de Barra y Los Camperos de Murta, y un gran show musical de cierre protagonizado por el destacado grupo nacional Los Charros de Lumaco.<\/p>\n<p style=\"text-align: justify;\">Cabe destacar que, esta iniciativa es financiada por el Gobierno Regional de Ays\u00e9n, en el marco del Programa de Fortalecimiento Productivo para la comuna de R\u00edo Ib\u00e1\u00f1ez 2024, que ejecuta la I. Municipalidad de R\u00edo Ib\u00e1\u00f1ez.<\/p>\n<p style=\"text-align: justify;\">Colaboran: AG de Mineros Artesanales en M\u00e1rmol del Carrera de Puerto R\u00edo Tranquilo, \u2060Club Deportivo, Social y Femenino Ventisquero, \u2060Club Francisco B\u00f3rquez Lagos y \u2060Club Adulto Mayor La Nueva Esperanza.<\/p>\n<\/div><\/section><\/div><div  style='height:50px' class='hr hr-invisible   avia-builder-el-6  el_after_av_one_full  el_before_av_social_share '><span class='hr-inner ' ><span class='hr-inner-style'><\/span><\/span><\/div><\/p>\n<div  class='av-social-sharing-box  avia-builder-el-7  el_after_av_hr  el_before_av_hr  '><div class='av-share-box'><h5 class='av-share-link-description av-no-toc '>Compartir esta noticia<\/h5><ul class='av-share-box-list noLightbox'><li class='av-share-link av-social-link-facebook' ><a target=\"_blank\" aria-label=\"Compartir en Facebook\" href='https:\/\/www.facebook.com\/sharer.php?u=https:\/\/radiorevelacionfm.cl\/?p=45109&#038;t=Invitan%20a%20la%20%E2%80%9CGran%20Feria%20Productiva%20Festival%20del%20M%C3%A1rmol%202024%E2%80%9D%20de%20Puerto%20R%C3%ADo%20Tranquilo' aria-hidden='false' data-av_icon='\ue8f3' data-av_iconfont='entypo-fontello' title='' data-avia-related-tooltip='Compartir en Facebook' rel=\"noopener\"><span class='avia_hidden_link_text'>Compartir en Facebook<\/span><\/a><\/li><li class='av-share-link av-social-link-twitter' ><a target=\"_blank\" aria-label=\"Compartir en Twitter\" href='https:\/\/twitter.com\/share?text=Invitan%20a%20la%20%E2%80%9CGran%20Feria%20Productiva%20Festival%20del%20M%C3%A1rmol%202024%E2%80%9D%20de%20Puerto%20R%C3%ADo%20Tranquilo&#038;url=https:\/\/radiorevelacionfm.cl\/?p=45109' aria-hidden='false' data-av_icon='\ue8f1' data-av_iconfont='entypo-fontello' title='' data-avia-related-tooltip='Compartir en Twitter' rel=\"noopener\"><span class='avia_hidden_link_text'>Compartir en Twitter<\/span><\/a><\/li><li class='av-share-link av-social-link-whatsapp' ><a target=\"_blank\" aria-label=\"Compartir en Whatsapp\" href='https:\/\/api.whatsapp.com\/send?text=https:\/\/radiorevelacionfm.cl\/?p=45109' aria-hidden='false' data-av_icon='\uf232' data-av_iconfont='entypo-fontello' title='' data-avia-related-tooltip='Compartir en Whatsapp' rel=\"noopener\"><span class='avia_hidden_link_text'>Compartir en Whatsapp<\/span><\/a><\/li><li class='av-share-link av-social-link-linkedin' ><a target=\"_blank\" aria-label=\"Compartir en LinkedIn\" href='https:\/\/linkedin.com\/shareArticle?mini=true&#038;title=Invitan%20a%20la%20%E2%80%9CGran%20Feria%20Productiva%20Festival%20del%20M%C3%A1rmol%202024%E2%80%9D%20de%20Puerto%20R%C3%ADo%20Tranquilo&#038;url=https:\/\/radiorevelacionfm.cl\/?p=45109' aria-hidden='false' data-av_icon='\ue8fc' data-av_iconfont='entypo-fontello' title='' data-avia-related-tooltip='Compartir en LinkedIn' rel=\"noopener\"><span class='avia_hidden_link_text'>Compartir en LinkedIn<\/span><\/a><\/li><li class='av-share-link av-social-link-mail' ><a  aria-label=\"Compartir por correo\" href='mailto:?subject=Invitan%20a%20la%20%E2%80%9CGran%20Feria%20Productiva%20Festival%20del%20M%C3%A1rmol%202024%E2%80%9D%20de%20Puerto%20R%C3%ADo%20Tranquilo&#038;body=https:\/\/radiorevelacionfm.cl\/?p=45109' aria-hidden='false' data-av_icon='\ue805' data-av_iconfont='entypo-fontello' title='' data-avia-related-tooltip='Compartir por correo'><span class='avia_hidden_link_text'>Compartir por correo<\/span><\/a><\/li><\/ul><\/div><\/div>\n<div  style='height:50px' class='hr hr-invisible   avia-builder-el-8  el_after_av_social_share  el_before_av_comments_list '><span class='hr-inner ' ><span class='hr-inner-style'><\/span><\/span><\/div>\n<div  class='av-buildercomment  av-blog-meta-html-info-disabled av-blog-meta-tag-disabled  '><\/div>\n","protected":false},"excerpt":{"rendered":"","protected":false},"author":1,"featured_media":45112,"comment_status":"open","ping_status":"open","sticky":false,"template":"","format":"standard","meta":{"footnotes":""},"categories":[38],"tags":[],"class_list":["post-45109","post","type-post","status-publish","format-standard","has-post-thumbnail","hentry","category-regional"],"jetpack_featured_media_url":"https:\/\/radiorevelacionfm.cl\/wp-content\/uploads\/2024\/08\/festivalmarmolpuertoriotranquilo-1-1_optimized-1_optimized-1.jpg","_links":{"self":[{"href":"https:\/\/radiorevelacionfm.cl\/index.php?rest_route=\/wp\/v2\/posts\/45109","targetHints":{"allow":["GET"]}}],"collection":[{"href":"https:\/\/radiorevelacionfm.cl\/index.php?rest_route=\/wp\/v2\/posts"}],"about":[{"href":"https:\/\/radiorevelacionfm.cl\/index.php?rest_route=\/wp\/v2\/types\/post"}],"author":[{"embeddable":true,"href":"https:\/\/radiorevelacionfm.cl\/index.php?rest_route=\/wp\/v2\/users\/1"}],"replies":[{"embeddable":true,"href":"https:\/\/radiorevelacionfm.cl\/index.php?rest_route=%2Fwp%2Fv2%2Fcomments&post=45109"}],"version-history":[{"count":1,"href":"https:\/\/radiorevelacionfm.cl\/index.php?rest_route=\/wp\/v2\/posts\/45109\/revisions"}],"predecessor-version":[{"id":45113,"href":"https:\/\/radiorevelacionfm.cl\/index.php?rest_route=\/wp\/v2\/posts\/45109\/revisions\/45113"}],"wp:featuredmedia":[{"embeddable":true,"href":"https:\/\/radiorevelacionfm.cl\/index.php?rest_route=\/wp\/v2\/media\/45112"}],"wp:attachment":[{"href":"https:\/\/radiorevelacionfm.cl\/index.php?rest_route=%2Fwp%2Fv2%2Fmedia&parent=45109"}],"wp:term":[{"taxonomy":"category","embeddable":true,"href":"https:\/\/radiorevelacionfm.cl\/index.php?rest_route=%2Fwp%2Fv2%2Fcategories&post=45109"},{"taxonomy":"post_tag","embeddable":true,"href":"https:\/\/radiorevelacionfm.cl\/index.php?rest_route=%2Fwp%2Fv2%2Ftags&post=45109"}],"curies":[{"name":"wp","href":"https:\/\/api.w.org\/{rel}","templated":true}]}}