{"id":45102,"date":"2024-08-13T11:02:17","date_gmt":"2024-08-13T14:02:17","guid":{"rendered":"https:\/\/radiorevelacionfm.cl\/?p=45102"},"modified":"2024-08-13T11:17:12","modified_gmt":"2024-08-13T14:17:12","slug":"senadora-ordenes-destaco-la-iniciativa-que-establece-la-obligacion-de-individualizar-usuarios-prepago","status":"publish","type":"post","link":"https:\/\/radiorevelacionfm.cl\/?p=45102","title":{"rendered":"Senadora \u00d3rdenes destac\u00f3 la iniciativa que establece la obligaci\u00f3n de individualizar a usuarios prepago"},"content":{"rendered":"<div class=\"flex_column av_one_full  flex_column_div av-zero-column-padding first  avia-builder-el-0  el_before_av_one_full  avia-builder-el-first  \" style='border-radius:0px; '><div  class='avia-image-container  av-styling-    avia-builder-el-1  avia-builder-el-no-sibling  avia-align-center '  itemprop=\"image\" itemscope=\"itemscope\" itemtype=\"https:\/\/schema.org\/ImageObject\"  ><div class='avia-image-container-inner'><div class='avia-image-overlay-wrap'><img decoding=\"async\" class='wp-image-45105 avia-img-lazy-loading-not-45105 avia_image' src=\"https:\/\/radiorevelacionfm.cl\/wp-content\/uploads\/2024\/08\/telefonos-prepago-1-1.jpg\" alt='' title='telefonos-prepago (1) (1)' height=\"600\" width=\"847\"  itemprop=\"thumbnailUrl\" srcset=\"https:\/\/radiorevelacionfm.cl\/wp-content\/uploads\/2024\/08\/telefonos-prepago-1-1.jpg 847w, https:\/\/radiorevelacionfm.cl\/wp-content\/uploads\/2024\/08\/telefonos-prepago-1-1-300x213.jpg 300w, https:\/\/radiorevelacionfm.cl\/wp-content\/uploads\/2024\/08\/telefonos-prepago-1-1-768x544.jpg 768w, https:\/\/radiorevelacionfm.cl\/wp-content\/uploads\/2024\/08\/telefonos-prepago-1-1-260x185.jpg 260w, https:\/\/radiorevelacionfm.cl\/wp-content\/uploads\/2024\/08\/telefonos-prepago-1-1-845x600.jpg 845w, https:\/\/radiorevelacionfm.cl\/wp-content\/uploads\/2024\/08\/telefonos-prepago-1-1-705x499.jpg 705w, https:\/\/radiorevelacionfm.cl\/wp-content\/uploads\/2024\/08\/telefonos-prepago-1-1-450x319.jpg 450w, https:\/\/radiorevelacionfm.cl\/wp-content\/uploads\/2024\/08\/telefonos-prepago-1-1-600x425.jpg 600w\" sizes=\"(max-width: 847px) 100vw, 847px\" \/><\/div><\/div><\/div><\/div>\n<div class=\"flex_column av_one_full  flex_column_div av-zero-column-padding first  avia-builder-el-2  el_after_av_one_full  el_before_av_one_full  column-top-margin\" style='border-radius:0px; '><section class=\"av_textblock_section \"  itemscope=\"itemscope\" itemtype=\"https:\/\/schema.org\/BlogPosting\" itemprop=\"blogPost\" ><div class='avia_textblock  '   itemprop=\"text\" ><p style=\"text-align: center;\"><strong><span style=\"font-size: 18pt;\">Senadora \u00d3rdenes destac\u00f3 la iniciativa que establece la obligaci\u00f3n de individualizar a usuarios prepago<\/span><\/strong><\/p>\n<div id=\"gtx-trans\" style=\"position: absolute; left: -50px; top: 4.31534px;\">\n<div class=\"gtx-trans-icon\"><\/div>\n<\/div>\n<\/div><\/section><\/div><div class=\"flex_column av_one_full  flex_column_div av-zero-column-padding first  avia-builder-el-4  el_after_av_one_full  el_before_av_hr  column-top-margin\" style='border-radius:0px; '><section class=\"av_textblock_section \"  itemscope=\"itemscope\" itemtype=\"https:\/\/schema.org\/BlogPosting\" itemprop=\"blogPost\" ><div class='avia_textblock  '   itemprop=\"text\" ><p style=\"text-align: justify;\">Con 31 votos a favor y dos abstenciones, la Sala del Senado despach\u00f3 a la C\u00e1mara Baja, el proyecto que modifica la Ley General de Telecomunicaciones para establecer la obligaci\u00f3n a las compa\u00f1\u00edas de servicios telef\u00f3nicos, de individualizar a los usuarios en modalidad de prepago.<\/p>\n<p style=\"text-align: justify;\">La Senadora por la regi\u00f3n de Ays\u00e9n y presidenta de la Comisi\u00f3n de Transportes y Telecomunicaciones del Senado, Ximena \u00d3rdenes Neira, dio cuenta de que esta moci\u00f3n apunta a reducir los delitos que se comenten con estos dispositivos, sosteniendo que, seg\u00fan informaci\u00f3n que ha entregado el propio Ministerio P\u00fablico estos \u201cson una herramienta muy utilizada para cometer il\u00edcitos\u201d.<\/p>\n<p style=\"text-align: justify;\">\u201cLo que se pretende con este proyecto de ley es regular aquellos tel\u00e9fonos que no cuentan con una facturaci\u00f3n. En el pa\u00eds se estima que son cerca de ocho millones de dispositivos. El proyecto establece que ahora deben ser individualizados; deben estar asociados a un RUT y adem\u00e1s, establece la obligaci\u00f3n a las empresas de mantener un registro actualizado\u201d, indic\u00f3 la representante aisenina.<\/p>\n<p style=\"text-align: justify;\">Durante el debate, las y los senadores entregaron una serie de datos, como que las bandas delictuales manejan en promedio entre 10 y 15 chip de celulares desechables para operar. Por su parte, la senadora \u00d3rdenes sostuvo en la presentaci\u00f3n del informe emitido por la Comisi\u00f3n que \u201ceste proyecto est\u00e1 dentro de la agenda de seguridad, porque se busca identificar al titular del equipo para evitar el uso de estos aparatos en actos il\u00edcitos, tal como hoy se realiza\u201d.<\/p>\n<p style=\"text-align: justify;\">La parlamentaria, tambi\u00e9n destac\u00f3 que \u201cesta medida es parte de los consensos y acuerdos a los que ha llegado el Congreso Nacional, junto con el Gobierno, en materia de seguridad p\u00fablica\u201d.<\/p>\n<p style=\"text-align: justify;\">Cabe se\u00f1alar que, la \u00faltima indicaci\u00f3n que incorpor\u00f3 y aprob\u00f3 el Senado establece el deber de las empresas de tener un registro actualizado de sus usuarios -que deber\u00e1 mantener por 5 a\u00f1os- y tambi\u00e9n, de financiar un sistema de bloqueo de dispositivos robados, hurtados o extraviados. Adem\u00e1s, junto con una serie de medidas de identificaci\u00f3n, el proyecto establece tambi\u00e9n, que el usuario registrado deber\u00e1 ser mayor de edad.<\/p>\n<\/div><\/section><\/div><\/p>\n<div  style='height:50px' class='hr hr-invisible   avia-builder-el-6  el_after_av_one_full  el_before_av_social_share '><span class='hr-inner ' ><span class='hr-inner-style'><\/span><\/span><\/div>\n<div  class='av-social-sharing-box  avia-builder-el-7  el_after_av_hr  el_before_av_hr  '><div class='av-share-box'><h5 class='av-share-link-description av-no-toc '>Compartir esta noticia<\/h5><ul class='av-share-box-list noLightbox'><li class='av-share-link av-social-link-facebook' ><a target=\"_blank\" aria-label=\"Compartir en Facebook\" href='https:\/\/www.facebook.com\/sharer.php?u=https:\/\/radiorevelacionfm.cl\/?p=45102&#038;t=Senadora%20%C3%93rdenes%20destac%C3%B3%20la%20iniciativa%20que%20establece%20la%20obligaci%C3%B3n%20de%20individualizar%20a%20usuarios%20prepago' aria-hidden='false' data-av_icon='\ue8f3' data-av_iconfont='entypo-fontello' title='' data-avia-related-tooltip='Compartir en Facebook' rel=\"noopener\"><span class='avia_hidden_link_text'>Compartir en Facebook<\/span><\/a><\/li><li class='av-share-link av-social-link-twitter' ><a target=\"_blank\" aria-label=\"Compartir en Twitter\" href='https:\/\/twitter.com\/share?text=Senadora%20%C3%93rdenes%20destac%C3%B3%20la%20iniciativa%20que%20establece%20la%20obligaci%C3%B3n%20de%20individualizar%20a%20usuarios%20prepago&#038;url=https:\/\/radiorevelacionfm.cl\/?p=45102' aria-hidden='false' data-av_icon='\ue8f1' data-av_iconfont='entypo-fontello' title='' data-avia-related-tooltip='Compartir en Twitter' rel=\"noopener\"><span class='avia_hidden_link_text'>Compartir en Twitter<\/span><\/a><\/li><li class='av-share-link av-social-link-whatsapp' ><a target=\"_blank\" aria-label=\"Compartir en Whatsapp\" href='https:\/\/api.whatsapp.com\/send?text=https:\/\/radiorevelacionfm.cl\/?p=45102' aria-hidden='false' data-av_icon='\uf232' data-av_iconfont='entypo-fontello' title='' data-avia-related-tooltip='Compartir en Whatsapp' rel=\"noopener\"><span class='avia_hidden_link_text'>Compartir en Whatsapp<\/span><\/a><\/li><li class='av-share-link av-social-link-linkedin' ><a target=\"_blank\" aria-label=\"Compartir en LinkedIn\" href='https:\/\/linkedin.com\/shareArticle?mini=true&#038;title=Senadora%20%C3%93rdenes%20destac%C3%B3%20la%20iniciativa%20que%20establece%20la%20obligaci%C3%B3n%20de%20individualizar%20a%20usuarios%20prepago&#038;url=https:\/\/radiorevelacionfm.cl\/?p=45102' aria-hidden='false' data-av_icon='\ue8fc' data-av_iconfont='entypo-fontello' title='' data-avia-related-tooltip='Compartir en LinkedIn' rel=\"noopener\"><span class='avia_hidden_link_text'>Compartir en LinkedIn<\/span><\/a><\/li><li class='av-share-link av-social-link-mail' ><a  aria-label=\"Compartir por correo\" href='mailto:?subject=Senadora%20%C3%93rdenes%20destac%C3%B3%20la%20iniciativa%20que%20establece%20la%20obligaci%C3%B3n%20de%20individualizar%20a%20usuarios%20prepago&#038;body=https:\/\/radiorevelacionfm.cl\/?p=45102' aria-hidden='false' data-av_icon='\ue805' data-av_iconfont='entypo-fontello' title='' data-avia-related-tooltip='Compartir por correo'><span class='avia_hidden_link_text'>Compartir por correo<\/span><\/a><\/li><\/ul><\/div><\/div>\n<div  style='height:50px' class='hr hr-invisible   avia-builder-el-8  el_after_av_social_share  el_before_av_comments_list '><span class='hr-inner ' ><span class='hr-inner-style'><\/span><\/span><\/div>\n<div  class='av-buildercomment  av-blog-meta-html-info-disabled av-blog-meta-tag-disabled  '><\/div>\n","protected":false},"excerpt":{"rendered":"","protected":false},"author":1,"featured_media":45105,"comment_status":"open","ping_status":"open","sticky":false,"template":"","format":"standard","meta":{"footnotes":""},"categories":[35],"tags":[],"class_list":["post-45102","post","type-post","status-publish","format-standard","has-post-thumbnail","hentry","category-politica"],"jetpack_featured_media_url":"https:\/\/radiorevelacionfm.cl\/wp-content\/uploads\/2024\/08\/telefonos-prepago-1-1.jpg","_links":{"self":[{"href":"https:\/\/radiorevelacionfm.cl\/index.php?rest_route=\/wp\/v2\/posts\/45102","targetHints":{"allow":["GET"]}}],"collection":[{"href":"https:\/\/radiorevelacionfm.cl\/index.php?rest_route=\/wp\/v2\/posts"}],"about":[{"href":"https:\/\/radiorevelacionfm.cl\/index.php?rest_route=\/wp\/v2\/types\/post"}],"author":[{"embeddable":true,"href":"https:\/\/radiorevelacionfm.cl\/index.php?rest_route=\/wp\/v2\/users\/1"}],"replies":[{"embeddable":true,"href":"https:\/\/radiorevelacionfm.cl\/index.php?rest_route=%2Fwp%2Fv2%2Fcomments&post=45102"}],"version-history":[{"count":3,"href":"https:\/\/radiorevelacionfm.cl\/index.php?rest_route=\/wp\/v2\/posts\/45102\/revisions"}],"predecessor-version":[{"id":45108,"href":"https:\/\/radiorevelacionfm.cl\/index.php?rest_route=\/wp\/v2\/posts\/45102\/revisions\/45108"}],"wp:featuredmedia":[{"embeddable":true,"href":"https:\/\/radiorevelacionfm.cl\/index.php?rest_route=\/wp\/v2\/media\/45105"}],"wp:attachment":[{"href":"https:\/\/radiorevelacionfm.cl\/index.php?rest_route=%2Fwp%2Fv2%2Fmedia&parent=45102"}],"wp:term":[{"taxonomy":"category","embeddable":true,"href":"https:\/\/radiorevelacionfm.cl\/index.php?rest_route=%2Fwp%2Fv2%2Fcategories&post=45102"},{"taxonomy":"post_tag","embeddable":true,"href":"https:\/\/radiorevelacionfm.cl\/index.php?rest_route=%2Fwp%2Fv2%2Ftags&post=45102"}],"curies":[{"name":"wp","href":"https:\/\/api.w.org\/{rel}","templated":true}]}}