{"id":45099,"date":"2024-08-12T21:35:51","date_gmt":"2024-08-13T00:35:51","guid":{"rendered":"https:\/\/radiorevelacionfm.cl\/?p=45099"},"modified":"2024-08-12T21:35:51","modified_gmt":"2024-08-13T00:35:51","slug":"carabineros-de-puerto-aysen-logra-reencuentro-de-dos-hermanos-que-hace-mas-de-25-anos-perdieron-contacto","status":"publish","type":"post","link":"https:\/\/radiorevelacionfm.cl\/?p=45099","title":{"rendered":"Carabineros de Puerto Ays\u00e9n logra reencuentro de dos hermanos que hace m\u00e1s de 25 a\u00f1os perdieron contacto"},"content":{"rendered":"<div class=\"flex_column av_one_full  flex_column_div av-zero-column-padding first  avia-builder-el-0  el_before_av_one_full  avia-builder-el-first  \" style='border-radius:0px; '><div  class='avia-image-container  av-styling-    avia-builder-el-1  avia-builder-el-no-sibling  avia-align-center '  itemprop=\"image\" itemscope=\"itemscope\" itemtype=\"https:\/\/schema.org\/ImageObject\"  ><div class='avia-image-container-inner'><div class='avia-image-overlay-wrap'><img decoding=\"async\" class='wp-image-45100 avia-img-lazy-loading-not-45100 avia_image' src=\"https:\/\/radiorevelacionfm.cl\/wp-content\/uploads\/2024\/08\/bedee16a-f6ba-4c97-b6d2-573fe83d7067-1_optimized.jpg\" alt='' title='bedee16a-f6ba-4c97-b6d2-573fe83d7067-(1)_optimized' height=\"600\" width=\"800\"  itemprop=\"thumbnailUrl\" srcset=\"https:\/\/radiorevelacionfm.cl\/wp-content\/uploads\/2024\/08\/bedee16a-f6ba-4c97-b6d2-573fe83d7067-1_optimized.jpg 800w, https:\/\/radiorevelacionfm.cl\/wp-content\/uploads\/2024\/08\/bedee16a-f6ba-4c97-b6d2-573fe83d7067-1_optimized-300x225.jpg 300w, https:\/\/radiorevelacionfm.cl\/wp-content\/uploads\/2024\/08\/bedee16a-f6ba-4c97-b6d2-573fe83d7067-1_optimized-768x576.jpg 768w, https:\/\/radiorevelacionfm.cl\/wp-content\/uploads\/2024\/08\/bedee16a-f6ba-4c97-b6d2-573fe83d7067-1_optimized-705x529.jpg 705w, https:\/\/radiorevelacionfm.cl\/wp-content\/uploads\/2024\/08\/bedee16a-f6ba-4c97-b6d2-573fe83d7067-1_optimized-450x338.jpg 450w, https:\/\/radiorevelacionfm.cl\/wp-content\/uploads\/2024\/08\/bedee16a-f6ba-4c97-b6d2-573fe83d7067-1_optimized-600x450.jpg 600w\" sizes=\"(max-width: 800px) 100vw, 800px\" \/><\/div><\/div><\/div><\/div><div class=\"flex_column av_one_full  flex_column_div av-zero-column-padding first  avia-builder-el-2  el_after_av_one_full  el_before_av_one_full  column-top-margin\" style='border-radius:0px; '><section class=\"av_textblock_section \"  itemscope=\"itemscope\" itemtype=\"https:\/\/schema.org\/BlogPosting\" itemprop=\"blogPost\" ><div class='avia_textblock  '   itemprop=\"text\" ><p style=\"text-align: center;\"><span style=\"font-size: 18pt;\"><strong>Carabineros de Puerto Ays\u00e9n logra reencuentro de dos hermanos que hace m\u00e1s de 25 a\u00f1os perdieron contacto<\/strong><\/span><\/p>\n<div id=\"gtx-trans\" style=\"position: absolute; left: -50px; top: 4.31534px;\">\n<div class=\"gtx-trans-icon\"><\/div>\n<\/div>\n<\/div><\/section><\/div><div class=\"flex_column av_one_full  flex_column_div av-zero-column-padding first  avia-builder-el-4  el_after_av_one_full  el_before_av_hr  column-top-margin\" style='border-radius:0px; '><section class=\"av_textblock_section \"  itemscope=\"itemscope\" itemtype=\"https:\/\/schema.org\/BlogPosting\" itemprop=\"blogPost\" ><div class='avia_textblock  '   itemprop=\"text\" ><p class=\"v1MsoNormal\" style=\"text-align: justify;\"><em><span lang=\"ES-MX\">Tras recibir un llamado desde la ciudad de Puerto Montt, Carabineros activ\u00f3 una red de contactos, la cual en menos de una semana permiti\u00f3 concretar este anhelado momento.<\/span><\/em><\/p>\n<p class=\"v1MsoNormal\" style=\"text-align: justify;\"><span lang=\"ES-MX\">En menos de una semana de indagatorias, personal de la Oficina de Integraci\u00f3n Carabineros Comunidad (MICC) de dotaci\u00f3n de la 2da Comisar\u00eda de Puerto Ays\u00e9n logr\u00f3 reencontrar a dos hermanos luego de m\u00e1s de 25 a\u00f1os de haber perdido todo tipo de contacto.<\/span><\/p>\n<p class=\"v1MsoNormal\" style=\"text-align: justify;\"><span lang=\"ES-MX\">Durante la jornada del pasado 6 de agosto, Carabineros de la Oficina MICC atendi\u00f3 m\u00faltiples llamados de la comunidad, de vecinos y con quienes se relacionan a diario para el ejercicio de sus funciones, sin embargo, una de estas comunicaciones fue diferente a las atendidas hasta ese momento.<\/span><\/p>\n<p class=\"v1MsoNormal\" style=\"text-align: justify;\"><span lang=\"ES-MX\">A petici\u00f3n de su madre Fideliza Godoy Vargas, un joven contact\u00f3 desde la ciudad de Puerto Montt a Carabineros se\u00f1alando que su progenitora estaba en busca del hermano de \u00e9sta, de nombre Luis Godoy Vargas a quien dej\u00f3 de ver desde hace m\u00e1s de 25 a\u00f1os, y que estaba empe\u00f1ada en poder ubicarlo, solicitando el apoyo de carabineros en esta cruzada.<\/span><\/p>\n<p class=\"v1MsoNormal\" style=\"text-align: justify;\"><span lang=\"ES-MX\">\u00abDesde hace un tiempo a fecha -a ra\u00edz de solicitudes de personas- hemos realizado reencuentros familiares, toda vez que para nosotros como Oficina de Integraci\u00f3n Carabineros Comunidad, es importante que las familias se encuentren unidas\u00bb, se\u00f1al\u00f3 el Jefe de la Oficina MICC, Suboficial Mayor Patricio Tauler.<\/span><\/p>\n<p class=\"v1MsoNormal\" style=\"text-align: justify;\"><span lang=\"ES-MX\">Tras tomar nota de los antecedentes, el personal de la Oficina MICC organiz\u00f3 a sus funcionarios\/as, activando las redes de apoyo a trav\u00e9s del registro Civil, la Municipalidad y carabineros del servicio territorial.<\/span><\/p>\n<p class=\"v1MsoNormal\" style=\"text-align: justify;\"><b><span lang=\"ES-MX\">Reencuentro telem\u00e1tico<\/span><\/b><\/p>\n<p class=\"v1MsoNormal\" style=\"text-align: justify;\"><span lang=\"ES-MX\">Es as\u00ed como carabineros logr\u00f3 ubicar al vecino Luis Agust\u00edn Godoy Vargas quien reside en el sector El Salto.<\/span><\/p>\n<p class=\"v1MsoNormal\" style=\"text-align: justify;\"><span lang=\"ES-MX\">\u00abTenemos un muy buen equipo, las delegadas del cuadrante N\u00b01 y N\u00b02 se motivaron y empezamos a reactivar nuestras redes. Fue un trabajo muy r\u00e1pido, recibimos el comunicado el 6 de agosto y en menos de una semana lo concretamos\u00bb, indic\u00f3 el Jefe de la Oficina MICC de la 2da Comisar\u00eda de Puerto Ays\u00e9n.<\/span><\/p>\n<p class=\"v1MsoNormal\" style=\"text-align: justify;\"><span lang=\"ES-MX\">\u00abEs as\u00ed como logramos concretar este reencuentro familiar con su hermana Fideliza Godoy Vargas quien actualmente vive en la ciudad de Puerto Montt. Hicimos el reencuentro de forma telem\u00e1tica porque ninguno pod\u00eda viajar a las respectivas ciudades, pero aprovechamos la tecnolog\u00eda para lograr este anhelado momento\u00bb, indic\u00f3.<\/span><\/p>\n<p class=\"v1MsoNormal\" style=\"text-align: justify;\"><span lang=\"ES-MX\">25 a\u00f1os despu\u00e9s del \u00faltimo contacto, ambas familias han desarrollado sus vidas por separado con hijos profesionales y ahora con el tiempo para conocerlos y desarrollar una vida m\u00e1s cercana y con mayor comunicaci\u00f3n.<\/span><\/p>\n<p class=\"v1MsoNormal\" style=\"text-align: justify;\"><span lang=\"ES-MX\">\u00abA trav\u00e9s de las redes sociales, la tecnolog\u00eda, el apoyo y la voluntad que tiene nuestro equipo, podemos concretar este anhelado sue\u00f1o que tienen algunas familias de poderse reencontrar, porque generalmente las personas adultas no tienen acceso a las redes o desconocen qu\u00e9 canales existen para realizar este tipo de encuentros o de b\u00fasqueda\u00bb, detall\u00f3.<\/span><\/p>\n<p class=\"v1MsoNormal\" style=\"text-align: justify;\"><span lang=\"ES-MX\">\u00abEllos como familia quedaron muy agradecidos del trabajo de la Oficina de Integraci\u00f3n Comunitaria, fue muy emotivo. Con el hecho de ver estas emociones y caritas felices, nos sentimos m\u00e1s que pagados como Carabineros\u00bb, puntualiz\u00f3 el Jefe de la Oficina MICC de la 2da Comisar\u00eda de Puerto Ays\u00e9n.<\/span><\/p>\n<\/div><\/section><\/div><div  style='height:50px' class='hr hr-invisible   avia-builder-el-6  el_after_av_one_full  el_before_av_social_share '><span class='hr-inner ' ><span class='hr-inner-style'><\/span><\/span><\/div><\/p>\n<div  class='av-social-sharing-box  avia-builder-el-7  el_after_av_hr  el_before_av_hr  '><div class='av-share-box'><h5 class='av-share-link-description av-no-toc '>Compartir esta noticia<\/h5><ul class='av-share-box-list noLightbox'><li class='av-share-link av-social-link-facebook' ><a target=\"_blank\" aria-label=\"Compartir en Facebook\" href='https:\/\/www.facebook.com\/sharer.php?u=https:\/\/radiorevelacionfm.cl\/?p=45099&#038;t=Carabineros%20de%20Puerto%20Ays%C3%A9n%20logra%20reencuentro%20de%20dos%20hermanos%20que%20hace%20m%C3%A1s%20de%2025%20a%C3%B1os%20perdieron%20contacto' aria-hidden='false' data-av_icon='\ue8f3' data-av_iconfont='entypo-fontello' title='' data-avia-related-tooltip='Compartir en Facebook' rel=\"noopener\"><span class='avia_hidden_link_text'>Compartir en Facebook<\/span><\/a><\/li><li class='av-share-link av-social-link-twitter' ><a target=\"_blank\" aria-label=\"Compartir en Twitter\" href='https:\/\/twitter.com\/share?text=Carabineros%20de%20Puerto%20Ays%C3%A9n%20logra%20reencuentro%20de%20dos%20hermanos%20que%20hace%20m%C3%A1s%20de%2025%20a%C3%B1os%20perdieron%20contacto&#038;url=https:\/\/radiorevelacionfm.cl\/?p=45099' aria-hidden='false' data-av_icon='\ue8f1' data-av_iconfont='entypo-fontello' title='' data-avia-related-tooltip='Compartir en Twitter' rel=\"noopener\"><span class='avia_hidden_link_text'>Compartir en Twitter<\/span><\/a><\/li><li class='av-share-link av-social-link-whatsapp' ><a target=\"_blank\" aria-label=\"Compartir en Whatsapp\" href='https:\/\/api.whatsapp.com\/send?text=https:\/\/radiorevelacionfm.cl\/?p=45099' aria-hidden='false' data-av_icon='\uf232' data-av_iconfont='entypo-fontello' title='' data-avia-related-tooltip='Compartir en Whatsapp' rel=\"noopener\"><span class='avia_hidden_link_text'>Compartir en Whatsapp<\/span><\/a><\/li><li class='av-share-link av-social-link-linkedin' ><a target=\"_blank\" aria-label=\"Compartir en LinkedIn\" href='https:\/\/linkedin.com\/shareArticle?mini=true&#038;title=Carabineros%20de%20Puerto%20Ays%C3%A9n%20logra%20reencuentro%20de%20dos%20hermanos%20que%20hace%20m%C3%A1s%20de%2025%20a%C3%B1os%20perdieron%20contacto&#038;url=https:\/\/radiorevelacionfm.cl\/?p=45099' aria-hidden='false' data-av_icon='\ue8fc' data-av_iconfont='entypo-fontello' title='' data-avia-related-tooltip='Compartir en LinkedIn' rel=\"noopener\"><span class='avia_hidden_link_text'>Compartir en LinkedIn<\/span><\/a><\/li><li class='av-share-link av-social-link-mail' ><a  aria-label=\"Compartir por correo\" href='mailto:?subject=Carabineros%20de%20Puerto%20Ays%C3%A9n%20logra%20reencuentro%20de%20dos%20hermanos%20que%20hace%20m%C3%A1s%20de%2025%20a%C3%B1os%20perdieron%20contacto&#038;body=https:\/\/radiorevelacionfm.cl\/?p=45099' aria-hidden='false' data-av_icon='\ue805' data-av_iconfont='entypo-fontello' title='' data-avia-related-tooltip='Compartir por correo'><span class='avia_hidden_link_text'>Compartir por correo<\/span><\/a><\/li><\/ul><\/div><\/div>\n<div  style='height:50px' class='hr hr-invisible   avia-builder-el-8  el_after_av_social_share  el_before_av_comments_list '><span class='hr-inner ' ><span class='hr-inner-style'><\/span><\/span><\/div>\n<div  class='av-buildercomment  av-blog-meta-html-info-disabled av-blog-meta-tag-disabled  '><\/div>\n","protected":false},"excerpt":{"rendered":"","protected":false},"author":1,"featured_media":45100,"comment_status":"open","ping_status":"open","sticky":false,"template":"","format":"standard","meta":{"footnotes":""},"categories":[36],"tags":[],"class_list":["post-45099","post","type-post","status-publish","format-standard","has-post-thumbnail","hentry","category-policial"],"jetpack_featured_media_url":"https:\/\/radiorevelacionfm.cl\/wp-content\/uploads\/2024\/08\/bedee16a-f6ba-4c97-b6d2-573fe83d7067-1_optimized.jpg","_links":{"self":[{"href":"https:\/\/radiorevelacionfm.cl\/index.php?rest_route=\/wp\/v2\/posts\/45099","targetHints":{"allow":["GET"]}}],"collection":[{"href":"https:\/\/radiorevelacionfm.cl\/index.php?rest_route=\/wp\/v2\/posts"}],"about":[{"href":"https:\/\/radiorevelacionfm.cl\/index.php?rest_route=\/wp\/v2\/types\/post"}],"author":[{"embeddable":true,"href":"https:\/\/radiorevelacionfm.cl\/index.php?rest_route=\/wp\/v2\/users\/1"}],"replies":[{"embeddable":true,"href":"https:\/\/radiorevelacionfm.cl\/index.php?rest_route=%2Fwp%2Fv2%2Fcomments&post=45099"}],"version-history":[{"count":1,"href":"https:\/\/radiorevelacionfm.cl\/index.php?rest_route=\/wp\/v2\/posts\/45099\/revisions"}],"predecessor-version":[{"id":45101,"href":"https:\/\/radiorevelacionfm.cl\/index.php?rest_route=\/wp\/v2\/posts\/45099\/revisions\/45101"}],"wp:featuredmedia":[{"embeddable":true,"href":"https:\/\/radiorevelacionfm.cl\/index.php?rest_route=\/wp\/v2\/media\/45100"}],"wp:attachment":[{"href":"https:\/\/radiorevelacionfm.cl\/index.php?rest_route=%2Fwp%2Fv2%2Fmedia&parent=45099"}],"wp:term":[{"taxonomy":"category","embeddable":true,"href":"https:\/\/radiorevelacionfm.cl\/index.php?rest_route=%2Fwp%2Fv2%2Fcategories&post=45099"},{"taxonomy":"post_tag","embeddable":true,"href":"https:\/\/radiorevelacionfm.cl\/index.php?rest_route=%2Fwp%2Fv2%2Ftags&post=45099"}],"curies":[{"name":"wp","href":"https:\/\/api.w.org\/{rel}","templated":true}]}}