{"id":45096,"date":"2024-08-12T18:59:15","date_gmt":"2024-08-12T21:59:15","guid":{"rendered":"https:\/\/radiorevelacionfm.cl\/?p=45096"},"modified":"2024-08-12T18:59:15","modified_gmt":"2024-08-12T21:59:15","slug":"caso-de-aeronave-siniestrada-finalizan-labores-de-obtencion-de-evidencias-desde-el-sitio-del-suceso","status":"publish","type":"post","link":"https:\/\/radiorevelacionfm.cl\/?p=45096","title":{"rendered":"Caso de aeronave siniestrada: Finalizan labores de obtenci\u00f3n de evidencias desde el sitio del suceso"},"content":{"rendered":"<div class=\"flex_column av_one_full  flex_column_div av-zero-column-padding first  avia-builder-el-0  el_before_av_one_full  avia-builder-el-first  \" style='border-radius:0px; '><div  class='avia-image-container  av-styling-    avia-builder-el-1  avia-builder-el-no-sibling  avia-align-center '  itemprop=\"image\" itemscope=\"itemscope\" itemtype=\"https:\/\/schema.org\/ImageObject\"  ><div class='avia-image-container-inner'><div class='avia-image-overlay-wrap'><img decoding=\"async\" class='wp-image-45097 avia-img-lazy-loading-not-45097 avia_image' src=\"https:\/\/radiorevelacionfm.cl\/wp-content\/uploads\/2024\/08\/4a-copia-1-1_optimized.jpg\" alt='' title='4a - -copia-(1)-(1)_optimized' height=\"600\" width=\"900\"  itemprop=\"thumbnailUrl\" srcset=\"https:\/\/radiorevelacionfm.cl\/wp-content\/uploads\/2024\/08\/4a-copia-1-1_optimized.jpg 900w, https:\/\/radiorevelacionfm.cl\/wp-content\/uploads\/2024\/08\/4a-copia-1-1_optimized-300x200.jpg 300w, https:\/\/radiorevelacionfm.cl\/wp-content\/uploads\/2024\/08\/4a-copia-1-1_optimized-768x512.jpg 768w, https:\/\/radiorevelacionfm.cl\/wp-content\/uploads\/2024\/08\/4a-copia-1-1_optimized-705x470.jpg 705w, https:\/\/radiorevelacionfm.cl\/wp-content\/uploads\/2024\/08\/4a-copia-1-1_optimized-450x300.jpg 450w, https:\/\/radiorevelacionfm.cl\/wp-content\/uploads\/2024\/08\/4a-copia-1-1_optimized-600x400.jpg 600w\" sizes=\"(max-width: 900px) 100vw, 900px\" \/><\/div><\/div><\/div><\/div><div class=\"flex_column av_one_full  flex_column_div av-zero-column-padding first  avia-builder-el-2  el_after_av_one_full  el_before_av_one_full  column-top-margin\" style='border-radius:0px; '><section class=\"av_textblock_section \"  itemscope=\"itemscope\" itemtype=\"https:\/\/schema.org\/BlogPosting\" itemprop=\"blogPost\" ><div class='avia_textblock  '   itemprop=\"text\" ><p style=\"text-align: center;\"><span style=\"font-size: 18pt;\"><b>Caso de aeronave siniestrada: Finalizan labores de obtenci\u00f3n de evidencias desde el sitio del suceso<\/b><\/span><\/p>\n<div id=\"gtx-trans\" style=\"position: absolute; left: -50px; top: 4.31534px;\">\n<div class=\"gtx-trans-icon\"><\/div>\n<\/div>\n<\/div><\/section><\/div><div class=\"flex_column av_one_full  flex_column_div av-zero-column-padding first  avia-builder-el-4  el_after_av_one_full  el_before_av_hr  column-top-margin\" style='border-radius:0px; '><section class=\"av_textblock_section \"  itemscope=\"itemscope\" itemtype=\"https:\/\/schema.org\/BlogPosting\" itemprop=\"blogPost\" ><div class='avia_textblock  '   itemprop=\"text\" ><p style=\"text-align: justify;\"><em>Investigaci\u00f3n contin\u00faa. Adem\u00e1s, se est\u00e1 a la espera del proceso de identificaci\u00f3n de las personas fallecidas.<\/em><\/p>\n<p style=\"font-weight: 400; text-align: justify;\">Cerca de las 17.00 horas del domingo concluyeron las diligencias investigativas y recolecci\u00f3n de evidencias desde el lugar donde fue encontrada la aeronave que la ma\u00f1ana del viernes 9 de agosto sufri\u00f3 un fatal accidente en las cercan\u00edas de Cerro Castillo, sector Las Horquetas, donde resultaron 7 personas fallecidas.<\/p>\n<p style=\"font-weight: 400; text-align: justify;\">Al sector, de dif\u00edcil acceso, concurrieron funcionarios y peritos de la Fiscal\u00eda, PDI, Carabineros, Servicio M\u00e9dico Legal, Fuera A\u00e9rea, Ej\u00e9rcito, Direcci\u00f3n General de Aeron\u00e1utica Civil, Salud, entre otros, sumado al permanente apoyo de la Delegaci\u00f3n Presidencial Regional.<\/p>\n<p style=\"font-weight: 400; text-align: justify;\">Seg\u00fan explic\u00f3 el Fiscal Regional, Carlos Palma, \u201cen el tercer d\u00eda de trabajo, hemos concluido las labores en el lugar del accidente. Quisiera destacar el trabajo multi-institucional que hemos realizado, de una cooperaci\u00f3n permanente con la Fuerza A\u00e9rea de Chile, Ej\u00e9rcito de Chile, Polic\u00eda de Investigaciones, Carabineros, Servicio M\u00e9dico Legal y muchos otros servicio p\u00fablicos que estuvieron ac\u00e1 apoyando para poder realizar esta labor en un lugar muy complejo, a una distancia considerable y con condiciones clim\u00e1ticas muy adversas tambi\u00e9n, pero que sin embargo, despu\u00e9s del tercer d\u00eda, hemos podido concluir exitosamente desde el punto de vista investigativo\u201d.<\/p>\n<p style=\"font-weight: 400; text-align: justify;\">El persecutor penal agreg\u00f3 que \u201chemos terminado de revisar la aeronave, hemos levantado todo lo que deb\u00edamos levantar para efectos de la investigaci\u00f3n penal y formalmente damos por concluido los trabajos ac\u00e1 en el sector Las Horquetas\u201d.<\/p>\n<p style=\"font-weight: 400; text-align: justify;\">Respecto de los pasos a seguir, el Fiscal Palma dijo que \u201cahora viene la investigaci\u00f3n propiamente tal. Tenemos que determinar las causas probables del accidente, eventuales responsabilidades. Primeramente, es muy importante, la correcta identificaci\u00f3n de las personas fallecidas. Es un trabajo complejo, que sabemos de antemano que va a ser un proceso complicado\u201d.<\/p>\n<p style=\"font-weight: 400; text-align: justify;\">PDI Y SERVICIO M\u00c9DICO LEGAL<\/p>\n<p style=\"font-weight: 400; text-align: justify;\">Por su parte la Jefa de la Regi\u00f3n Policial Ays\u00e9n, Prefecta Carolina Namor, explic\u00f3 que \u201cla PDI despleg\u00f3 sus equipos tanto log\u00edsticos como humanos para poder trabajar en el sitio de suceso con personal de la Regi\u00f3n Policial Ays\u00e9n y tambi\u00e9n personal de la Regi\u00f3n Metropolitana. La intenci\u00f3n es apoyar al m\u00e1ximo las diligencias para poder levantar evidencia, evidencias f\u00edsicas y evidencias biol\u00f3gicas que nos permitan la identificaci\u00f3n y poder entregarle tranquilidad o algo de tranquilidad a las familias\u201d.<\/p>\n<p style=\"font-weight: 400; text-align: justify;\">La Jefa de la Regi\u00f3n Policial Ays\u00e9n precis\u00f3 que \u201cel proceso investigativo contin\u00faa. Tenemos que mantener una secuencia de pasos para poder llegar a un resultado y este resultado es poder identificar a las v\u00edctimas\u201d.<\/p>\n<p style=\"font-weight: 400; text-align: justify;\">En tanto, la Directora Regional del Servicio M\u00e9dico Legal, Catherine Sandoval, expres\u00f3 que \u201cel trabajo realizado durante el d\u00eda de ayer y el d\u00eda de hoy nos deja tranquilos por haber realizado todo lo que nosotros necesit\u00e1bamos en esa instancia. Desde ahora en adelante, el trabajo cambia en su forma, ya que va a continuar respecto de los peritajes para la identificaci\u00f3n, un proceso que va a ser muy complejo y no va a ser muy r\u00e1pido tampoco, justamente por la dificultad que esto lleva\u201d.<\/p>\n<p style=\"font-weight: 400; text-align: justify;\">La doctora Sandoval a\u00f1adi\u00f3 que \u201cpara ello vamos a trabajar tal como lo hemos hecho hasta ahora, con distintas instituciones. En todos los d\u00edas que vamos a estar trabajando y semanas que probablemente nos va a llevar esto, vamos a seguir trabajando para dar tranquilidad a las familias\u201d.<\/p>\n<p style=\"font-weight: 400; text-align: justify;\">EJ\u00c9RCITO Y GOPE<\/p>\n<p style=\"font-weight: 400; text-align: justify;\">A su vez, el Mayor Miguel Puchi, Comandante de la Compa\u00f1\u00eda de Telecomunicaciones N\u00b0 8 Coyhaique, detall\u00f3 que \u201cel Ej\u00e9rcito de Chile puso a disposici\u00f3n tres patrullas de emergencia y rescate, dos de Cochrane y una de Coyhaique, adem\u00e1s de un sistema de comunicaciones y control que monitoreaban las acciones realizadas en el sitio del suceso durante estos tres d\u00edas que dur\u00f3 la investigaci\u00f3n. Por parte del Ej\u00e9rcito desmontamos el sistema de comunicaciones y vuelven las patrullas a sus unidades de origen\u201d.<\/p>\n<p style=\"font-weight: 400; text-align: justify;\">Finalmente, el Suboficial Mayor Oscar Cartagena, del GOPE de Carabineros Ays\u00e9n, asever\u00f3 que -en el marco de su rol- fueron \u201cel primer equipo en llegar ac\u00e1, al sector de Las Horquetas y trasladarnos hasta el sitio del suceso. Verificar coordenadas y ver la ruta complicada en el lugar, para despu\u00e9s present\u00e1rselo a la Fiscal\u00eda y cooperar con todo lo que tuviera que ver con el traslado para que no se produzcan accidentes, por el dif\u00edcil acceso\u201d.<\/p>\n<p style=\"font-weight: 400; text-align: justify;\">Ahora, como parte del proceso investigativo que dirige la Fiscal\u00eda, se analizar\u00e1n las diversas pruebas obtenidas en el sitio del suceso y se estar\u00e1 a la espera del proceso de identificaci\u00f3n cient\u00edfica de las personas fallecidas en esta tragedia.<\/p>\n<\/div><\/section><\/div><div  style='height:50px' class='hr hr-invisible   avia-builder-el-6  el_after_av_one_full  el_before_av_social_share '><span class='hr-inner ' ><span class='hr-inner-style'><\/span><\/span><\/div><\/p>\n<div  class='av-social-sharing-box  avia-builder-el-7  el_after_av_hr  el_before_av_hr  '><div class='av-share-box'><h5 class='av-share-link-description av-no-toc '>Compartir esta noticia<\/h5><ul class='av-share-box-list noLightbox'><li class='av-share-link av-social-link-facebook' ><a target=\"_blank\" aria-label=\"Compartir en Facebook\" href='https:\/\/www.facebook.com\/sharer.php?u=https:\/\/radiorevelacionfm.cl\/?p=45096&#038;t=Caso%20de%20aeronave%20siniestrada%3A%20Finalizan%20labores%20de%20obtenci%C3%B3n%20de%20evidencias%20desde%20el%20sitio%20del%20suceso' aria-hidden='false' data-av_icon='\ue8f3' data-av_iconfont='entypo-fontello' title='' data-avia-related-tooltip='Compartir en Facebook' rel=\"noopener\"><span class='avia_hidden_link_text'>Compartir en Facebook<\/span><\/a><\/li><li class='av-share-link av-social-link-twitter' ><a target=\"_blank\" aria-label=\"Compartir en Twitter\" href='https:\/\/twitter.com\/share?text=Caso%20de%20aeronave%20siniestrada%3A%20Finalizan%20labores%20de%20obtenci%C3%B3n%20de%20evidencias%20desde%20el%20sitio%20del%20suceso&#038;url=https:\/\/radiorevelacionfm.cl\/?p=45096' aria-hidden='false' data-av_icon='\ue8f1' data-av_iconfont='entypo-fontello' title='' data-avia-related-tooltip='Compartir en Twitter' rel=\"noopener\"><span class='avia_hidden_link_text'>Compartir en Twitter<\/span><\/a><\/li><li class='av-share-link av-social-link-whatsapp' ><a target=\"_blank\" aria-label=\"Compartir en Whatsapp\" href='https:\/\/api.whatsapp.com\/send?text=https:\/\/radiorevelacionfm.cl\/?p=45096' aria-hidden='false' data-av_icon='\uf232' data-av_iconfont='entypo-fontello' title='' data-avia-related-tooltip='Compartir en Whatsapp' rel=\"noopener\"><span class='avia_hidden_link_text'>Compartir en Whatsapp<\/span><\/a><\/li><li class='av-share-link av-social-link-linkedin' ><a target=\"_blank\" aria-label=\"Compartir en LinkedIn\" href='https:\/\/linkedin.com\/shareArticle?mini=true&#038;title=Caso%20de%20aeronave%20siniestrada%3A%20Finalizan%20labores%20de%20obtenci%C3%B3n%20de%20evidencias%20desde%20el%20sitio%20del%20suceso&#038;url=https:\/\/radiorevelacionfm.cl\/?p=45096' aria-hidden='false' data-av_icon='\ue8fc' data-av_iconfont='entypo-fontello' title='' data-avia-related-tooltip='Compartir en LinkedIn' rel=\"noopener\"><span class='avia_hidden_link_text'>Compartir en LinkedIn<\/span><\/a><\/li><li class='av-share-link av-social-link-mail' ><a  aria-label=\"Compartir por correo\" href='mailto:?subject=Caso%20de%20aeronave%20siniestrada%3A%20Finalizan%20labores%20de%20obtenci%C3%B3n%20de%20evidencias%20desde%20el%20sitio%20del%20suceso&#038;body=https:\/\/radiorevelacionfm.cl\/?p=45096' aria-hidden='false' data-av_icon='\ue805' data-av_iconfont='entypo-fontello' title='' data-avia-related-tooltip='Compartir por correo'><span class='avia_hidden_link_text'>Compartir por correo<\/span><\/a><\/li><\/ul><\/div><\/div>\n<div  style='height:50px' class='hr hr-invisible   avia-builder-el-8  el_after_av_social_share  el_before_av_comments_list '><span class='hr-inner ' ><span class='hr-inner-style'><\/span><\/span><\/div>\n<div  class='av-buildercomment  av-blog-meta-html-info-disabled av-blog-meta-tag-disabled  '><\/div>\n","protected":false},"excerpt":{"rendered":"","protected":false},"author":1,"featured_media":45097,"comment_status":"open","ping_status":"open","sticky":false,"template":"","format":"standard","meta":{"footnotes":""},"categories":[55],"tags":[],"class_list":["post-45096","post","type-post","status-publish","format-standard","has-post-thumbnail","hentry","category-justicia"],"jetpack_featured_media_url":"https:\/\/radiorevelacionfm.cl\/wp-content\/uploads\/2024\/08\/4a-copia-1-1_optimized.jpg","_links":{"self":[{"href":"https:\/\/radiorevelacionfm.cl\/index.php?rest_route=\/wp\/v2\/posts\/45096","targetHints":{"allow":["GET"]}}],"collection":[{"href":"https:\/\/radiorevelacionfm.cl\/index.php?rest_route=\/wp\/v2\/posts"}],"about":[{"href":"https:\/\/radiorevelacionfm.cl\/index.php?rest_route=\/wp\/v2\/types\/post"}],"author":[{"embeddable":true,"href":"https:\/\/radiorevelacionfm.cl\/index.php?rest_route=\/wp\/v2\/users\/1"}],"replies":[{"embeddable":true,"href":"https:\/\/radiorevelacionfm.cl\/index.php?rest_route=%2Fwp%2Fv2%2Fcomments&post=45096"}],"version-history":[{"count":1,"href":"https:\/\/radiorevelacionfm.cl\/index.php?rest_route=\/wp\/v2\/posts\/45096\/revisions"}],"predecessor-version":[{"id":45098,"href":"https:\/\/radiorevelacionfm.cl\/index.php?rest_route=\/wp\/v2\/posts\/45096\/revisions\/45098"}],"wp:featuredmedia":[{"embeddable":true,"href":"https:\/\/radiorevelacionfm.cl\/index.php?rest_route=\/wp\/v2\/media\/45097"}],"wp:attachment":[{"href":"https:\/\/radiorevelacionfm.cl\/index.php?rest_route=%2Fwp%2Fv2%2Fmedia&parent=45096"}],"wp:term":[{"taxonomy":"category","embeddable":true,"href":"https:\/\/radiorevelacionfm.cl\/index.php?rest_route=%2Fwp%2Fv2%2Fcategories&post=45096"},{"taxonomy":"post_tag","embeddable":true,"href":"https:\/\/radiorevelacionfm.cl\/index.php?rest_route=%2Fwp%2Fv2%2Ftags&post=45096"}],"curies":[{"name":"wp","href":"https:\/\/api.w.org\/{rel}","templated":true}]}}