{"id":45093,"date":"2024-08-12T22:03:58","date_gmt":"2024-08-13T01:03:58","guid":{"rendered":"https:\/\/radiorevelacionfm.cl\/?p=45093"},"modified":"2024-08-12T22:03:58","modified_gmt":"2024-08-13T01:03:58","slug":"gobernanza-marino-costera-proyecto-gef-de-medio-ambiente-y-fao-capacita-a-lideres-locales-en-facilitacion-de-procesos","status":"publish","type":"post","link":"https:\/\/radiorevelacionfm.cl\/?p=45093","title":{"rendered":"Gobernanza Marino Costera: Proyecto GEF de Medio Ambiente y FAO capacita a l\u00edderes locales en facilitaci\u00f3n de procesos"},"content":{"rendered":"<div class=\"flex_column av_one_full  flex_column_div av-zero-column-padding first  avia-builder-el-0  el_before_av_one_full  avia-builder-el-first  \" style='border-radius:0px; '><div  class='avia-image-container  av-styling-    avia-builder-el-1  avia-builder-el-no-sibling  avia-align-center '  itemprop=\"image\" itemscope=\"itemscope\" itemtype=\"https:\/\/schema.org\/ImageObject\"  ><div class='avia-image-container-inner'><div class='avia-image-overlay-wrap'><img decoding=\"async\" class='wp-image-45094 avia-img-lazy-loading-not-45094 avia_image' src=\"https:\/\/radiorevelacionfm.cl\/wp-content\/uploads\/2024\/08\/20240805_130705696_ios-1-1_optimized-1.jpg\" alt='' title='20240805_130705696_ios-(1)-(1)_optimized (1)' height=\"600\" width=\"1067\"  itemprop=\"thumbnailUrl\" srcset=\"https:\/\/radiorevelacionfm.cl\/wp-content\/uploads\/2024\/08\/20240805_130705696_ios-1-1_optimized-1.jpg 1067w, https:\/\/radiorevelacionfm.cl\/wp-content\/uploads\/2024\/08\/20240805_130705696_ios-1-1_optimized-1-300x169.jpg 300w, https:\/\/radiorevelacionfm.cl\/wp-content\/uploads\/2024\/08\/20240805_130705696_ios-1-1_optimized-1-1030x579.jpg 1030w, https:\/\/radiorevelacionfm.cl\/wp-content\/uploads\/2024\/08\/20240805_130705696_ios-1-1_optimized-1-768x432.jpg 768w, https:\/\/radiorevelacionfm.cl\/wp-content\/uploads\/2024\/08\/20240805_130705696_ios-1-1_optimized-1-705x396.jpg 705w, https:\/\/radiorevelacionfm.cl\/wp-content\/uploads\/2024\/08\/20240805_130705696_ios-1-1_optimized-1-450x253.jpg 450w, https:\/\/radiorevelacionfm.cl\/wp-content\/uploads\/2024\/08\/20240805_130705696_ios-1-1_optimized-1-600x337.jpg 600w\" sizes=\"(max-width: 1067px) 100vw, 1067px\" \/><\/div><\/div><\/div><\/div><div class=\"flex_column av_one_full  flex_column_div av-zero-column-padding first  avia-builder-el-2  el_after_av_one_full  el_before_av_one_full  column-top-margin\" style='border-radius:0px; '><section class=\"av_textblock_section \"  itemscope=\"itemscope\" itemtype=\"https:\/\/schema.org\/BlogPosting\" itemprop=\"blogPost\" ><div class='avia_textblock  '   itemprop=\"text\" ><p style=\"text-align: center;\"><strong><span style=\"font-size: 18pt;\">Gobernanza Marino Costera: Proyecto GEF de Medio Ambiente y FAO capacita a l\u00edderes locales en facilitaci\u00f3n de procesos<\/span><\/strong><\/p>\n<div id=\"gtx-trans\" style=\"position: absolute; left: -50px; top: 4.31534px;\">\n<div class=\"gtx-trans-icon\"><\/div>\n<\/div>\n<\/div><\/section><\/div><div class=\"flex_column av_one_full  flex_column_div av-zero-column-padding first  avia-builder-el-4  el_after_av_one_full  el_before_av_hr  column-top-margin\" style='border-radius:0px; '><section class=\"av_textblock_section \"  itemscope=\"itemscope\" itemtype=\"https:\/\/schema.org\/BlogPosting\" itemprop=\"blogPost\" ><div class='avia_textblock  '   itemprop=\"text\" ><p style=\"text-align: justify;\">En el Marco del proyecto GEF Gobernanza Marino Costera del ministerio del Medio Ambiente, implementado por la Organizaci\u00f3n de las Naciones Unidas para la Alimentaci\u00f3n y la Agricultura FAO, se realiz\u00f3 un curso de Especializaci\u00f3n en Facilitaci\u00f3n de Procesos de Desarrollo y Gobernanza Local se llev\u00f3 a cabo un curso presencial de Especializaci\u00f3n en Facilitaci\u00f3n de Procesos de Desarrollo y Gobernanza Local en el Centro Cultural Municipal de la ciudad de Coyhaique.<\/p>\n<p style=\"text-align: justify;\">Seremi del Medio Ambiente, Yoal D\u00edaz, recalc\u00f3 que \u201cEl proyecto GEF est\u00e1 alojado en el Ministerio de Medio Ambiente, y \u00a0tiene un mont\u00f3n de instituciones que est\u00e1n trabajando en conjunto y es eso lo que buscamos; que el trabajo colaborativo llegue tambi\u00e9n con \u00a0acciones concretas y particularmente con este curso cuando hablamos de facilitaci\u00f3n, buscamos que estos procesos de facilitaci\u00f3n permitan de verdad avanzar en, por ejemplo, la participaci\u00f3n ciudadana, el empoderamiento de los territorios,\u00a0 los procesos de gobernanza. Porque cuando hablamos de gobernanza tambi\u00e9n hablamos de entregar poder ciudadano, avanzar y fortalecer las propias decisiones y lo que esperan para sus territorios\u201d.<\/p>\n<p style=\"text-align: justify;\">La iniciativa estuvo dirigida a l\u00edderes sociales, municipales y beneficiarios del Sitio Piloto Sur, con el objetivo de fortalecer sus capacidades y habilidades en la conducci\u00f3n y liderazgo de procesos de facilitaci\u00f3n en iniciativas de desarrollo y construcci\u00f3n de gobernanza local.<\/p>\n<p style=\"text-align: justify;\">La secretaria de Junta de Vecinos de Puerto Gala, Sandra Meza, consider\u00f3 \u201cEst\u00e1 interesante porque igual aclaras varias dudas sobre el rol como como l\u00edder dentro de tu localidad (\u2026) y aparte que uno puede establecer intercambio de opiniones, puede tambi\u00e9n ver otras realidades. Hay gente de todas partes, entonces siempre se sacan cosas positivas\u201d, as\u00ed tambi\u00e9n la Presidenta de la Junta de Vecinos de Puerto Gaviota, Lorena C\u00e1rcamo, explic\u00f3 \u201cNos est\u00e1n capacitando para que nosotros como dirigentes, veamos todos los puntos de vista, (\u2026) en como nosotros podemos acercarnos a nuestra comunidad, c\u00f3mo podemos desarrollar las problem\u00e1ticas, darle soluci\u00f3n a algo. C\u00f3mo podemos tambi\u00e9n aprender a escuchar a las personas. As\u00ed que estoy contenta igual, porque as\u00ed uno ac\u00e1 se viene a llenar de informaci\u00f3n y a ser una buena gu\u00eda y una buena dirigente\u201d.<\/p>\n<p style=\"text-align: justify;\">Desde Ra\u00fal Mar\u00edn Balmaceda y en representaci\u00f3n del sindicato de pescadores y c\u00e1mara de turismo, Kurt Klein, destac\u00f3 que el proyecto GEF \u201cnos ha ayudado a poder entablar relaciones con todo el ente gubernamental, en sentarnos todos en una misma mesa para llegar a consensos y soluciones\u201d, destacando que el curso les est\u00e1 entregando nuevas herramientas para \u00a0solucionar problemas y canalizar la forma de llegar a las autoridades para poder solucionar los principales \u00a0temas de la localidad \u201cque se deben mejorar, como el cuidado de los recursos, que haya un buen manejo de esto ya para que no haya una sobreexplotaci\u00f3n, que esto perdure en el tiempo hacia las futuras generaciones\u201d.<\/p>\n<p style=\"text-align: justify;\">El curso abord\u00f3 la importancia de la facilitaci\u00f3n en la sostenibilidad de los recursos y sistemas locales, respondiendo a la necesidad expresada por las comunidades locales de mejorar sus habilidades para participar efectivamente en los procesos de toma de decisiones. A lo largo de dos d\u00edas intensivos, los participantes exploraron modelos de facilitaci\u00f3n, desarrollaron competencias clave y recibieron herramientas pr\u00e1cticas para mejorar la gesti\u00f3n y la gobernanza a nivel local.<\/p>\n<p style=\"text-align: justify;\">La relator\u00eda estuvo a cargo del consultor internacional FAO, especializado en temas de gobernanza, Henning Peter, quien explic\u00f3\u00a0 \u201cel trabajo que se hace en las comunidades, el desarrollo local y la gobernanza requiere que los que asisten facilitan los procesos, desarrollar m\u00e1s capacidades. Entonces, el curso enfoca mayormente en que los participantes que todos son de servicios p\u00fablicos, de ONGs, de un centro de investigaci\u00f3n y l\u00edderes y lideresas de las comunidades, conozcan conceptos de facilitaci\u00f3n y tambi\u00e9n aprenden algunas pr\u00e1cticas que les sirven para su trabajo en grupos organizados en las comunidades\u201d.<\/p>\n<p style=\"text-align: justify;\">Las sesiones del curso incluyeron trabajo colaborativo, presentaciones te\u00f3ricas y ejercicios pr\u00e1cticos. Los y las asistentes tuvieron la oportunidad de reflexionar sobre sus experiencias personales y laborales, identificando \u00e1reas de mejora y fortalecimiento. Adem\u00e1s, se discutieron t\u00e9cnicas espec\u00edficas de comunicaci\u00f3n, manejo de reuniones y desarrollo personal, todo enfocado en potenciar su rol como facilitadores en sus comunidades.<\/p>\n<p style=\"text-align: justify;\">La profesional del Laboratorio Eco Clim\u00e1tico CIEP, Manuela L\u00f3pez, agradeci\u00f3 la invitaci\u00f3n que permiti\u00f3 que desde su direcci\u00f3n de vinculaci\u00f3n incluyeran a dos equipos que trabajan la tem\u00e1tica de gobernanza y con comunidades, y reconoci\u00f3 \u201ccoment\u00e1bamos cuando partimos con la actividad lo importante de que estemos todos convocados, que no solo hable el Estado con el Estado, la academia, con la academia y la comunidad con la comunidad, \u00bfno? Que todos podamos conversar y discutir (\u2026) con cr\u00edticas constructivas, que avancemos y que reconozcamos en realidad la necesidad de una coordinaci\u00f3n en conjunto\u201d, mientras que la coordinadora de fomento y turismo de la Municipalidad de Cisnes, Lorena Lehnebach, destac\u00f3 desde el rol activo del municipio en el proyecto Gobernanza Marina Costera la relevancia de \u201cestar presente con nuestros l\u00edderes, con nuestros representantes, de cada una de las localidades es important\u00edsimo para establecer esas redes, para fortalecerlas. Toda la comunicaci\u00f3n que tenemos que ir manteniendo siempre para concretar esos resultados de gobernanza y de todos los proyectos que llevamos a cabo en la comuna\u201d.<\/p>\n<p style=\"text-align: justify;\">La capacitaci\u00f3n represent\u00f3 un esfuerzo significativo para empoderar a los l\u00edderes locales, fortaleciendo la gobernanza y la gesti\u00f3n sustentable en la Regi\u00f3n de Ays\u00e9n. Los organizadores destacaron la participaci\u00f3n activa y el compromiso de los asistentes, subrayando la relevancia de este tipo de iniciativas para el desarrollo regional y la conservaci\u00f3n de los recursos marino-costeros.<\/p>\n<\/div><\/section><\/div><div  style='height:50px' class='hr hr-invisible   avia-builder-el-6  el_after_av_one_full  el_before_av_social_share '><span class='hr-inner ' ><span class='hr-inner-style'><\/span><\/span><\/div><\/p>\n<div  class='av-social-sharing-box  avia-builder-el-7  el_after_av_hr  el_before_av_hr  '><div class='av-share-box'><h5 class='av-share-link-description av-no-toc '>Compartir esta noticia<\/h5><ul class='av-share-box-list noLightbox'><li class='av-share-link av-social-link-facebook' ><a target=\"_blank\" aria-label=\"Compartir en Facebook\" href='https:\/\/www.facebook.com\/sharer.php?u=https:\/\/radiorevelacionfm.cl\/?p=45093&#038;t=Gobernanza%20Marino%20Costera%3A%20Proyecto%20GEF%20de%20Medio%20Ambiente%20y%20FAO%20capacita%20a%20l%C3%ADderes%20locales%20en%20facilitaci%C3%B3n%20de%20procesos' aria-hidden='false' data-av_icon='\ue8f3' data-av_iconfont='entypo-fontello' title='' data-avia-related-tooltip='Compartir en Facebook' rel=\"noopener\"><span class='avia_hidden_link_text'>Compartir en Facebook<\/span><\/a><\/li><li class='av-share-link av-social-link-twitter' ><a target=\"_blank\" aria-label=\"Compartir en Twitter\" href='https:\/\/twitter.com\/share?text=Gobernanza%20Marino%20Costera%3A%20Proyecto%20GEF%20de%20Medio%20Ambiente%20y%20FAO%20capacita%20a%20l%C3%ADderes%20locales%20en%20facilitaci%C3%B3n%20de%20procesos&#038;url=https:\/\/radiorevelacionfm.cl\/?p=45093' aria-hidden='false' data-av_icon='\ue8f1' data-av_iconfont='entypo-fontello' title='' data-avia-related-tooltip='Compartir en Twitter' rel=\"noopener\"><span class='avia_hidden_link_text'>Compartir en Twitter<\/span><\/a><\/li><li class='av-share-link av-social-link-whatsapp' ><a target=\"_blank\" aria-label=\"Compartir en Whatsapp\" href='https:\/\/api.whatsapp.com\/send?text=https:\/\/radiorevelacionfm.cl\/?p=45093' aria-hidden='false' data-av_icon='\uf232' data-av_iconfont='entypo-fontello' title='' data-avia-related-tooltip='Compartir en Whatsapp' rel=\"noopener\"><span class='avia_hidden_link_text'>Compartir en Whatsapp<\/span><\/a><\/li><li class='av-share-link av-social-link-linkedin' ><a target=\"_blank\" aria-label=\"Compartir en LinkedIn\" href='https:\/\/linkedin.com\/shareArticle?mini=true&#038;title=Gobernanza%20Marino%20Costera%3A%20Proyecto%20GEF%20de%20Medio%20Ambiente%20y%20FAO%20capacita%20a%20l%C3%ADderes%20locales%20en%20facilitaci%C3%B3n%20de%20procesos&#038;url=https:\/\/radiorevelacionfm.cl\/?p=45093' aria-hidden='false' data-av_icon='\ue8fc' data-av_iconfont='entypo-fontello' title='' data-avia-related-tooltip='Compartir en LinkedIn' rel=\"noopener\"><span class='avia_hidden_link_text'>Compartir en LinkedIn<\/span><\/a><\/li><li class='av-share-link av-social-link-mail' ><a  aria-label=\"Compartir por correo\" href='mailto:?subject=Gobernanza%20Marino%20Costera%3A%20Proyecto%20GEF%20de%20Medio%20Ambiente%20y%20FAO%20capacita%20a%20l%C3%ADderes%20locales%20en%20facilitaci%C3%B3n%20de%20procesos&#038;body=https:\/\/radiorevelacionfm.cl\/?p=45093' aria-hidden='false' data-av_icon='\ue805' data-av_iconfont='entypo-fontello' title='' data-avia-related-tooltip='Compartir por correo'><span class='avia_hidden_link_text'>Compartir por correo<\/span><\/a><\/li><\/ul><\/div><\/div>\n<div  style='height:50px' class='hr hr-invisible   avia-builder-el-8  el_after_av_social_share  el_before_av_comments_list '><span class='hr-inner ' ><span class='hr-inner-style'><\/span><\/span><\/div>\n<div  class='av-buildercomment  av-blog-meta-html-info-disabled av-blog-meta-tag-disabled  '><\/div>\n","protected":false},"excerpt":{"rendered":"","protected":false},"author":1,"featured_media":45094,"comment_status":"open","ping_status":"open","sticky":false,"template":"","format":"standard","meta":{"footnotes":""},"categories":[39],"tags":[],"class_list":["post-45093","post","type-post","status-publish","format-standard","has-post-thumbnail","hentry","category-medio-ambiente"],"jetpack_featured_media_url":"https:\/\/radiorevelacionfm.cl\/wp-content\/uploads\/2024\/08\/20240805_130705696_ios-1-1_optimized-1.jpg","_links":{"self":[{"href":"https:\/\/radiorevelacionfm.cl\/index.php?rest_route=\/wp\/v2\/posts\/45093","targetHints":{"allow":["GET"]}}],"collection":[{"href":"https:\/\/radiorevelacionfm.cl\/index.php?rest_route=\/wp\/v2\/posts"}],"about":[{"href":"https:\/\/radiorevelacionfm.cl\/index.php?rest_route=\/wp\/v2\/types\/post"}],"author":[{"embeddable":true,"href":"https:\/\/radiorevelacionfm.cl\/index.php?rest_route=\/wp\/v2\/users\/1"}],"replies":[{"embeddable":true,"href":"https:\/\/radiorevelacionfm.cl\/index.php?rest_route=%2Fwp%2Fv2%2Fcomments&post=45093"}],"version-history":[{"count":1,"href":"https:\/\/radiorevelacionfm.cl\/index.php?rest_route=\/wp\/v2\/posts\/45093\/revisions"}],"predecessor-version":[{"id":45095,"href":"https:\/\/radiorevelacionfm.cl\/index.php?rest_route=\/wp\/v2\/posts\/45093\/revisions\/45095"}],"wp:featuredmedia":[{"embeddable":true,"href":"https:\/\/radiorevelacionfm.cl\/index.php?rest_route=\/wp\/v2\/media\/45094"}],"wp:attachment":[{"href":"https:\/\/radiorevelacionfm.cl\/index.php?rest_route=%2Fwp%2Fv2%2Fmedia&parent=45093"}],"wp:term":[{"taxonomy":"category","embeddable":true,"href":"https:\/\/radiorevelacionfm.cl\/index.php?rest_route=%2Fwp%2Fv2%2Fcategories&post=45093"},{"taxonomy":"post_tag","embeddable":true,"href":"https:\/\/radiorevelacionfm.cl\/index.php?rest_route=%2Fwp%2Fv2%2Ftags&post=45093"}],"curies":[{"name":"wp","href":"https:\/\/api.w.org\/{rel}","templated":true}]}}