{"id":45090,"date":"2024-08-12T18:33:35","date_gmt":"2024-08-12T21:33:35","guid":{"rendered":"https:\/\/radiorevelacionfm.cl\/?p=45090"},"modified":"2024-08-12T18:33:35","modified_gmt":"2024-08-12T21:33:35","slug":"bienes-nacionales-desarrollo-primer-espacio-de-dialogo-en-el-marco-de-la-ley-karin","status":"publish","type":"post","link":"https:\/\/radiorevelacionfm.cl\/?p=45090","title":{"rendered":"Bienes Nacionales desarroll\u00f3 primer espacio de di\u00e1logo en el marco de la Ley Karin"},"content":{"rendered":"<div class=\"flex_column av_one_full  flex_column_div av-zero-column-padding first  avia-builder-el-0  el_before_av_one_full  avia-builder-el-first  \" style='border-radius:0px; '><div  class='avia-image-container  av-styling-    avia-builder-el-1  avia-builder-el-no-sibling  avia-align-center '  itemprop=\"image\" itemscope=\"itemscope\" itemtype=\"https:\/\/schema.org\/ImageObject\"  ><div class='avia-image-container-inner'><div class='avia-image-overlay-wrap'><img decoding=\"async\" class='wp-image-45091 avia-img-lazy-loading-not-45091 avia_image' src=\"https:\/\/radiorevelacionfm.cl\/wp-content\/uploads\/2024\/08\/whatsapp-image-2024-08-09-at-3_optimized.48.36-pm-1.jpeg\" alt='' title='whatsapp-image-2024-08-09-at-3_optimized.48.36-pm-(1)' height=\"600\" width=\"863\"  itemprop=\"thumbnailUrl\" srcset=\"https:\/\/radiorevelacionfm.cl\/wp-content\/uploads\/2024\/08\/whatsapp-image-2024-08-09-at-3_optimized.48.36-pm-1.jpeg 863w, https:\/\/radiorevelacionfm.cl\/wp-content\/uploads\/2024\/08\/whatsapp-image-2024-08-09-at-3_optimized.48.36-pm-1-300x209.jpeg 300w, https:\/\/radiorevelacionfm.cl\/wp-content\/uploads\/2024\/08\/whatsapp-image-2024-08-09-at-3_optimized.48.36-pm-1-768x534.jpeg 768w, https:\/\/radiorevelacionfm.cl\/wp-content\/uploads\/2024\/08\/whatsapp-image-2024-08-09-at-3_optimized.48.36-pm-1-705x490.jpeg 705w, https:\/\/radiorevelacionfm.cl\/wp-content\/uploads\/2024\/08\/whatsapp-image-2024-08-09-at-3_optimized.48.36-pm-1-450x313.jpeg 450w, https:\/\/radiorevelacionfm.cl\/wp-content\/uploads\/2024\/08\/whatsapp-image-2024-08-09-at-3_optimized.48.36-pm-1-600x417.jpeg 600w\" sizes=\"(max-width: 863px) 100vw, 863px\" \/><\/div><\/div><\/div><\/div><div class=\"flex_column av_one_full  flex_column_div av-zero-column-padding first  avia-builder-el-2  el_after_av_one_full  el_before_av_one_full  column-top-margin\" style='border-radius:0px; '><section class=\"av_textblock_section \"  itemscope=\"itemscope\" itemtype=\"https:\/\/schema.org\/BlogPosting\" itemprop=\"blogPost\" ><div class='avia_textblock  '   itemprop=\"text\" ><p style=\"text-align: center;\"><span style=\"font-size: 18pt;\"><strong>Bienes Nacionales desarroll\u00f3 primer espacio de di\u00e1logo en el marco de la Ley Karin<\/strong><\/span><\/p>\n<div id=\"gtx-trans\" style=\"position: absolute; left: -50px; top: 4.31534px;\">\n<div class=\"gtx-trans-icon\"><\/div>\n<\/div>\n<\/div><\/section><\/div><div class=\"flex_column av_one_full  flex_column_div av-zero-column-padding first  avia-builder-el-4  el_after_av_one_full  el_before_av_hr  column-top-margin\" style='border-radius:0px; '><section class=\"av_textblock_section \"  itemscope=\"itemscope\" itemtype=\"https:\/\/schema.org\/BlogPosting\" itemprop=\"blogPost\" ><div class='avia_textblock  '   itemprop=\"text\" ><p style=\"text-align: justify;\">El pasado 1 de agosto entr\u00f3 en vigencia la Ley 21.643 m\u00e1s conocida como Ley Karin, normativa enfocada en la prevenci\u00f3n y protecci\u00f3n contra el acoso laboral, sexual y violencia en los espacios de trabajo, estableciendo medidas espec\u00edficas para que estos sean saludables.<\/p>\n<p style=\"text-align: justify;\">Es as\u00ed que, en distintos servicios del Estado se est\u00e1n desarrollando diferentes instancias para informar a trabajadores respecto de este importante marco legal. Lo propio sucedi\u00f3 al interior de la Seremi de Bienes Nacionales de Ays\u00e9n, donde se realiz\u00f3 una primera jornada de di\u00e1logo dirigida a las y los funcionarios con el fin de informar detalles de esta Ley, oportunidad en la que tambi\u00e9n se resolvieron dudas por parte de la analista de la Unidad Jur\u00eddica, Esperanza Ulloa en su rol de Encargada de G\u00e9nero del servicio.<\/p>\n<p style=\"text-align: justify;\">Sobre la charla, la secretaria regional ministerial, Irina Morend Valdebenito recalc\u00f3 \u201cest\u00e1 enfocada en la prevenci\u00f3n, es decir, c\u00f3mo se tiene que trabajar, abordar, cu\u00e1les son las cosas que est\u00e1n en la regulaci\u00f3n de la Ley\u2026todos los elementos, las definiciones y tambi\u00e9n c\u00f3mo se procede con esta nueva normativa que se implementa a nivel pa\u00eds y en este caso, lo que a nosotros nos compete, es generar los espacios para que los funcionarios conozcan esta nueva herramienta que busca adem\u00e1s de la sanci\u00f3n, prevenir la violencia en los espacios organizacionales. Esto adem\u00e1s, est\u00e1 en el marco de un compromiso que asumimos con la asociaci\u00f3n de funcionarios en la regi\u00f3n (Anfubienes), respecto de buscar estrategias de prevenci\u00f3n, soluci\u00f3n de conflictos o relaciones laborales con distinto grado de dificultad\u201d, afirm\u00f3 la Seremi.<\/p>\n<p style=\"text-align: justify;\">En ese contexto, Morend Valdebenito se\u00f1al\u00f3 que dentro de la organizaci\u00f3n existe un comit\u00e9 de funcionarios denominado Comit\u00e9 de Aplicaci\u00f3n, mediante el cual se canalizan espacios de discusi\u00f3n para detectar riesgos psicosociales a ra\u00edz de la aplicaci\u00f3n de una encuesta liderada por la Superintendencia de Seguridad Social, Suseso, instancias donde la voz de las y los funcionarios se plasma en estrategias que se deben realizar y una de estas fue precisamente la concreci\u00f3n de una charla. \u201cHay que resaltar que el Ministerio de Bienes Nacionales como servicio tambi\u00e9n est\u00e1 canalizando cursos, charlas y talleres virtuales que permiten a todos los funcionarios a nivel pa\u00eds, aprender de este marco legal y c\u00f3mo se previene de violencia organizacional o al interior de los espacios laborales\u201d, \u00a0a\u00f1adi\u00f3 la Seremi, resaltando que este tipo de acciones son importantes al interior de las organizaciones porque permiten \u201cgenerar acuerdos y generar espacios de di\u00e1logo m\u00e1s que de conflictos\u201d, finaliz\u00f3.<\/p>\n<\/div><\/section><\/div><div  style='height:50px' class='hr hr-invisible   avia-builder-el-6  el_after_av_one_full  el_before_av_social_share '><span class='hr-inner ' ><span class='hr-inner-style'><\/span><\/span><\/div><\/p>\n<div  class='av-social-sharing-box  avia-builder-el-7  el_after_av_hr  el_before_av_hr  '><div class='av-share-box'><h5 class='av-share-link-description av-no-toc '>Compartir esta noticia<\/h5><ul class='av-share-box-list noLightbox'><li class='av-share-link av-social-link-facebook' ><a target=\"_blank\" aria-label=\"Compartir en Facebook\" href='https:\/\/www.facebook.com\/sharer.php?u=https:\/\/radiorevelacionfm.cl\/?p=45090&#038;t=Bienes%20Nacionales%20desarroll%C3%B3%20primer%20espacio%20de%20di%C3%A1logo%20en%20el%20marco%20de%20la%20Ley%20Karin' aria-hidden='false' data-av_icon='\ue8f3' data-av_iconfont='entypo-fontello' title='' data-avia-related-tooltip='Compartir en Facebook' rel=\"noopener\"><span class='avia_hidden_link_text'>Compartir en Facebook<\/span><\/a><\/li><li class='av-share-link av-social-link-twitter' ><a target=\"_blank\" aria-label=\"Compartir en Twitter\" href='https:\/\/twitter.com\/share?text=Bienes%20Nacionales%20desarroll%C3%B3%20primer%20espacio%20de%20di%C3%A1logo%20en%20el%20marco%20de%20la%20Ley%20Karin&#038;url=https:\/\/radiorevelacionfm.cl\/?p=45090' aria-hidden='false' data-av_icon='\ue8f1' data-av_iconfont='entypo-fontello' title='' data-avia-related-tooltip='Compartir en Twitter' rel=\"noopener\"><span class='avia_hidden_link_text'>Compartir en Twitter<\/span><\/a><\/li><li class='av-share-link av-social-link-whatsapp' ><a target=\"_blank\" aria-label=\"Compartir en Whatsapp\" href='https:\/\/api.whatsapp.com\/send?text=https:\/\/radiorevelacionfm.cl\/?p=45090' aria-hidden='false' data-av_icon='\uf232' data-av_iconfont='entypo-fontello' title='' data-avia-related-tooltip='Compartir en Whatsapp' rel=\"noopener\"><span class='avia_hidden_link_text'>Compartir en Whatsapp<\/span><\/a><\/li><li class='av-share-link av-social-link-linkedin' ><a target=\"_blank\" aria-label=\"Compartir en LinkedIn\" href='https:\/\/linkedin.com\/shareArticle?mini=true&#038;title=Bienes%20Nacionales%20desarroll%C3%B3%20primer%20espacio%20de%20di%C3%A1logo%20en%20el%20marco%20de%20la%20Ley%20Karin&#038;url=https:\/\/radiorevelacionfm.cl\/?p=45090' aria-hidden='false' data-av_icon='\ue8fc' data-av_iconfont='entypo-fontello' title='' data-avia-related-tooltip='Compartir en LinkedIn' rel=\"noopener\"><span class='avia_hidden_link_text'>Compartir en LinkedIn<\/span><\/a><\/li><li class='av-share-link av-social-link-mail' ><a  aria-label=\"Compartir por correo\" href='mailto:?subject=Bienes%20Nacionales%20desarroll%C3%B3%20primer%20espacio%20de%20di%C3%A1logo%20en%20el%20marco%20de%20la%20Ley%20Karin&#038;body=https:\/\/radiorevelacionfm.cl\/?p=45090' aria-hidden='false' data-av_icon='\ue805' data-av_iconfont='entypo-fontello' title='' data-avia-related-tooltip='Compartir por correo'><span class='avia_hidden_link_text'>Compartir por correo<\/span><\/a><\/li><\/ul><\/div><\/div>\n<div  style='height:50px' class='hr hr-invisible   avia-builder-el-8  el_after_av_social_share  el_before_av_comments_list '><span class='hr-inner ' ><span class='hr-inner-style'><\/span><\/span><\/div>\n<div  class='av-buildercomment  av-blog-meta-html-info-disabled av-blog-meta-tag-disabled  '><\/div>\n","protected":false},"excerpt":{"rendered":"","protected":false},"author":1,"featured_media":45091,"comment_status":"open","ping_status":"open","sticky":false,"template":"","format":"standard","meta":{"footnotes":""},"categories":[38],"tags":[],"class_list":["post-45090","post","type-post","status-publish","format-standard","has-post-thumbnail","hentry","category-regional"],"jetpack_featured_media_url":"https:\/\/radiorevelacionfm.cl\/wp-content\/uploads\/2024\/08\/whatsapp-image-2024-08-09-at-3_optimized.48.36-pm-1.jpeg","_links":{"self":[{"href":"https:\/\/radiorevelacionfm.cl\/index.php?rest_route=\/wp\/v2\/posts\/45090","targetHints":{"allow":["GET"]}}],"collection":[{"href":"https:\/\/radiorevelacionfm.cl\/index.php?rest_route=\/wp\/v2\/posts"}],"about":[{"href":"https:\/\/radiorevelacionfm.cl\/index.php?rest_route=\/wp\/v2\/types\/post"}],"author":[{"embeddable":true,"href":"https:\/\/radiorevelacionfm.cl\/index.php?rest_route=\/wp\/v2\/users\/1"}],"replies":[{"embeddable":true,"href":"https:\/\/radiorevelacionfm.cl\/index.php?rest_route=%2Fwp%2Fv2%2Fcomments&post=45090"}],"version-history":[{"count":1,"href":"https:\/\/radiorevelacionfm.cl\/index.php?rest_route=\/wp\/v2\/posts\/45090\/revisions"}],"predecessor-version":[{"id":45092,"href":"https:\/\/radiorevelacionfm.cl\/index.php?rest_route=\/wp\/v2\/posts\/45090\/revisions\/45092"}],"wp:featuredmedia":[{"embeddable":true,"href":"https:\/\/radiorevelacionfm.cl\/index.php?rest_route=\/wp\/v2\/media\/45091"}],"wp:attachment":[{"href":"https:\/\/radiorevelacionfm.cl\/index.php?rest_route=%2Fwp%2Fv2%2Fmedia&parent=45090"}],"wp:term":[{"taxonomy":"category","embeddable":true,"href":"https:\/\/radiorevelacionfm.cl\/index.php?rest_route=%2Fwp%2Fv2%2Fcategories&post=45090"},{"taxonomy":"post_tag","embeddable":true,"href":"https:\/\/radiorevelacionfm.cl\/index.php?rest_route=%2Fwp%2Fv2%2Ftags&post=45090"}],"curies":[{"name":"wp","href":"https:\/\/api.w.org\/{rel}","templated":true}]}}