{"id":45087,"date":"2024-08-12T17:12:47","date_gmt":"2024-08-12T20:12:47","guid":{"rendered":"https:\/\/radiorevelacionfm.cl\/?p=45087"},"modified":"2024-08-12T17:12:47","modified_gmt":"2024-08-12T20:12:47","slug":"ponen-en-valor-rol-de-dirigentes-sociales-en-el-crecimiento-comunal-de-aysen","status":"publish","type":"post","link":"https:\/\/radiorevelacionfm.cl\/?p=45087","title":{"rendered":"Ponen en valor rol de dirigentes sociales en el crecimiento comunal de Ays\u00e9n"},"content":{"rendered":"<div class=\"flex_column av_one_full  flex_column_div av-zero-column-padding first  avia-builder-el-0  el_before_av_one_full  avia-builder-el-first  \" style='border-radius:0px; '><div  class='avia-image-container  av-styling-    avia-builder-el-1  avia-builder-el-no-sibling  avia-align-center '  itemprop=\"image\" itemscope=\"itemscope\" itemtype=\"https:\/\/schema.org\/ImageObject\"  ><div class='avia-image-container-inner'><div class='avia-image-overlay-wrap'><img decoding=\"async\" class='wp-image-45088 avia-img-lazy-loading-not-45088 avia_image' src=\"https:\/\/radiorevelacionfm.cl\/wp-content\/uploads\/2024\/08\/dirigentes-aysen-4-1_optimized-1.jpg\" alt='' title='dirigentes-aysen-4-(1)_optimized (1)' height=\"600\" width=\"1067\"  itemprop=\"thumbnailUrl\" srcset=\"https:\/\/radiorevelacionfm.cl\/wp-content\/uploads\/2024\/08\/dirigentes-aysen-4-1_optimized-1.jpg 1067w, https:\/\/radiorevelacionfm.cl\/wp-content\/uploads\/2024\/08\/dirigentes-aysen-4-1_optimized-1-300x169.jpg 300w, https:\/\/radiorevelacionfm.cl\/wp-content\/uploads\/2024\/08\/dirigentes-aysen-4-1_optimized-1-1030x579.jpg 1030w, https:\/\/radiorevelacionfm.cl\/wp-content\/uploads\/2024\/08\/dirigentes-aysen-4-1_optimized-1-768x432.jpg 768w, https:\/\/radiorevelacionfm.cl\/wp-content\/uploads\/2024\/08\/dirigentes-aysen-4-1_optimized-1-705x396.jpg 705w, https:\/\/radiorevelacionfm.cl\/wp-content\/uploads\/2024\/08\/dirigentes-aysen-4-1_optimized-1-450x253.jpg 450w, https:\/\/radiorevelacionfm.cl\/wp-content\/uploads\/2024\/08\/dirigentes-aysen-4-1_optimized-1-600x337.jpg 600w\" sizes=\"(max-width: 1067px) 100vw, 1067px\" \/><\/div><\/div><\/div><\/div><div class=\"flex_column av_one_full  flex_column_div av-zero-column-padding first  avia-builder-el-2  el_after_av_one_full  el_before_av_one_full  column-top-margin\" style='border-radius:0px; '><section class=\"av_textblock_section \"  itemscope=\"itemscope\" itemtype=\"https:\/\/schema.org\/BlogPosting\" itemprop=\"blogPost\" ><div class='avia_textblock  '   itemprop=\"text\" ><p style=\"text-align: center;\"><strong><span style=\"font-size: 18pt;\">Ponen en valor rol de dirigentes sociales en el crecimiento comunal de Ays\u00e9n<\/span><\/strong><\/p>\n<div id=\"gtx-trans\" style=\"position: absolute; left: -50px; top: 4.31534px;\">\n<div class=\"gtx-trans-icon\"><\/div>\n<\/div>\n<\/div><\/section><\/div><div class=\"flex_column av_one_full  flex_column_div av-zero-column-padding first  avia-builder-el-4  el_after_av_one_full  el_before_av_hr  column-top-margin\" style='border-radius:0px; '><section class=\"av_textblock_section \"  itemscope=\"itemscope\" itemtype=\"https:\/\/schema.org\/BlogPosting\" itemprop=\"blogPost\" ><div class='avia_textblock  '   itemprop=\"text\" ><p style=\"text-align: justify;\"><em>La m\u00e1xima autoridad comunal pidi\u00f3 a los presentes un minuto de silencio en memoria de las personas fallecidas tras accidente a\u00e9reo en sector Las Horquetas.<\/em><\/p>\n<p style=\"text-align: justify;\">Una ceremonia sencilla, pero de gran relevancia llev\u00f3 a cabo la Ilustre Municipalidad de Ays\u00e9n, a trav\u00e9s de la Dideco y su oficina de Organizaciones Comunitarias, instancia en la que fueron convocadas las y los dirigentes sociales, como forma de reconocer su importante labor en \u00e1reas como la salud, educaci\u00f3n, vivienda, deporte, social, cultural, entre otras.<\/p>\n<p style=\"text-align: justify;\">La actividad se inici\u00f3 con palabras del alcalde, Julio Uribe, quien solicit\u00f3 a los presentes un minuto de silencio en memoria y respeto de las personas fallecidas, en el accidente a\u00e9reo ocurrido en el sector Las Horquetas. Posteriormente, puso en valor el rol de los dirigentes y su gran aporte al crecimiento comunal.<\/p>\n<p style=\"text-align: justify;\">\u201cTodos nuestros dirigentes preocupados en seguir avanzando con su Municipio, poder trabajar en m\u00e1s desarrollo y eso se consigue a trav\u00e9s de la cercan\u00eda con los dirigentes. Esto lo hemos hecho desde el primer d\u00eda como alcalde, esos son los frutos que hemos mostrado hoy d\u00eda, del desarrollo de nuestra comuna y el avance que hemos tenido junto a nuestros dirigentes\u201d.<\/p>\n<p style=\"text-align: justify;\">Jessica Ferrada, dirigenta de un comit\u00e9 de mejoramiento termino, agradeci\u00f3 la instancia de reuni\u00f3n junto a sus pares propiciada por la Municipalidad de Ays\u00e9n. \u201cPersonalmente me siento muy feliz, muy beneficiada, con esta invitaci\u00f3n que hizo la alcald\u00eda y la autoridad presente para poder compartir, poder dialogar y conocernos m\u00e1s con otros dirigentes y hacer que esto engrandezca m\u00e1s la parte social y comunitaria\u201d.<\/p>\n<p style=\"text-align: justify;\">Esquivel Bravo, presidente de Anfa local, tambi\u00e9n puso en valor el encuentro de dirigentes, rescatando el minuto de silencio en memoria de las personas fallecidas en el accidente a\u00e9reo, ocurrido el pasado viernes.<\/p>\n<p style=\"text-align: justify;\">\u201cUna gran pena por lo sucedido en nuestra regi\u00f3n a ra\u00edz del accidente a\u00e9reo y obviamente ameritaba el minuto de silencio que hizo la autoridad. Pero tambi\u00e9n creo que, es s\u00faper importante este reconocimiento hacia todos los dirigentes sociales, deportivos, culturales, creo que, el trabajo que se hace al mando de diferentes entidades, es muy relevante para toda nuestra comunidad. As\u00ed como lo manifest\u00f3 el se\u00f1or alcalde y la se\u00f1ora Rita, el dirigente cumple un rol muy importante en la comunidad\u201d.<\/p>\n<p style=\"text-align: justify;\">En la actividad tambi\u00e9n hubo dirigentes de organizaciones juveniles, es el caso de, Elisa Jacob, quien se mostr\u00f3 muy grata de asistir a la jornada. \u201cAgradecida de la invitaci\u00f3n, que igual es una gran oportunidad, porque no conoc\u00eda toda la cantidad de dirigentes que hay en la comuna. As\u00ed que, aprovechamos de compartir entre todos, ya que, muchas veces la comunidad no sabe lo que hacemos los dirigentes sociales, ya que, algunos pueden estar relacionados con las agrupaciones de discapacidad, adultos mayores o en mi caso, que pertenecemos a actividades relacionadas con los j\u00f3venes\u201d.<\/p>\n<p style=\"text-align: justify;\">La Reina de Ays\u00e9n y dirigenta de diversas organizaciones, Leda Andrade, destac\u00f3 la actividad coordinada por el Municipio, donde asegura que lo disfrut\u00f3 mucho, \u201csi muy lindo todo, porque es bueno acordarse de los dirigentes, porque este es un trabajo muy ingrato, de repente nadie lo reconoce, recibe cr\u00edticas, pero a quien le gusta, sigue trabajando sin interesar los comentarios y esta actividad organizada por la Municipalidad estuvo todo muy lindo\u201d.<\/p>\n<p style=\"text-align: justify;\">En la oportunidad, el acalde Julio Uribe, resumi\u00f3 algunas de las obras que est\u00e1n en ejecuci\u00f3n, proyectos que est\u00e1n pr\u00f3ximos a finalizar y otras iniciativas recientemente aprobadas por el pleno del Consejo Regional.<\/p>\n<\/div><\/section><\/div><div  style='height:50px' class='hr hr-invisible   avia-builder-el-6  el_after_av_one_full  el_before_av_social_share '><span class='hr-inner ' ><span class='hr-inner-style'><\/span><\/span><\/div><\/p>\n<div  class='av-social-sharing-box  avia-builder-el-7  el_after_av_hr  el_before_av_hr  '><div class='av-share-box'><h5 class='av-share-link-description av-no-toc '>Compartir esta noticia<\/h5><ul class='av-share-box-list noLightbox'><li class='av-share-link av-social-link-facebook' ><a target=\"_blank\" aria-label=\"Compartir en Facebook\" href='https:\/\/www.facebook.com\/sharer.php?u=https:\/\/radiorevelacionfm.cl\/?p=45087&#038;t=Ponen%20en%20valor%20rol%20de%20dirigentes%20sociales%20en%20el%20crecimiento%20comunal%20de%20Ays%C3%A9n' aria-hidden='false' data-av_icon='\ue8f3' data-av_iconfont='entypo-fontello' title='' data-avia-related-tooltip='Compartir en Facebook' rel=\"noopener\"><span class='avia_hidden_link_text'>Compartir en Facebook<\/span><\/a><\/li><li class='av-share-link av-social-link-twitter' ><a target=\"_blank\" aria-label=\"Compartir en Twitter\" href='https:\/\/twitter.com\/share?text=Ponen%20en%20valor%20rol%20de%20dirigentes%20sociales%20en%20el%20crecimiento%20comunal%20de%20Ays%C3%A9n&#038;url=https:\/\/radiorevelacionfm.cl\/?p=45087' aria-hidden='false' data-av_icon='\ue8f1' data-av_iconfont='entypo-fontello' title='' data-avia-related-tooltip='Compartir en Twitter' rel=\"noopener\"><span class='avia_hidden_link_text'>Compartir en Twitter<\/span><\/a><\/li><li class='av-share-link av-social-link-whatsapp' ><a target=\"_blank\" aria-label=\"Compartir en Whatsapp\" href='https:\/\/api.whatsapp.com\/send?text=https:\/\/radiorevelacionfm.cl\/?p=45087' aria-hidden='false' data-av_icon='\uf232' data-av_iconfont='entypo-fontello' title='' data-avia-related-tooltip='Compartir en Whatsapp' rel=\"noopener\"><span class='avia_hidden_link_text'>Compartir en Whatsapp<\/span><\/a><\/li><li class='av-share-link av-social-link-linkedin' ><a target=\"_blank\" aria-label=\"Compartir en LinkedIn\" href='https:\/\/linkedin.com\/shareArticle?mini=true&#038;title=Ponen%20en%20valor%20rol%20de%20dirigentes%20sociales%20en%20el%20crecimiento%20comunal%20de%20Ays%C3%A9n&#038;url=https:\/\/radiorevelacionfm.cl\/?p=45087' aria-hidden='false' data-av_icon='\ue8fc' data-av_iconfont='entypo-fontello' title='' data-avia-related-tooltip='Compartir en LinkedIn' rel=\"noopener\"><span class='avia_hidden_link_text'>Compartir en LinkedIn<\/span><\/a><\/li><li class='av-share-link av-social-link-mail' ><a  aria-label=\"Compartir por correo\" href='mailto:?subject=Ponen%20en%20valor%20rol%20de%20dirigentes%20sociales%20en%20el%20crecimiento%20comunal%20de%20Ays%C3%A9n&#038;body=https:\/\/radiorevelacionfm.cl\/?p=45087' aria-hidden='false' data-av_icon='\ue805' data-av_iconfont='entypo-fontello' title='' data-avia-related-tooltip='Compartir por correo'><span class='avia_hidden_link_text'>Compartir por correo<\/span><\/a><\/li><\/ul><\/div><\/div>\n<div  style='height:50px' class='hr hr-invisible   avia-builder-el-8  el_after_av_social_share  el_before_av_comments_list '><span class='hr-inner ' ><span class='hr-inner-style'><\/span><\/span><\/div>\n<div  class='av-buildercomment  av-blog-meta-html-info-disabled av-blog-meta-tag-disabled  '><\/div>\n","protected":false},"excerpt":{"rendered":"","protected":false},"author":1,"featured_media":45088,"comment_status":"open","ping_status":"open","sticky":false,"template":"","format":"standard","meta":{"footnotes":""},"categories":[38],"tags":[],"class_list":["post-45087","post","type-post","status-publish","format-standard","has-post-thumbnail","hentry","category-regional"],"jetpack_featured_media_url":"https:\/\/radiorevelacionfm.cl\/wp-content\/uploads\/2024\/08\/dirigentes-aysen-4-1_optimized-1.jpg","_links":{"self":[{"href":"https:\/\/radiorevelacionfm.cl\/index.php?rest_route=\/wp\/v2\/posts\/45087","targetHints":{"allow":["GET"]}}],"collection":[{"href":"https:\/\/radiorevelacionfm.cl\/index.php?rest_route=\/wp\/v2\/posts"}],"about":[{"href":"https:\/\/radiorevelacionfm.cl\/index.php?rest_route=\/wp\/v2\/types\/post"}],"author":[{"embeddable":true,"href":"https:\/\/radiorevelacionfm.cl\/index.php?rest_route=\/wp\/v2\/users\/1"}],"replies":[{"embeddable":true,"href":"https:\/\/radiorevelacionfm.cl\/index.php?rest_route=%2Fwp%2Fv2%2Fcomments&post=45087"}],"version-history":[{"count":1,"href":"https:\/\/radiorevelacionfm.cl\/index.php?rest_route=\/wp\/v2\/posts\/45087\/revisions"}],"predecessor-version":[{"id":45089,"href":"https:\/\/radiorevelacionfm.cl\/index.php?rest_route=\/wp\/v2\/posts\/45087\/revisions\/45089"}],"wp:featuredmedia":[{"embeddable":true,"href":"https:\/\/radiorevelacionfm.cl\/index.php?rest_route=\/wp\/v2\/media\/45088"}],"wp:attachment":[{"href":"https:\/\/radiorevelacionfm.cl\/index.php?rest_route=%2Fwp%2Fv2%2Fmedia&parent=45087"}],"wp:term":[{"taxonomy":"category","embeddable":true,"href":"https:\/\/radiorevelacionfm.cl\/index.php?rest_route=%2Fwp%2Fv2%2Fcategories&post=45087"},{"taxonomy":"post_tag","embeddable":true,"href":"https:\/\/radiorevelacionfm.cl\/index.php?rest_route=%2Fwp%2Fv2%2Ftags&post=45087"}],"curies":[{"name":"wp","href":"https:\/\/api.w.org\/{rel}","templated":true}]}}