{"id":45083,"date":"2024-08-12T13:21:02","date_gmt":"2024-08-12T16:21:02","guid":{"rendered":"https:\/\/radiorevelacionfm.cl\/?p=45083"},"modified":"2024-08-12T13:21:02","modified_gmt":"2024-08-12T16:21:02","slug":"calisto-se-reune-con-trabajadores-de-la-industria-acuicola-ante-preocupacion-por-distintos-proyectos-que-se-discuten-en-el-congreso","status":"publish","type":"post","link":"https:\/\/radiorevelacionfm.cl\/?p=45083","title":{"rendered":"Calisto se re\u00fane con trabajadores de la industria acu\u00edcola ante preocupaci\u00f3n por distintos proyectos que se discuten en el Congreso"},"content":{"rendered":"<div class=\"flex_column av_one_full  flex_column_div av-zero-column-padding first  avia-builder-el-0  el_before_av_one_full  avia-builder-el-first  \" style='border-radius:0px; '><div  class='avia-image-container  av-styling-    avia-builder-el-1  avia-builder-el-no-sibling  avia-align-center '  itemprop=\"image\" itemscope=\"itemscope\" itemtype=\"https:\/\/schema.org\/ImageObject\"  ><div class='avia-image-container-inner'><div class='avia-image-overlay-wrap'><img decoding=\"async\" class='wp-image-45085 avia-img-lazy-loading-not-45085 avia_image' src=\"https:\/\/radiorevelacionfm.cl\/wp-content\/uploads\/2024\/08\/FOTO-TRABAJADORES-DEL-SALMON-1-1.jpg\" alt='' title='FOTO TRABAJADORES DEL SALM\u00d3N (1) (1)' height=\"600\" width=\"958\"  itemprop=\"thumbnailUrl\" srcset=\"https:\/\/radiorevelacionfm.cl\/wp-content\/uploads\/2024\/08\/FOTO-TRABAJADORES-DEL-SALMON-1-1.jpg 958w, https:\/\/radiorevelacionfm.cl\/wp-content\/uploads\/2024\/08\/FOTO-TRABAJADORES-DEL-SALMON-1-1-300x188.jpg 300w, https:\/\/radiorevelacionfm.cl\/wp-content\/uploads\/2024\/08\/FOTO-TRABAJADORES-DEL-SALMON-1-1-768x481.jpg 768w, https:\/\/radiorevelacionfm.cl\/wp-content\/uploads\/2024\/08\/FOTO-TRABAJADORES-DEL-SALMON-1-1-705x442.jpg 705w, https:\/\/radiorevelacionfm.cl\/wp-content\/uploads\/2024\/08\/FOTO-TRABAJADORES-DEL-SALMON-1-1-450x282.jpg 450w, https:\/\/radiorevelacionfm.cl\/wp-content\/uploads\/2024\/08\/FOTO-TRABAJADORES-DEL-SALMON-1-1-600x376.jpg 600w\" sizes=\"(max-width: 958px) 100vw, 958px\" \/><\/div><\/div><\/div><\/div><div class=\"flex_column av_one_full  flex_column_div av-zero-column-padding first  avia-builder-el-2  el_after_av_one_full  el_before_av_one_full  column-top-margin\" style='border-radius:0px; '><section class=\"av_textblock_section \"  itemscope=\"itemscope\" itemtype=\"https:\/\/schema.org\/BlogPosting\" itemprop=\"blogPost\" ><div class='avia_textblock  '   itemprop=\"text\" ><p style=\"text-align: center;\"><span style=\"font-size: 18pt;\"><b><span lang=\"ES\">Calisto se re\u00fane con trabajadores de la industria acu\u00edcola ante preocupaci\u00f3n por distintos proyectos que se discuten en el Congreso \u00a0<\/span><\/b><\/span><\/p>\n<div id=\"gtx-trans\" style=\"position: absolute; left: -50px; top: 4.31534px;\">\n<div class=\"gtx-trans-icon\"><\/div>\n<\/div>\n<\/div><\/section><\/div><div class=\"flex_column av_one_full  flex_column_div av-zero-column-padding first  avia-builder-el-4  el_after_av_one_full  el_before_av_hr  column-top-margin\" style='border-radius:0px; '><section class=\"av_textblock_section \"  itemscope=\"itemscope\" itemtype=\"https:\/\/schema.org\/BlogPosting\" itemprop=\"blogPost\" ><div class='avia_textblock  '   itemprop=\"text\" ><p style=\"font-weight: 400; text-align: justify;\">El diputado Miguel \u00c1ngel Calisto se reuni\u00f3 con dirigentes de los trabajadores de las empresas acu\u00edcolas de la zona sur austral, instancia donde le plantearon las preocupaciones del sector en torno a diversas normativas que se est\u00e1n discutiendo en el Congreso, como la nueva ley de pesca o posibles modificaciones a la Ley Lafkenche.<\/p>\n<p style=\"font-weight: 400; text-align: justify;\">Seg\u00fan el diputado Calisto, \u201cac\u00e1 tenemos trabajadores desde la Octava Regi\u00f3n hasta la regi\u00f3n de Magallanes. Hay que recordar que la actividad acu\u00edcola es tremendamente importante para el PIB de nuestra regi\u00f3n y de las otras regiones de la zona sur austral. Cuando defendemos la actividad acu\u00edcola y el rol que cumple la salmonicultura en el sur de Chile, lo que estamos haciendo es defender el trabajo de muchas familias\u201d.<\/p>\n<p style=\"font-weight: 400; text-align: justify;\">\u201cPor eso hemos insistido en la necesidad modificar la Ley Lafkenche y terminar con la incertidumbre cada vez que hay solicitudes extensas de uso de mar. Tambi\u00e9n estamos propiciando leyes que buscan garantizar que v\u00eda impuestos las empresas de acuicultura dejen mayores aportes a las regiones del sur\u201d, se\u00f1al\u00f3.<\/p>\n<p style=\"font-weight: 400; text-align: justify;\">Calisto agreg\u00f3 que \u201cese es el trabajo sist\u00e9mico e integral que tenemos que ir generando, de tal manera de validar tambi\u00e9n las actividades productivas para nuestra regi\u00f3n. Quiero destacar el esfuerzo de los trabajadores de esta industria, porque ellos se vinculan con la comunidad y con otras empresas que prestan servicios, aportando al desarrollo de nuestro litoral\u201d.<\/p>\n<p style=\"font-weight: 400; text-align: justify;\">Seg\u00fan Abraham Abad, Presidente del sindicato de Trabajadores de la industria Mowi, \u201ccomo trabajadores de la industria, para nosotros son muy preocupantes todos los proyectos de ley que han ingresado al Congreso. En eso agradecemos al Diputado Miguel \u00c1ngel Calisto que nos mantiene informados y que est\u00e1 muy atento ante posibles problemas que esto nos pueda generar como trabajadores en un futuro.<\/p>\n<p style=\"font-weight: 400; text-align: justify;\">\u201cSabemos que la econom\u00eda de la regi\u00f3n se mueve en torno el PIB de la industria acu\u00edcola. En la zona sur austral estamos siempre preocupados para que este PIB se pueda mantener en el tiempo. La invitaci\u00f3n es a seguir manteniendo este di\u00e1logo, en especial con miras a modificaciones a la Ley Lafquenche, y por supuesto la nueva ley de pesca que se est\u00e1 discutiendo en la comisi\u00f3n de la C\u00e1mara, de donde el diputado es integrante\u201d.<\/p>\n<p style=\"font-weight: 400; text-align: justify;\">Finalmente, la dirigenta de la Regi\u00f3n de Los Lagos, Miriam Ch\u00e1vez, asegur\u00f3 que \u201cquiero agradecer al diputado que nos acept\u00f3 la invitaci\u00f3n. Estamos preocupados por el proyecto de la Ley Lafkenche, la ley de acuicultura y algunas leyes laborales que hoy en d\u00eda se est\u00e1n discutiendo. Es importante que las autoridades est\u00e9n en l\u00ednea con lo que nosotros necesitamos\u201d.<\/p>\n<\/div><\/section><\/div><div  style='height:50px' class='hr hr-invisible   avia-builder-el-6  el_after_av_one_full  el_before_av_social_share '><span class='hr-inner ' ><span class='hr-inner-style'><\/span><\/span><\/div><\/p>\n<div  class='av-social-sharing-box  avia-builder-el-7  el_after_av_hr  el_before_av_hr  '><div class='av-share-box'><h5 class='av-share-link-description av-no-toc '>Compartir esta noticia<\/h5><ul class='av-share-box-list noLightbox'><li class='av-share-link av-social-link-facebook' ><a target=\"_blank\" aria-label=\"Compartir en Facebook\" href='https:\/\/www.facebook.com\/sharer.php?u=https:\/\/radiorevelacionfm.cl\/?p=45083&#038;t=Calisto%20se%20re%C3%BAne%20con%20trabajadores%20de%20la%20industria%20acu%C3%ADcola%20ante%20preocupaci%C3%B3n%20por%20distintos%20proyectos%20que%20se%20discuten%20en%20el%20Congreso' aria-hidden='false' data-av_icon='\ue8f3' data-av_iconfont='entypo-fontello' title='' data-avia-related-tooltip='Compartir en Facebook' rel=\"noopener\"><span class='avia_hidden_link_text'>Compartir en Facebook<\/span><\/a><\/li><li class='av-share-link av-social-link-twitter' ><a target=\"_blank\" aria-label=\"Compartir en Twitter\" href='https:\/\/twitter.com\/share?text=Calisto%20se%20re%C3%BAne%20con%20trabajadores%20de%20la%20industria%20acu%C3%ADcola%20ante%20preocupaci%C3%B3n%20por%20distintos%20proyectos%20que%20se%20discuten%20en%20el%20Congreso&#038;url=https:\/\/radiorevelacionfm.cl\/?p=45083' aria-hidden='false' data-av_icon='\ue8f1' data-av_iconfont='entypo-fontello' title='' data-avia-related-tooltip='Compartir en Twitter' rel=\"noopener\"><span class='avia_hidden_link_text'>Compartir en Twitter<\/span><\/a><\/li><li class='av-share-link av-social-link-whatsapp' ><a target=\"_blank\" aria-label=\"Compartir en Whatsapp\" href='https:\/\/api.whatsapp.com\/send?text=https:\/\/radiorevelacionfm.cl\/?p=45083' aria-hidden='false' data-av_icon='\uf232' data-av_iconfont='entypo-fontello' title='' data-avia-related-tooltip='Compartir en Whatsapp' rel=\"noopener\"><span class='avia_hidden_link_text'>Compartir en Whatsapp<\/span><\/a><\/li><li class='av-share-link av-social-link-linkedin' ><a target=\"_blank\" aria-label=\"Compartir en LinkedIn\" href='https:\/\/linkedin.com\/shareArticle?mini=true&#038;title=Calisto%20se%20re%C3%BAne%20con%20trabajadores%20de%20la%20industria%20acu%C3%ADcola%20ante%20preocupaci%C3%B3n%20por%20distintos%20proyectos%20que%20se%20discuten%20en%20el%20Congreso&#038;url=https:\/\/radiorevelacionfm.cl\/?p=45083' aria-hidden='false' data-av_icon='\ue8fc' data-av_iconfont='entypo-fontello' title='' data-avia-related-tooltip='Compartir en LinkedIn' rel=\"noopener\"><span class='avia_hidden_link_text'>Compartir en LinkedIn<\/span><\/a><\/li><li class='av-share-link av-social-link-mail' ><a  aria-label=\"Compartir por correo\" href='mailto:?subject=Calisto%20se%20re%C3%BAne%20con%20trabajadores%20de%20la%20industria%20acu%C3%ADcola%20ante%20preocupaci%C3%B3n%20por%20distintos%20proyectos%20que%20se%20discuten%20en%20el%20Congreso&#038;body=https:\/\/radiorevelacionfm.cl\/?p=45083' aria-hidden='false' data-av_icon='\ue805' data-av_iconfont='entypo-fontello' title='' data-avia-related-tooltip='Compartir por correo'><span class='avia_hidden_link_text'>Compartir por correo<\/span><\/a><\/li><\/ul><\/div><\/div>\n<div  style='height:50px' class='hr hr-invisible   avia-builder-el-8  el_after_av_social_share  el_before_av_comments_list '><span class='hr-inner ' ><span class='hr-inner-style'><\/span><\/span><\/div>\n<div  class='av-buildercomment  av-blog-meta-html-info-disabled av-blog-meta-tag-disabled  '><\/div>\n","protected":false},"excerpt":{"rendered":"","protected":false},"author":1,"featured_media":45085,"comment_status":"open","ping_status":"open","sticky":false,"template":"","format":"standard","meta":{"footnotes":""},"categories":[35],"tags":[],"class_list":["post-45083","post","type-post","status-publish","format-standard","has-post-thumbnail","hentry","category-politica"],"jetpack_featured_media_url":"https:\/\/radiorevelacionfm.cl\/wp-content\/uploads\/2024\/08\/FOTO-TRABAJADORES-DEL-SALMON-1-1.jpg","_links":{"self":[{"href":"https:\/\/radiorevelacionfm.cl\/index.php?rest_route=\/wp\/v2\/posts\/45083","targetHints":{"allow":["GET"]}}],"collection":[{"href":"https:\/\/radiorevelacionfm.cl\/index.php?rest_route=\/wp\/v2\/posts"}],"about":[{"href":"https:\/\/radiorevelacionfm.cl\/index.php?rest_route=\/wp\/v2\/types\/post"}],"author":[{"embeddable":true,"href":"https:\/\/radiorevelacionfm.cl\/index.php?rest_route=\/wp\/v2\/users\/1"}],"replies":[{"embeddable":true,"href":"https:\/\/radiorevelacionfm.cl\/index.php?rest_route=%2Fwp%2Fv2%2Fcomments&post=45083"}],"version-history":[{"count":1,"href":"https:\/\/radiorevelacionfm.cl\/index.php?rest_route=\/wp\/v2\/posts\/45083\/revisions"}],"predecessor-version":[{"id":45086,"href":"https:\/\/radiorevelacionfm.cl\/index.php?rest_route=\/wp\/v2\/posts\/45083\/revisions\/45086"}],"wp:featuredmedia":[{"embeddable":true,"href":"https:\/\/radiorevelacionfm.cl\/index.php?rest_route=\/wp\/v2\/media\/45085"}],"wp:attachment":[{"href":"https:\/\/radiorevelacionfm.cl\/index.php?rest_route=%2Fwp%2Fv2%2Fmedia&parent=45083"}],"wp:term":[{"taxonomy":"category","embeddable":true,"href":"https:\/\/radiorevelacionfm.cl\/index.php?rest_route=%2Fwp%2Fv2%2Fcategories&post=45083"},{"taxonomy":"post_tag","embeddable":true,"href":"https:\/\/radiorevelacionfm.cl\/index.php?rest_route=%2Fwp%2Fv2%2Ftags&post=45083"}],"curies":[{"name":"wp","href":"https:\/\/api.w.org\/{rel}","templated":true}]}}