{"id":45080,"date":"2024-08-12T12:41:25","date_gmt":"2024-08-12T15:41:25","guid":{"rendered":"https:\/\/radiorevelacionfm.cl\/?p=45080"},"modified":"2024-08-12T12:41:25","modified_gmt":"2024-08-12T15:41:25","slug":"colegio-sagrada-familia-recibe-un-invernadero-por-parte-de-la-municipalidad-de-aysen","status":"publish","type":"post","link":"https:\/\/radiorevelacionfm.cl\/?p=45080","title":{"rendered":"Colegio Sagrada Familia recibe un invernadero por parte de la Municipalidad de Ays\u00e9n"},"content":{"rendered":"<div class=\"flex_column av_one_full  flex_column_div av-zero-column-padding first  avia-builder-el-0  el_before_av_one_full  avia-builder-el-first  \" style='border-radius:0px; '><div  class='avia-image-container  av-styling-    avia-builder-el-1  avia-builder-el-no-sibling  avia-align-center '  itemprop=\"image\" itemscope=\"itemscope\" itemtype=\"https:\/\/schema.org\/ImageObject\"  ><div class='avia-image-container-inner'><div class='avia-image-overlay-wrap'><img decoding=\"async\" class='wp-image-45081 avia-img-lazy-loading-not-45081 avia_image' src=\"https:\/\/radiorevelacionfm.cl\/wp-content\/uploads\/2024\/08\/20240807_172035-1_optimized-1.jpg\" alt='' title='20240807_172035-(1)_optimized (1)' height=\"600\" width=\"1066\"  itemprop=\"thumbnailUrl\" srcset=\"https:\/\/radiorevelacionfm.cl\/wp-content\/uploads\/2024\/08\/20240807_172035-1_optimized-1.jpg 1066w, https:\/\/radiorevelacionfm.cl\/wp-content\/uploads\/2024\/08\/20240807_172035-1_optimized-1-300x169.jpg 300w, https:\/\/radiorevelacionfm.cl\/wp-content\/uploads\/2024\/08\/20240807_172035-1_optimized-1-1030x580.jpg 1030w, https:\/\/radiorevelacionfm.cl\/wp-content\/uploads\/2024\/08\/20240807_172035-1_optimized-1-768x432.jpg 768w, https:\/\/radiorevelacionfm.cl\/wp-content\/uploads\/2024\/08\/20240807_172035-1_optimized-1-705x397.jpg 705w, https:\/\/radiorevelacionfm.cl\/wp-content\/uploads\/2024\/08\/20240807_172035-1_optimized-1-450x253.jpg 450w, https:\/\/radiorevelacionfm.cl\/wp-content\/uploads\/2024\/08\/20240807_172035-1_optimized-1-600x338.jpg 600w\" sizes=\"(max-width: 1066px) 100vw, 1066px\" \/><\/div><\/div><\/div><\/div><div class=\"flex_column av_one_full  flex_column_div av-zero-column-padding first  avia-builder-el-2  el_after_av_one_full  el_before_av_one_full  column-top-margin\" style='border-radius:0px; '><section class=\"av_textblock_section \"  itemscope=\"itemscope\" itemtype=\"https:\/\/schema.org\/BlogPosting\" itemprop=\"blogPost\" ><div class='avia_textblock  '   itemprop=\"text\" ><p style=\"text-align: center;\"><strong><span style=\"font-size: 18pt;\">Colegio Sagrada Familia recibe un invernadero por parte de la Municipalidad de Ays\u00e9n<\/span><\/strong><\/p>\n<div id=\"gtx-trans\" style=\"position: absolute; left: -50px; top: 4.31534px;\">\n<div class=\"gtx-trans-icon\"><\/div>\n<\/div>\n<\/div><\/section><\/div><div class=\"flex_column av_one_full  flex_column_div av-zero-column-padding first  avia-builder-el-4  el_after_av_one_full  el_before_av_hr  column-top-margin\" style='border-radius:0px; '><section class=\"av_textblock_section \"  itemscope=\"itemscope\" itemtype=\"https:\/\/schema.org\/BlogPosting\" itemprop=\"blogPost\" ><div class='avia_textblock  '   itemprop=\"text\" ><p style=\"text-align: justify;\"><em>Los directivos del establecimiento educacional se comunicaron con la Oficina Del Campesino para dar a conocer la necesidad que ten\u00edan de un invernadero para el taller de los forjadores ambientales del colegio, por lo que el municipio actu\u00f3.<\/em><\/p>\n<p style=\"text-align: justify;\">La Oficina del Campesino de la Ilustre Municipalidad de Ays\u00e9n realiz\u00f3 la entrega de un invernadero de 36 metros cuadrados al Colegio Sagrada Familia, esto para que los ni\u00f1os del taller de Forjadores Ambientales puedan aprender sobre la plantaci\u00f3n y cuidado de vegetales, los cuales deben ser mantenidos en ambientes c\u00e1lidos.<\/p>\n<p style=\"text-align: justify;\">Danahe Sandoval, coordinadora de la Oficina del Campesino, coment\u00f3 que los directivos del establecimiento educativo fueron quienes \u201cdieron la iniciativa y presentaron la inquietud de querer tener un invernadero, esto para enfocar el trabajo con los Forjadores Ambientales y tambi\u00e9n vincular a\u00fan m\u00e1s a toda la comunidad de su colegio con el cuidado del medio ambiente, la conservaci\u00f3n y tambi\u00e9n la producci\u00f3n de alimentos m\u00e1s sanos\u201d.<\/p>\n<p style=\"text-align: justify;\">El armado del invernadero lo realizaron junto a los apoderados del Colegio Sagrada Familia en un sitio perteneciente al establecimiento.<\/p>\n<p style=\"text-align: justify;\">Al respecto, la encargada del Taller Forjadores Ambientales del colegio, Karla Leal, agradeci\u00f3 enormemente este apoyo municipal y explic\u00f3 que \u201cnosotros aqu\u00ed tenemos el invernadero antiguo que ya por razones del tiempo se ech\u00f3 a perder y ahora con la construcci\u00f3n de este invernadero, nos va a ayudar en nuestro taller para que nuestros ni\u00f1os puedan sembrar, puedan trabajar la tierra y hacer abono para que puedan enriquecer la tierra\u201d.<\/p>\n<p style=\"text-align: justify;\">A este aporte a establecimientos educacionales se suma el realizado para el liceo Ma\u00f1ihuales y Jard\u00edn Arboliris, ambos en Villa Ma\u00f1ihuales; adem\u00e1s del pr\u00f3ximo invernadero que se entregar\u00e1 a la escuela Despertar de Puerto Ays\u00e9n.<\/p>\n<p style=\"text-align: justify;\">Karen Coronado, madre de un alumno del taller, coment\u00f3 que \u201cen nombre de los apoderados agradecer esta oportunidad que nos brinda la municipalidad de poder contar con este invernadero. Muy lindo, grande, amplio, en el cual los ni\u00f1os van a poder desarrollarse, poder seguir fomentando con el apoyo de la profesora Karla Leal, en lo que es Forjadores Ambientales en donde ellos se preocupan de la naturaleza de sembrar y de cultivar sus propios productos\u201d, finaliz\u00f3.<\/p>\n<\/div><\/section><\/div><div  style='height:50px' class='hr hr-invisible   avia-builder-el-6  el_after_av_one_full  el_before_av_social_share '><span class='hr-inner ' ><span class='hr-inner-style'><\/span><\/span><\/div><\/p>\n<div  class='av-social-sharing-box  avia-builder-el-7  el_after_av_hr  el_before_av_hr  '><div class='av-share-box'><h5 class='av-share-link-description av-no-toc '>Compartir esta noticia<\/h5><ul class='av-share-box-list noLightbox'><li class='av-share-link av-social-link-facebook' ><a target=\"_blank\" aria-label=\"Compartir en Facebook\" href='https:\/\/www.facebook.com\/sharer.php?u=https:\/\/radiorevelacionfm.cl\/?p=45080&#038;t=Colegio%20Sagrada%20Familia%20recibe%20un%20invernadero%20por%20parte%20de%20la%20Municipalidad%20de%20Ays%C3%A9n' aria-hidden='false' data-av_icon='\ue8f3' data-av_iconfont='entypo-fontello' title='' data-avia-related-tooltip='Compartir en Facebook' rel=\"noopener\"><span class='avia_hidden_link_text'>Compartir en Facebook<\/span><\/a><\/li><li class='av-share-link av-social-link-twitter' ><a target=\"_blank\" aria-label=\"Compartir en Twitter\" href='https:\/\/twitter.com\/share?text=Colegio%20Sagrada%20Familia%20recibe%20un%20invernadero%20por%20parte%20de%20la%20Municipalidad%20de%20Ays%C3%A9n&#038;url=https:\/\/radiorevelacionfm.cl\/?p=45080' aria-hidden='false' data-av_icon='\ue8f1' data-av_iconfont='entypo-fontello' title='' data-avia-related-tooltip='Compartir en Twitter' rel=\"noopener\"><span class='avia_hidden_link_text'>Compartir en Twitter<\/span><\/a><\/li><li class='av-share-link av-social-link-whatsapp' ><a target=\"_blank\" aria-label=\"Compartir en Whatsapp\" href='https:\/\/api.whatsapp.com\/send?text=https:\/\/radiorevelacionfm.cl\/?p=45080' aria-hidden='false' data-av_icon='\uf232' data-av_iconfont='entypo-fontello' title='' data-avia-related-tooltip='Compartir en Whatsapp' rel=\"noopener\"><span class='avia_hidden_link_text'>Compartir en Whatsapp<\/span><\/a><\/li><li class='av-share-link av-social-link-linkedin' ><a target=\"_blank\" aria-label=\"Compartir en LinkedIn\" href='https:\/\/linkedin.com\/shareArticle?mini=true&#038;title=Colegio%20Sagrada%20Familia%20recibe%20un%20invernadero%20por%20parte%20de%20la%20Municipalidad%20de%20Ays%C3%A9n&#038;url=https:\/\/radiorevelacionfm.cl\/?p=45080' aria-hidden='false' data-av_icon='\ue8fc' data-av_iconfont='entypo-fontello' title='' data-avia-related-tooltip='Compartir en LinkedIn' rel=\"noopener\"><span class='avia_hidden_link_text'>Compartir en LinkedIn<\/span><\/a><\/li><li class='av-share-link av-social-link-mail' ><a  aria-label=\"Compartir por correo\" href='mailto:?subject=Colegio%20Sagrada%20Familia%20recibe%20un%20invernadero%20por%20parte%20de%20la%20Municipalidad%20de%20Ays%C3%A9n&#038;body=https:\/\/radiorevelacionfm.cl\/?p=45080' aria-hidden='false' data-av_icon='\ue805' data-av_iconfont='entypo-fontello' title='' data-avia-related-tooltip='Compartir por correo'><span class='avia_hidden_link_text'>Compartir por correo<\/span><\/a><\/li><\/ul><\/div><\/div>\n<div  style='height:50px' class='hr hr-invisible   avia-builder-el-8  el_after_av_social_share  el_before_av_comments_list '><span class='hr-inner ' ><span class='hr-inner-style'><\/span><\/span><\/div>\n<div  class='av-buildercomment  av-blog-meta-html-info-disabled av-blog-meta-tag-disabled  '><\/div>\n","protected":false},"excerpt":{"rendered":"","protected":false},"author":1,"featured_media":45081,"comment_status":"open","ping_status":"open","sticky":false,"template":"","format":"standard","meta":{"footnotes":""},"categories":[38],"tags":[],"class_list":["post-45080","post","type-post","status-publish","format-standard","has-post-thumbnail","hentry","category-regional"],"jetpack_featured_media_url":"https:\/\/radiorevelacionfm.cl\/wp-content\/uploads\/2024\/08\/20240807_172035-1_optimized-1.jpg","_links":{"self":[{"href":"https:\/\/radiorevelacionfm.cl\/index.php?rest_route=\/wp\/v2\/posts\/45080","targetHints":{"allow":["GET"]}}],"collection":[{"href":"https:\/\/radiorevelacionfm.cl\/index.php?rest_route=\/wp\/v2\/posts"}],"about":[{"href":"https:\/\/radiorevelacionfm.cl\/index.php?rest_route=\/wp\/v2\/types\/post"}],"author":[{"embeddable":true,"href":"https:\/\/radiorevelacionfm.cl\/index.php?rest_route=\/wp\/v2\/users\/1"}],"replies":[{"embeddable":true,"href":"https:\/\/radiorevelacionfm.cl\/index.php?rest_route=%2Fwp%2Fv2%2Fcomments&post=45080"}],"version-history":[{"count":1,"href":"https:\/\/radiorevelacionfm.cl\/index.php?rest_route=\/wp\/v2\/posts\/45080\/revisions"}],"predecessor-version":[{"id":45082,"href":"https:\/\/radiorevelacionfm.cl\/index.php?rest_route=\/wp\/v2\/posts\/45080\/revisions\/45082"}],"wp:featuredmedia":[{"embeddable":true,"href":"https:\/\/radiorevelacionfm.cl\/index.php?rest_route=\/wp\/v2\/media\/45081"}],"wp:attachment":[{"href":"https:\/\/radiorevelacionfm.cl\/index.php?rest_route=%2Fwp%2Fv2%2Fmedia&parent=45080"}],"wp:term":[{"taxonomy":"category","embeddable":true,"href":"https:\/\/radiorevelacionfm.cl\/index.php?rest_route=%2Fwp%2Fv2%2Fcategories&post=45080"},{"taxonomy":"post_tag","embeddable":true,"href":"https:\/\/radiorevelacionfm.cl\/index.php?rest_route=%2Fwp%2Fv2%2Ftags&post=45080"}],"curies":[{"name":"wp","href":"https:\/\/api.w.org\/{rel}","templated":true}]}}