{"id":45076,"date":"2024-08-11T23:33:31","date_gmt":"2024-08-12T02:33:31","guid":{"rendered":"https:\/\/radiorevelacionfm.cl\/?p=45076"},"modified":"2024-08-11T23:33:31","modified_gmt":"2024-08-12T02:33:31","slug":"logran-rescatar-cuerpos-de-tragedia-aerea-y-realizar-pericias-en-sitio-del-suceso","status":"publish","type":"post","link":"https:\/\/radiorevelacionfm.cl\/?p=45076","title":{"rendered":"Logran rescatar cuerpos de tragedia a\u00e9rea y realizar pericias en sitio del suceso"},"content":{"rendered":"<div class=\"flex_column av_one_full  flex_column_div av-zero-column-padding first  avia-builder-el-0  el_before_av_one_full  avia-builder-el-first  \" style='border-radius:0px; '><div  class='avia-image-container  av-styling-    avia-builder-el-1  avia-builder-el-no-sibling  avia-align-center '  itemprop=\"image\" itemscope=\"itemscope\" itemtype=\"https:\/\/schema.org\/ImageObject\"  ><div class='avia-image-container-inner'><div class='avia-image-overlay-wrap'><img decoding=\"async\" class='wp-image-45078 avia-img-lazy-loading-not-45078 avia_image' src=\"https:\/\/radiorevelacionfm.cl\/wp-content\/uploads\/2024\/08\/rescate-1_optimized-1.jpg\" alt='' title='rescate-(1)_optimized (1)' height=\"600\" width=\"800\"  itemprop=\"thumbnailUrl\" srcset=\"https:\/\/radiorevelacionfm.cl\/wp-content\/uploads\/2024\/08\/rescate-1_optimized-1.jpg 800w, https:\/\/radiorevelacionfm.cl\/wp-content\/uploads\/2024\/08\/rescate-1_optimized-1-300x225.jpg 300w, https:\/\/radiorevelacionfm.cl\/wp-content\/uploads\/2024\/08\/rescate-1_optimized-1-768x576.jpg 768w, https:\/\/radiorevelacionfm.cl\/wp-content\/uploads\/2024\/08\/rescate-1_optimized-1-705x529.jpg 705w, https:\/\/radiorevelacionfm.cl\/wp-content\/uploads\/2024\/08\/rescate-1_optimized-1-450x338.jpg 450w, https:\/\/radiorevelacionfm.cl\/wp-content\/uploads\/2024\/08\/rescate-1_optimized-1-600x450.jpg 600w\" sizes=\"(max-width: 800px) 100vw, 800px\" \/><\/div><\/div><\/div><\/div><div class=\"flex_column av_one_full  flex_column_div av-zero-column-padding first  avia-builder-el-2  el_after_av_one_full  el_before_av_one_full  column-top-margin\" style='border-radius:0px; '><section class=\"av_textblock_section \"  itemscope=\"itemscope\" itemtype=\"https:\/\/schema.org\/BlogPosting\" itemprop=\"blogPost\" ><div class='avia_textblock  '   itemprop=\"text\" ><p style=\"text-align: center;\"><strong><span style=\"font-size: 18pt;\">Logran rescatar cuerpos de tragedia a\u00e9rea y realizar pericias en sitio del suceso<\/span><\/strong><\/p>\n<div id=\"gtx-trans\" style=\"position: absolute; left: -50px; top: 4.31534px;\">\n<div class=\"gtx-trans-icon\"><\/div>\n<\/div>\n<\/div><\/section><\/div><div class=\"flex_column av_one_full  flex_column_div av-zero-column-padding first  avia-builder-el-4  el_after_av_one_full  el_before_av_hr  column-top-margin\" style='border-radius:0px; '><section class=\"av_textblock_section \"  itemscope=\"itemscope\" itemtype=\"https:\/\/schema.org\/BlogPosting\" itemprop=\"blogPost\" ><div class='avia_textblock  '   itemprop=\"text\" ><p style=\"text-align: justify;\">En tercera jornada de trabajo, este domingo equipos del GOPE, Ej\u00e9rcito y FACH prestaron apoyo a<span class=\"css-1jxf684 r-bcqeeo r-1ttztb7 r-qvutc0 r-poiln3\">l trabajo de investigadores y peritos de la PDI, SML y equipo de investigaci\u00f3n de accidentes a\u00e9reos de la DGAC por tragedia en Las Horquetas, con el objetivo de contribuir a llevar paz y tranquilidad a las familias.<\/span><\/p>\n<p style=\"text-align: justify;\"><span class=\"css-1jxf684 r-bcqeeo r-1ttztb7 r-qvutc0 r-poiln3\">Desde temprano los peritos realizaron trabajo de cordada para poder llegar al lugar del accidente a\u00e9reo, en cercan\u00edas del sector Las Orquetas, donde capot\u00f3 la avioneta de la empresa Transportes A\u00e9reos San Rafael, perdiendo la vida sus siete ocupantes, tragedia que enluta a la regi\u00f3n de Ays\u00e9n.<\/span><\/p>\n<p style=\"text-align: justify;\">Tras una intensa jornada, esta tarde culminaron los trabajos de rescate de cuerpos, junto con las diligencias y pericias que buscan aclarar las causas de esta tragedia.<\/p>\n<p style=\"text-align: justify;\">La informaci\u00f3n fue confirmada por el Fiscal Regional, Carlos Palma, \u00abhemos podido concluir exitosamente desde el punto de vista investigativo. Hemos terminado de revisar la aeronave, hemos levantado todo lo que ten\u00edamos que levantar desde el lugar para efectos de la investigaci\u00f3n penal y formalmente damos por concluidos los trabajos ac\u00e1 en el sector Las Horquetas\u00bb. \u00abAhora queda la investigaci\u00f3n propiamente tal, tenemos que determinar las causas probables del accidente, eventuales responsabilidades y primeramente es muy importante la correcta identificaci\u00f3n de las personas fallecidas y que, seg\u00fan sabemos, iban arriba de la aeronave. Es un trabajo complejo\u00bb, precis\u00f3.<\/p>\n<p style=\"text-align: justify;\">En tanto, la Jefa de la Regi\u00f3n Policial Ays\u00e9n de la PDI, Carolina Namor Esbry, puntualiz\u00f3 que la instituci\u00f3n \u00abdespleg\u00f3 sus equipos, tanto log\u00edsticos como humanos para poder trabajar en el sitio del suceso con personal de la regi\u00f3n policial de Ays\u00e9n y tambi\u00e9n de la Regi\u00f3n Metropolitana. La intenci\u00f3n es apoyar al m\u00e1ximo las diligencias para poder levantar evidencias f\u00edsicas y biol\u00f3gicas que nos permitan la identificaci\u00f3n y poder entregarle algo de tranquilidad a las familias. El proceso investigativo contin\u00faa, tenemos que mantener una secuencia de pasos para llegar a un resultado, y este resultado es identificar a las v\u00edctimas\u00bb.<\/p>\n<p style=\"text-align: justify;\">Por su parte, Catherine Sandoval, directora regional del Servicio M\u00e9dico Legal, se\u00f1al\u00f3 que \u00abel trabajo realizado el d\u00eda s\u00e1bado y hoy domingo nos deja tranquilos, por poder haber realizado todo lo que necesit\u00e1bamos en esa instancia\u00bb.<\/p>\n<p style=\"text-align: justify;\">Junto con se\u00f1alar que, \u00abdesde ahora en adelante, el trabajo cambia en su forma, ya que va a continuar con los peritajes para la identificaci\u00f3n, un proceso que va a ser muy complejo y no va a ser muy r\u00e1pido por la dificultad que esto lleva. Para esto vamos a trabajar con distintas instituciones, toda la colaboraci\u00f3n que nos van dando en todos los d\u00edas y semanas que probablemente nos va a llevar esto\u00bb, se\u00f1al\u00f3.<\/p>\n<p style=\"text-align: justify;\">El gobierno ha decretado tres d\u00edas de duelo regional en Ays\u00e9n en homenaje a las v\u00edctimas del accidente. Durante este periodo, las banderas estar\u00e1n izadas a media asta y se realizar\u00e1n diversas actividades conmemorativas para honrar a los fallecidos y apoyar a las familias afectadas por esta tragedia.<\/p>\n<\/div><\/section><\/div><div  style='height:50px' class='hr hr-invisible   avia-builder-el-6  el_after_av_one_full  el_before_av_social_share '><span class='hr-inner ' ><span class='hr-inner-style'><\/span><\/span><\/div><\/p>\n<div  class='av-social-sharing-box  avia-builder-el-7  el_after_av_hr  el_before_av_hr  '><div class='av-share-box'><h5 class='av-share-link-description av-no-toc '>Compartir esta noticia<\/h5><ul class='av-share-box-list noLightbox'><li class='av-share-link av-social-link-facebook' ><a target=\"_blank\" aria-label=\"Compartir en Facebook\" href='https:\/\/www.facebook.com\/sharer.php?u=https:\/\/radiorevelacionfm.cl\/?p=45076&#038;t=Logran%20rescatar%20cuerpos%20de%20tragedia%20a%C3%A9rea%20y%20realizar%20pericias%20en%20sitio%20del%20suceso' aria-hidden='false' data-av_icon='\ue8f3' data-av_iconfont='entypo-fontello' title='' data-avia-related-tooltip='Compartir en Facebook' rel=\"noopener\"><span class='avia_hidden_link_text'>Compartir en Facebook<\/span><\/a><\/li><li class='av-share-link av-social-link-twitter' ><a target=\"_blank\" aria-label=\"Compartir en Twitter\" href='https:\/\/twitter.com\/share?text=Logran%20rescatar%20cuerpos%20de%20tragedia%20a%C3%A9rea%20y%20realizar%20pericias%20en%20sitio%20del%20suceso&#038;url=https:\/\/radiorevelacionfm.cl\/?p=45076' aria-hidden='false' data-av_icon='\ue8f1' data-av_iconfont='entypo-fontello' title='' data-avia-related-tooltip='Compartir en Twitter' rel=\"noopener\"><span class='avia_hidden_link_text'>Compartir en Twitter<\/span><\/a><\/li><li class='av-share-link av-social-link-whatsapp' ><a target=\"_blank\" aria-label=\"Compartir en Whatsapp\" href='https:\/\/api.whatsapp.com\/send?text=https:\/\/radiorevelacionfm.cl\/?p=45076' aria-hidden='false' data-av_icon='\uf232' data-av_iconfont='entypo-fontello' title='' data-avia-related-tooltip='Compartir en Whatsapp' rel=\"noopener\"><span class='avia_hidden_link_text'>Compartir en Whatsapp<\/span><\/a><\/li><li class='av-share-link av-social-link-linkedin' ><a target=\"_blank\" aria-label=\"Compartir en LinkedIn\" href='https:\/\/linkedin.com\/shareArticle?mini=true&#038;title=Logran%20rescatar%20cuerpos%20de%20tragedia%20a%C3%A9rea%20y%20realizar%20pericias%20en%20sitio%20del%20suceso&#038;url=https:\/\/radiorevelacionfm.cl\/?p=45076' aria-hidden='false' data-av_icon='\ue8fc' data-av_iconfont='entypo-fontello' title='' data-avia-related-tooltip='Compartir en LinkedIn' rel=\"noopener\"><span class='avia_hidden_link_text'>Compartir en LinkedIn<\/span><\/a><\/li><li class='av-share-link av-social-link-mail' ><a  aria-label=\"Compartir por correo\" href='mailto:?subject=Logran%20rescatar%20cuerpos%20de%20tragedia%20a%C3%A9rea%20y%20realizar%20pericias%20en%20sitio%20del%20suceso&#038;body=https:\/\/radiorevelacionfm.cl\/?p=45076' aria-hidden='false' data-av_icon='\ue805' data-av_iconfont='entypo-fontello' title='' data-avia-related-tooltip='Compartir por correo'><span class='avia_hidden_link_text'>Compartir por correo<\/span><\/a><\/li><\/ul><\/div><\/div>\n<div  style='height:50px' class='hr hr-invisible   avia-builder-el-8  el_after_av_social_share  el_before_av_comments_list '><span class='hr-inner ' ><span class='hr-inner-style'><\/span><\/span><\/div>\n<div  class='av-buildercomment  av-blog-meta-html-info-disabled av-blog-meta-tag-disabled  '><\/div>\n","protected":false},"excerpt":{"rendered":"","protected":false},"author":1,"featured_media":45078,"comment_status":"open","ping_status":"open","sticky":false,"template":"","format":"standard","meta":{"footnotes":""},"categories":[38],"tags":[],"class_list":["post-45076","post","type-post","status-publish","format-standard","has-post-thumbnail","hentry","category-regional"],"jetpack_featured_media_url":"https:\/\/radiorevelacionfm.cl\/wp-content\/uploads\/2024\/08\/rescate-1_optimized-1.jpg","_links":{"self":[{"href":"https:\/\/radiorevelacionfm.cl\/index.php?rest_route=\/wp\/v2\/posts\/45076","targetHints":{"allow":["GET"]}}],"collection":[{"href":"https:\/\/radiorevelacionfm.cl\/index.php?rest_route=\/wp\/v2\/posts"}],"about":[{"href":"https:\/\/radiorevelacionfm.cl\/index.php?rest_route=\/wp\/v2\/types\/post"}],"author":[{"embeddable":true,"href":"https:\/\/radiorevelacionfm.cl\/index.php?rest_route=\/wp\/v2\/users\/1"}],"replies":[{"embeddable":true,"href":"https:\/\/radiorevelacionfm.cl\/index.php?rest_route=%2Fwp%2Fv2%2Fcomments&post=45076"}],"version-history":[{"count":1,"href":"https:\/\/radiorevelacionfm.cl\/index.php?rest_route=\/wp\/v2\/posts\/45076\/revisions"}],"predecessor-version":[{"id":45079,"href":"https:\/\/radiorevelacionfm.cl\/index.php?rest_route=\/wp\/v2\/posts\/45076\/revisions\/45079"}],"wp:featuredmedia":[{"embeddable":true,"href":"https:\/\/radiorevelacionfm.cl\/index.php?rest_route=\/wp\/v2\/media\/45078"}],"wp:attachment":[{"href":"https:\/\/radiorevelacionfm.cl\/index.php?rest_route=%2Fwp%2Fv2%2Fmedia&parent=45076"}],"wp:term":[{"taxonomy":"category","embeddable":true,"href":"https:\/\/radiorevelacionfm.cl\/index.php?rest_route=%2Fwp%2Fv2%2Fcategories&post=45076"},{"taxonomy":"post_tag","embeddable":true,"href":"https:\/\/radiorevelacionfm.cl\/index.php?rest_route=%2Fwp%2Fv2%2Ftags&post=45076"}],"curies":[{"name":"wp","href":"https:\/\/api.w.org\/{rel}","templated":true}]}}