{"id":45073,"date":"2024-08-11T19:20:41","date_gmt":"2024-08-11T22:20:41","guid":{"rendered":"https:\/\/radiorevelacionfm.cl\/?p=45073"},"modified":"2024-08-11T19:20:41","modified_gmt":"2024-08-11T22:20:41","slug":"en-su-visita-a-la-region-subsecretario-de-redes-asistenciales-destaco-construccion-de-cosam-en-aysen-proyectos-de-uci-pediatrica-y-angiografo-para-coyhaique","status":"publish","type":"post","link":"https:\/\/radiorevelacionfm.cl\/?p=45073","title":{"rendered":"En su visita a la regi\u00f3n Subsecretario de Redes Asistenciales destac\u00f3 construcci\u00f3n de Cosam en Ays\u00e9n, proyectos de UCI pedi\u00e1trica y angi\u00f3grafo para Coyhaique"},"content":{"rendered":"<div class=\"flex_column av_one_full  flex_column_div av-zero-column-padding first  avia-builder-el-0  el_before_av_one_full  avia-builder-el-first  \" style='border-radius:0px; '><div  class='avia-image-container  av-styling-    avia-builder-el-1  avia-builder-el-no-sibling  avia-align-center '  itemprop=\"image\" itemscope=\"itemscope\" itemtype=\"https:\/\/schema.org\/ImageObject\"  ><div class='avia-image-container-inner'><div class='avia-image-overlay-wrap'><img decoding=\"async\" class='wp-image-45074 avia-img-lazy-loading-not-45074 avia_image' src=\"https:\/\/radiorevelacionfm.cl\/wp-content\/uploads\/2024\/08\/visita-subsecretario-3-1_optimized.jpg\" alt='' title='visita-subsecretario-(3)-(1)_optimized' height=\"600\" width=\"800\"  itemprop=\"thumbnailUrl\" srcset=\"https:\/\/radiorevelacionfm.cl\/wp-content\/uploads\/2024\/08\/visita-subsecretario-3-1_optimized.jpg 800w, https:\/\/radiorevelacionfm.cl\/wp-content\/uploads\/2024\/08\/visita-subsecretario-3-1_optimized-300x225.jpg 300w, https:\/\/radiorevelacionfm.cl\/wp-content\/uploads\/2024\/08\/visita-subsecretario-3-1_optimized-768x576.jpg 768w, https:\/\/radiorevelacionfm.cl\/wp-content\/uploads\/2024\/08\/visita-subsecretario-3-1_optimized-705x529.jpg 705w, https:\/\/radiorevelacionfm.cl\/wp-content\/uploads\/2024\/08\/visita-subsecretario-3-1_optimized-450x338.jpg 450w, https:\/\/radiorevelacionfm.cl\/wp-content\/uploads\/2024\/08\/visita-subsecretario-3-1_optimized-600x450.jpg 600w\" sizes=\"(max-width: 800px) 100vw, 800px\" \/><\/div><\/div><\/div><\/div><div class=\"flex_column av_one_full  flex_column_div av-zero-column-padding first  avia-builder-el-2  el_after_av_one_full  el_before_av_one_full  column-top-margin\" style='border-radius:0px; '><section class=\"av_textblock_section \"  itemscope=\"itemscope\" itemtype=\"https:\/\/schema.org\/BlogPosting\" itemprop=\"blogPost\" ><div class='avia_textblock  '   itemprop=\"text\" ><p style=\"text-align: center;\"><strong><span style=\"font-size: 18pt;\">En su visita a la regi\u00f3n Subsecretario de Redes Asistenciales destac\u00f3 construcci\u00f3n de Cosam en Ays\u00e9n, proyectos de UCI pedi\u00e1trica y angi\u00f3grafo para Coyhaique<\/span><\/strong><\/p>\n<div id=\"gtx-trans\" style=\"position: absolute; left: -50px; top: 4.31534px;\">\n<div class=\"gtx-trans-icon\"><\/div>\n<\/div>\n<\/div><\/section><\/div><div class=\"flex_column av_one_full  flex_column_div av-zero-column-padding first  avia-builder-el-4  el_after_av_one_full  el_before_av_hr  column-top-margin\" style='border-radius:0px; '><section class=\"av_textblock_section \"  itemscope=\"itemscope\" itemtype=\"https:\/\/schema.org\/BlogPosting\" itemprop=\"blogPost\" ><div class='avia_textblock  '   itemprop=\"text\" ><p style=\"font-weight: 400; text-align: justify;\">Una agenda cargada de anuncios y reuniones con dirigentes, organizaciones sociales y directivos del SSA, sostuvo el Subsecretario de Redes Asistenciales, Dr. Osvaldo Salgado Zepeda en su reciente visita a la regi\u00f3n de Ays\u00e9n.<\/p>\n<p style=\"font-weight: 400; text-align: justify;\">En ese sentido la autoridad nacional destac\u00f3 los avances en materia de infraestructura y el trabajo que se despliega en la red de establecimientos, considerando la dispersa geograf\u00eda aysenina.<\/p>\n<p style=\"font-weight: 400; text-align: justify;\">En su visita a la posta de salud rural de Balmaceda relev\u00f3 la presencia de un m\u00e9dico permanente en calidad de EDF, es decir en Etapa de Destinaci\u00f3n y Formaci\u00f3n, un hito para ese establecimiento, como asimismo las mejoras que permiten entregar una atenci\u00f3n digna a sus habitantes.<\/p>\n<p style=\"font-weight: 400; text-align: justify;\">En Puerto Ays\u00e9n visit\u00f3 las obras del nuevo COSAM, dispositivo de Salud Mental que llega al 10% de avance en su construcci\u00f3n. \u201cEl Gobierno tiene una meta al final del periodo de marzo de 2026, de poner en funcionamiento a nivel pa\u00eds 15 COSAM, uno de ellos en Ays\u00e9n, hay un trabajo avanzado de reparaci\u00f3n y remodelaci\u00f3n y que estar\u00e1 con seguridad en funcionamiento a principios del pr\u00f3ximo a\u00f1o\u201d.<\/p>\n<p style=\"font-weight: 400; text-align: justify;\">Se trata de una obra que busca fortalecer la salud mental en la regi\u00f3n y cuyo plazo de entrega se estima a fines de este a\u00f1o, contando con un 10% de avance f\u00edsico.<\/p>\n<p style=\"font-weight: 400; text-align: justify;\">Cabe se\u00f1alar que uno de los principales ejes en el programa presidencial del Presidente Gabriel Boric tiene relaci\u00f3n con la Salud Mental, siendo prioritario en el plan de Gobierno.<\/p>\n<p style=\"font-weight: 400; text-align: justify;\">Salgado Zepeda tambi\u00e9n estuvo en el CESFAM de Puerto Ays\u00e9n, donde relev\u00f3 la importancia de la pol\u00edtica p\u00fablica de APS Universal, donde la comuna porte\u00f1a es una de las 21 ciudades pioneras.<\/p>\n<p style=\"font-weight: 400; text-align: justify;\">Igualmente recorri\u00f3 las remodeladas instalaciones de la base SAMU Ays\u00e9n, lugar donde comparti\u00f3 con los funcionarios, conoci\u00f3 sus demandas y sugerencias.<\/p>\n<p style=\"font-weight: 400; text-align: justify;\">Por otra parte, en Coyhaique, recorri\u00f3 el Hospital regional, en las \u00e1reas que ser\u00e1n la futura UCI Pedi\u00e1trica y el espacio donde se emplazar\u00e1 el proyecto del angi\u00f3grafo, ambos proyectos son de gran inter\u00e9s para la comunidad y autoridades pol\u00edticas. A su vez sostuvo encuentro con dirigentes y dio el vamos a la reposici\u00f3n del mam\u00f3grafo m\u00f3vil, dispositivo que permitir\u00e1 reducir la lista de espera de forma importante para la regi\u00f3n, de este examen preventivo.<\/p>\n<p style=\"font-weight: 400; text-align: justify;\">Cabe se\u00f1alar que su visita contempl\u00f3 tambi\u00e9n la inauguraci\u00f3n de la nueva posta de salud rural de Villa Cerro Castillo.<\/p>\n<\/div><\/section><\/div><div  style='height:50px' class='hr hr-invisible   avia-builder-el-6  el_after_av_one_full  el_before_av_social_share '><span class='hr-inner ' ><span class='hr-inner-style'><\/span><\/span><\/div><\/p>\n<div  class='av-social-sharing-box  avia-builder-el-7  el_after_av_hr  el_before_av_hr  '><div class='av-share-box'><h5 class='av-share-link-description av-no-toc '>Compartir esta noticia<\/h5><ul class='av-share-box-list noLightbox'><li class='av-share-link av-social-link-facebook' ><a target=\"_blank\" aria-label=\"Compartir en Facebook\" href='https:\/\/www.facebook.com\/sharer.php?u=https:\/\/radiorevelacionfm.cl\/?p=45073&#038;t=En%20su%20visita%20a%20la%20regi%C3%B3n%20Subsecretario%20de%20Redes%20Asistenciales%20destac%C3%B3%20construcci%C3%B3n%20de%20Cosam%20en%20Ays%C3%A9n%2C%20proyectos%20de%20UCI%20pedi%C3%A1trica%20y%20angi%C3%B3grafo%20para%20Coyhaique' aria-hidden='false' data-av_icon='\ue8f3' data-av_iconfont='entypo-fontello' title='' data-avia-related-tooltip='Compartir en Facebook' rel=\"noopener\"><span class='avia_hidden_link_text'>Compartir en Facebook<\/span><\/a><\/li><li class='av-share-link av-social-link-twitter' ><a target=\"_blank\" aria-label=\"Compartir en Twitter\" href='https:\/\/twitter.com\/share?text=En%20su%20visita%20a%20la%20regi%C3%B3n%20Subsecretario%20de%20Redes%20Asistenciales%20destac%C3%B3%20construcci%C3%B3n%20de%20Cosam%20en%20Ays%C3%A9n%2C%20proyectos%20de%20UCI%20pedi%C3%A1trica%20y%20angi%C3%B3grafo%20para%20Coyhaique&#038;url=https:\/\/radiorevelacionfm.cl\/?p=45073' aria-hidden='false' data-av_icon='\ue8f1' data-av_iconfont='entypo-fontello' title='' data-avia-related-tooltip='Compartir en Twitter' rel=\"noopener\"><span class='avia_hidden_link_text'>Compartir en Twitter<\/span><\/a><\/li><li class='av-share-link av-social-link-whatsapp' ><a target=\"_blank\" aria-label=\"Compartir en Whatsapp\" href='https:\/\/api.whatsapp.com\/send?text=https:\/\/radiorevelacionfm.cl\/?p=45073' aria-hidden='false' data-av_icon='\uf232' data-av_iconfont='entypo-fontello' title='' data-avia-related-tooltip='Compartir en Whatsapp' rel=\"noopener\"><span class='avia_hidden_link_text'>Compartir en Whatsapp<\/span><\/a><\/li><li class='av-share-link av-social-link-linkedin' ><a target=\"_blank\" aria-label=\"Compartir en LinkedIn\" href='https:\/\/linkedin.com\/shareArticle?mini=true&#038;title=En%20su%20visita%20a%20la%20regi%C3%B3n%20Subsecretario%20de%20Redes%20Asistenciales%20destac%C3%B3%20construcci%C3%B3n%20de%20Cosam%20en%20Ays%C3%A9n%2C%20proyectos%20de%20UCI%20pedi%C3%A1trica%20y%20angi%C3%B3grafo%20para%20Coyhaique&#038;url=https:\/\/radiorevelacionfm.cl\/?p=45073' aria-hidden='false' data-av_icon='\ue8fc' data-av_iconfont='entypo-fontello' title='' data-avia-related-tooltip='Compartir en LinkedIn' rel=\"noopener\"><span class='avia_hidden_link_text'>Compartir en LinkedIn<\/span><\/a><\/li><li class='av-share-link av-social-link-mail' ><a  aria-label=\"Compartir por correo\" href='mailto:?subject=En%20su%20visita%20a%20la%20regi%C3%B3n%20Subsecretario%20de%20Redes%20Asistenciales%20destac%C3%B3%20construcci%C3%B3n%20de%20Cosam%20en%20Ays%C3%A9n%2C%20proyectos%20de%20UCI%20pedi%C3%A1trica%20y%20angi%C3%B3grafo%20para%20Coyhaique&#038;body=https:\/\/radiorevelacionfm.cl\/?p=45073' aria-hidden='false' data-av_icon='\ue805' data-av_iconfont='entypo-fontello' title='' data-avia-related-tooltip='Compartir por correo'><span class='avia_hidden_link_text'>Compartir por correo<\/span><\/a><\/li><\/ul><\/div><\/div>\n<div  style='height:50px' class='hr hr-invisible   avia-builder-el-8  el_after_av_social_share  el_before_av_comments_list '><span class='hr-inner ' ><span class='hr-inner-style'><\/span><\/span><\/div>\n<div  class='av-buildercomment  av-blog-meta-html-info-disabled av-blog-meta-tag-disabled  '><\/div>\n","protected":false},"excerpt":{"rendered":"","protected":false},"author":1,"featured_media":45074,"comment_status":"open","ping_status":"open","sticky":false,"template":"","format":"standard","meta":{"footnotes":""},"categories":[46],"tags":[],"class_list":["post-45073","post","type-post","status-publish","format-standard","has-post-thumbnail","hentry","category-salud"],"jetpack_featured_media_url":"https:\/\/radiorevelacionfm.cl\/wp-content\/uploads\/2024\/08\/visita-subsecretario-3-1_optimized.jpg","_links":{"self":[{"href":"https:\/\/radiorevelacionfm.cl\/index.php?rest_route=\/wp\/v2\/posts\/45073","targetHints":{"allow":["GET"]}}],"collection":[{"href":"https:\/\/radiorevelacionfm.cl\/index.php?rest_route=\/wp\/v2\/posts"}],"about":[{"href":"https:\/\/radiorevelacionfm.cl\/index.php?rest_route=\/wp\/v2\/types\/post"}],"author":[{"embeddable":true,"href":"https:\/\/radiorevelacionfm.cl\/index.php?rest_route=\/wp\/v2\/users\/1"}],"replies":[{"embeddable":true,"href":"https:\/\/radiorevelacionfm.cl\/index.php?rest_route=%2Fwp%2Fv2%2Fcomments&post=45073"}],"version-history":[{"count":1,"href":"https:\/\/radiorevelacionfm.cl\/index.php?rest_route=\/wp\/v2\/posts\/45073\/revisions"}],"predecessor-version":[{"id":45075,"href":"https:\/\/radiorevelacionfm.cl\/index.php?rest_route=\/wp\/v2\/posts\/45073\/revisions\/45075"}],"wp:featuredmedia":[{"embeddable":true,"href":"https:\/\/radiorevelacionfm.cl\/index.php?rest_route=\/wp\/v2\/media\/45074"}],"wp:attachment":[{"href":"https:\/\/radiorevelacionfm.cl\/index.php?rest_route=%2Fwp%2Fv2%2Fmedia&parent=45073"}],"wp:term":[{"taxonomy":"category","embeddable":true,"href":"https:\/\/radiorevelacionfm.cl\/index.php?rest_route=%2Fwp%2Fv2%2Fcategories&post=45073"},{"taxonomy":"post_tag","embeddable":true,"href":"https:\/\/radiorevelacionfm.cl\/index.php?rest_route=%2Fwp%2Fv2%2Ftags&post=45073"}],"curies":[{"name":"wp","href":"https:\/\/api.w.org\/{rel}","templated":true}]}}