{"id":4505,"date":"2021-05-25T17:09:36","date_gmt":"2021-05-25T20:09:36","guid":{"rendered":"https:\/\/radiorevelacionfm.cl\/?p=4505"},"modified":"2021-05-25T17:09:36","modified_gmt":"2021-05-25T20:09:36","slug":"diputado-alinco-se-suma-a-presentacion-que-solicita-investigar-incremento-desproporcionado-de-precios-en-materiales-de-construccion","status":"publish","type":"post","link":"https:\/\/radiorevelacionfm.cl\/?p=4505","title":{"rendered":"Diputado Alinco se suma a presentaci\u00f3n que solicita investigar incremento desproporcionado de precios en materiales de construcci\u00f3n"},"content":{"rendered":"<div class=\"flex_column av_one_full  flex_column_div av-zero-column-padding first  avia-builder-el-0  el_before_av_one_full  avia-builder-el-first  \" style='border-radius:0px; '><div  class='avia-image-container  av-styling-    avia-builder-el-1  avia-builder-el-no-sibling  avia-align-center '  itemprop=\"image\" itemscope=\"itemscope\" itemtype=\"https:\/\/schema.org\/ImageObject\"  ><div class='avia-image-container-inner'><div class='avia-image-overlay-wrap'><img decoding=\"async\" class='wp-image-4506 avia-img-lazy-loading-not-4506 avia_image' src=\"https:\/\/radiorevelacionfm.cl\/wp-content\/uploads\/2021\/05\/W700x525-1.jpeg\" alt='' title='W700x525 (1)' height=\"600\" width=\"800\"  itemprop=\"thumbnailUrl\" srcset=\"https:\/\/radiorevelacionfm.cl\/wp-content\/uploads\/2021\/05\/W700x525-1.jpeg 800w, https:\/\/radiorevelacionfm.cl\/wp-content\/uploads\/2021\/05\/W700x525-1-300x225.jpeg 300w, https:\/\/radiorevelacionfm.cl\/wp-content\/uploads\/2021\/05\/W700x525-1-768x576.jpeg 768w, https:\/\/radiorevelacionfm.cl\/wp-content\/uploads\/2021\/05\/W700x525-1-705x529.jpeg 705w, https:\/\/radiorevelacionfm.cl\/wp-content\/uploads\/2021\/05\/W700x525-1-600x450.jpeg 600w\" sizes=\"(max-width: 800px) 100vw, 800px\" \/><\/div><\/div><\/div><\/div><div class=\"flex_column av_one_full  flex_column_div av-zero-column-padding first  avia-builder-el-2  el_after_av_one_full  el_before_av_one_full  column-top-margin\" style='border-radius:0px; '><section class=\"av_textblock_section \"  itemscope=\"itemscope\" itemtype=\"https:\/\/schema.org\/BlogPosting\" itemprop=\"blogPost\" ><div class='avia_textblock  '   itemprop=\"text\" ><p style=\"text-align: center;\"><span style=\"font-size: 18pt;\"><strong>Diputado Alinco se suma a presentaci\u00f3n que solicita investigar incremento desproporcionado de precios en materiales de construcci\u00f3n<\/strong><\/span><\/p>\n<div id=\"gtx-trans\" style=\"position: absolute; left: -50px; top: 4.31534px;\">\n<div class=\"gtx-trans-icon\"><\/div>\n<\/div>\n<\/div><\/section><\/div><div class=\"flex_column av_one_full  flex_column_div av-zero-column-padding first  avia-builder-el-4  el_after_av_one_full  el_before_av_hr  column-top-margin\" style='border-radius:0px; '><section class=\"av_textblock_section \"  itemscope=\"itemscope\" itemtype=\"https:\/\/schema.org\/BlogPosting\" itemprop=\"blogPost\" ><div class='avia_textblock  '   itemprop=\"text\" ><p style=\"text-align: justify;\">El martes por la ma\u00f1ana, diputados de la bancada del Partido por la Democracia (PPD) e Independientes, realiz\u00f3 una presentaci\u00f3n ante la Fiscal\u00eda Nacional Econ\u00f3mica (FNE) para que investigue el\u00a0\u201cdesproporcionado incremento en los precios de los materiales destinados para la construcci\u00f3n y edificaci\u00f3n\u201d,\u00a0durante los \u00faltimos doce meses.<\/p>\n<p style=\"text-align: justify;\">Los parlamentarios, entre ellos Ren\u00e9 Alinco Bustos, igualmente emplazaron al presidente\u00a0Sebasti\u00e1n Pi\u00f1era, a trav\u00e9s de un Proyecto de Resoluci\u00f3n -que se votar\u00e1 el pr\u00f3ximo jueves-, a hacer uso de \u201ctodas las facultades que le concede el Estado de Excepci\u00f3n Constitucional, para\u00a0fijar y estabilizar precios\u00a0de los productos de consumo b\u00e1sico\u201d, situaci\u00f3n que el a\u00f1o pasado tambi\u00e9n hab\u00eda solicitado el diputado aysenino.<\/p>\n<p style=\"text-align: justify;\"><strong><em>Aumento en los precios de materiales de construcci\u00f3n<\/em><\/strong><\/p>\n<p style=\"text-align: justify;\">Con esta presentaci\u00f3n ante la FNE, los congresistas se\u00f1alaron el objetivo es que Sebasti\u00e1n Pi\u00f1era, use sus facultades como mandatario para que se adopten \u201cmedidas inmediatas a fin de evitar el preocupante aumento de precios en productos como los alimentos, los combustibles y los materiales necesarios para reparar las viviendas\u201d.<\/p>\n<p style=\"text-align: justify;\">Los parlamentarios recordaron que el 9 de abril hicieron un requerimiento a la FNE a prop\u00f3sito de una eventual colusi\u00f3n en el mercado del gas; y que en la misma l\u00ednea\u00a0esperan que se investigue el mercado del retail y grandes ferreter\u00edas\u2026 \u201cpedimos que el presidente Pi\u00f1era se ponga los pantalones y utilice las facultades constitucionales\u00a0en un contexto de estado de excepci\u00f3n constitucional por estado de cat\u00e1strofe, y establezca ciertas limitaciones al derecho de propiedad para establecer l\u00edmites de precios (\u2026)\u201d.<\/p>\n<p style=\"text-align: justify;\">Los parlamentarios apuntaron, en el contexto de la pandemia del coronavirus, \u00abla alteraci\u00f3n sufrida en los precios de ciertos y determinados productos, durante la vigencia del Estado de Excepci\u00f3n Constitucional de Cat\u00e1strofe por Calamidad P\u00fablica, decretado el d\u00eda 18 de marzo del a\u00f1o 2020 mediante decreto supremo 104, junto con sus respectivas pr\u00f3rrogas\u00bb.<\/p>\n<p style=\"text-align: justify;\">\u00abEs el caso de los materiales de construcci\u00f3n tales como hormig\u00f3n, cemento, barras de acero, estructuras de aluminio, zinc, acero galvanizado, tuber\u00edas de bronco y cobre, yeso, cart\u00f3n, entre otros. Incluso, la madera ha llegado a experimentar un alza hist\u00f3rica de 400% en valor en comparaci\u00f3n al mes de abril del a\u00f1o 2020, lo cual es sumamente extra\u00f1o en circunstancias que somos un pa\u00eds productor de madera y celulosa\u00bb, prosiguieron en un documento.<\/p>\n<p style=\"text-align: justify;\">Finalmente, el parlamentario aysenino sostuvo que \u00absolicitamos que la Fiscal\u00eda Nacional Econ\u00f3mica se sirva disponer investigaci\u00f3n respecto al comportamiento de las empresas del Retail, grandes cadenas de ferreter\u00eda, productores de madera y acero, dedicadas a la comercializaci\u00f3n y distribuci\u00f3n de bienes destinados para la construcci\u00f3n y edificaci\u00f3n, en cuanto a su incidencia en el incremento desproporcionado de los precios de dichos bienes durante los \u00faltimos 12 meses en Chile\u00bb, cerr\u00f3 el diputado.<\/p>\n<\/div><\/section><\/div><div  style='height:50px' class='hr hr-invisible   avia-builder-el-6  el_after_av_one_full  el_before_av_social_share '><span class='hr-inner ' ><span class='hr-inner-style'><\/span><\/span><\/div><\/p>\n<div  class='av-social-sharing-box  avia-builder-el-7  el_after_av_hr  el_before_av_hr  '><div class='av-share-box'><h5 class='av-share-link-description av-no-toc '>Compartir esta noticia<\/h5><ul class='av-share-box-list noLightbox'><li class='av-share-link av-social-link-facebook' ><a target=\"_blank\" aria-label=\"Compartir en Facebook\" href='https:\/\/www.facebook.com\/sharer.php?u=https:\/\/radiorevelacionfm.cl\/?p=4505&#038;t=Diputado%20Alinco%20se%20suma%20a%20presentaci%C3%B3n%20que%20solicita%20investigar%20incremento%20desproporcionado%20de%20precios%20en%20materiales%20de%20construcci%C3%B3n' aria-hidden='false' data-av_icon='\ue8f3' data-av_iconfont='entypo-fontello' title='' data-avia-related-tooltip='Compartir en Facebook' rel=\"noopener\"><span class='avia_hidden_link_text'>Compartir en Facebook<\/span><\/a><\/li><li class='av-share-link av-social-link-twitter' ><a target=\"_blank\" aria-label=\"Compartir en Twitter\" href='https:\/\/twitter.com\/share?text=Diputado%20Alinco%20se%20suma%20a%20presentaci%C3%B3n%20que%20solicita%20investigar%20incremento%20desproporcionado%20de%20precios%20en%20materiales%20de%20construcci%C3%B3n&#038;url=https:\/\/radiorevelacionfm.cl\/?p=4505' aria-hidden='false' data-av_icon='\ue8f1' data-av_iconfont='entypo-fontello' title='' data-avia-related-tooltip='Compartir en Twitter' rel=\"noopener\"><span class='avia_hidden_link_text'>Compartir en Twitter<\/span><\/a><\/li><li class='av-share-link av-social-link-whatsapp' ><a target=\"_blank\" aria-label=\"Compartir en Whatsapp\" href='https:\/\/api.whatsapp.com\/send?text=https:\/\/radiorevelacionfm.cl\/?p=4505' aria-hidden='false' data-av_icon='\uf232' data-av_iconfont='entypo-fontello' title='' data-avia-related-tooltip='Compartir en Whatsapp' rel=\"noopener\"><span class='avia_hidden_link_text'>Compartir en Whatsapp<\/span><\/a><\/li><li class='av-share-link av-social-link-linkedin' ><a target=\"_blank\" aria-label=\"Compartir en LinkedIn\" href='https:\/\/linkedin.com\/shareArticle?mini=true&#038;title=Diputado%20Alinco%20se%20suma%20a%20presentaci%C3%B3n%20que%20solicita%20investigar%20incremento%20desproporcionado%20de%20precios%20en%20materiales%20de%20construcci%C3%B3n&#038;url=https:\/\/radiorevelacionfm.cl\/?p=4505' aria-hidden='false' data-av_icon='\ue8fc' data-av_iconfont='entypo-fontello' title='' data-avia-related-tooltip='Compartir en LinkedIn' rel=\"noopener\"><span class='avia_hidden_link_text'>Compartir en LinkedIn<\/span><\/a><\/li><li class='av-share-link av-social-link-mail' ><a  aria-label=\"Compartir por correo\" href='mailto:?subject=Diputado%20Alinco%20se%20suma%20a%20presentaci%C3%B3n%20que%20solicita%20investigar%20incremento%20desproporcionado%20de%20precios%20en%20materiales%20de%20construcci%C3%B3n&#038;body=https:\/\/radiorevelacionfm.cl\/?p=4505' aria-hidden='false' data-av_icon='\ue805' data-av_iconfont='entypo-fontello' title='' data-avia-related-tooltip='Compartir por correo'><span class='avia_hidden_link_text'>Compartir por correo<\/span><\/a><\/li><\/ul><\/div><\/div>\n<div  style='height:50px' class='hr hr-invisible   avia-builder-el-8  el_after_av_social_share  el_before_av_comments_list '><span class='hr-inner ' ><span class='hr-inner-style'><\/span><\/span><\/div>\n<div  class='av-buildercomment  av-blog-meta-html-info-disabled av-blog-meta-tag-disabled  '><\/div>\n","protected":false},"excerpt":{"rendered":"","protected":false},"author":1,"featured_media":4506,"comment_status":"open","ping_status":"open","sticky":false,"template":"","format":"standard","meta":{"footnotes":""},"categories":[35],"tags":[],"class_list":["post-4505","post","type-post","status-publish","format-standard","has-post-thumbnail","hentry","category-politica"],"jetpack_featured_media_url":"https:\/\/radiorevelacionfm.cl\/wp-content\/uploads\/2021\/05\/W700x525-1.jpeg","_links":{"self":[{"href":"https:\/\/radiorevelacionfm.cl\/index.php?rest_route=\/wp\/v2\/posts\/4505","targetHints":{"allow":["GET"]}}],"collection":[{"href":"https:\/\/radiorevelacionfm.cl\/index.php?rest_route=\/wp\/v2\/posts"}],"about":[{"href":"https:\/\/radiorevelacionfm.cl\/index.php?rest_route=\/wp\/v2\/types\/post"}],"author":[{"embeddable":true,"href":"https:\/\/radiorevelacionfm.cl\/index.php?rest_route=\/wp\/v2\/users\/1"}],"replies":[{"embeddable":true,"href":"https:\/\/radiorevelacionfm.cl\/index.php?rest_route=%2Fwp%2Fv2%2Fcomments&post=4505"}],"version-history":[{"count":1,"href":"https:\/\/radiorevelacionfm.cl\/index.php?rest_route=\/wp\/v2\/posts\/4505\/revisions"}],"predecessor-version":[{"id":4507,"href":"https:\/\/radiorevelacionfm.cl\/index.php?rest_route=\/wp\/v2\/posts\/4505\/revisions\/4507"}],"wp:featuredmedia":[{"embeddable":true,"href":"https:\/\/radiorevelacionfm.cl\/index.php?rest_route=\/wp\/v2\/media\/4506"}],"wp:attachment":[{"href":"https:\/\/radiorevelacionfm.cl\/index.php?rest_route=%2Fwp%2Fv2%2Fmedia&parent=4505"}],"wp:term":[{"taxonomy":"category","embeddable":true,"href":"https:\/\/radiorevelacionfm.cl\/index.php?rest_route=%2Fwp%2Fv2%2Fcategories&post=4505"},{"taxonomy":"post_tag","embeddable":true,"href":"https:\/\/radiorevelacionfm.cl\/index.php?rest_route=%2Fwp%2Fv2%2Ftags&post=4505"}],"curies":[{"name":"wp","href":"https:\/\/api.w.org\/{rel}","templated":true}]}}