{"id":45049,"date":"2024-08-09T21:45:18","date_gmt":"2024-08-10T00:45:18","guid":{"rendered":"https:\/\/radiorevelacionfm.cl\/?p=45049"},"modified":"2024-08-09T21:45:18","modified_gmt":"2024-08-10T00:45:18","slug":"los-6-pasajeros-mas-el-piloto-resultaron-fallecidos-fiscalia-confirma-hallazgo-de-nave-siniestrada-esta-manana-y-solicita-diligencias-a-la-pdi-y-el-sml","status":"publish","type":"post","link":"https:\/\/radiorevelacionfm.cl\/?p=45049","title":{"rendered":"Los 6 pasajeros m\u00e1s el piloto resultaron fallecidos: Fiscal\u00eda confirma hallazgo de nave siniestrada esta ma\u00f1ana y solicita diligencias a la PDI y el SML"},"content":{"rendered":"<div class=\"flex_column av_one_full  flex_column_div av-zero-column-padding first  avia-builder-el-0  el_before_av_one_full  avia-builder-el-first  \" style='border-radius:0px; '><div  class='avia-image-container  av-styling-    avia-builder-el-1  avia-builder-el-no-sibling  avia-align-center '  itemprop=\"image\" itemscope=\"itemscope\" itemtype=\"https:\/\/schema.org\/ImageObject\"  ><div class='avia-image-container-inner'><div class='avia-image-overlay-wrap'><img decoding=\"async\" class='wp-image-45050 avia-img-lazy-loading-not-45050 avia_image' src=\"https:\/\/radiorevelacionfm.cl\/wp-content\/uploads\/2024\/08\/FIscal_Regional_caso_accidente_aereo_puesto_mando-1-1.jpg\" alt='' title='FIscal_Regional_caso_accidente_aereo_puesto_mando (1) (1)' height=\"600\" width=\"1060\"  itemprop=\"thumbnailUrl\" srcset=\"https:\/\/radiorevelacionfm.cl\/wp-content\/uploads\/2024\/08\/FIscal_Regional_caso_accidente_aereo_puesto_mando-1-1.jpg 1060w, https:\/\/radiorevelacionfm.cl\/wp-content\/uploads\/2024\/08\/FIscal_Regional_caso_accidente_aereo_puesto_mando-1-1-300x170.jpg 300w, https:\/\/radiorevelacionfm.cl\/wp-content\/uploads\/2024\/08\/FIscal_Regional_caso_accidente_aereo_puesto_mando-1-1-1030x583.jpg 1030w, https:\/\/radiorevelacionfm.cl\/wp-content\/uploads\/2024\/08\/FIscal_Regional_caso_accidente_aereo_puesto_mando-1-1-768x435.jpg 768w, https:\/\/radiorevelacionfm.cl\/wp-content\/uploads\/2024\/08\/FIscal_Regional_caso_accidente_aereo_puesto_mando-1-1-705x399.jpg 705w, https:\/\/radiorevelacionfm.cl\/wp-content\/uploads\/2024\/08\/FIscal_Regional_caso_accidente_aereo_puesto_mando-1-1-450x255.jpg 450w, https:\/\/radiorevelacionfm.cl\/wp-content\/uploads\/2024\/08\/FIscal_Regional_caso_accidente_aereo_puesto_mando-1-1-600x340.jpg 600w\" sizes=\"(max-width: 1060px) 100vw, 1060px\" \/><\/div><\/div><\/div><\/div><div class=\"flex_column av_one_full  flex_column_div av-zero-column-padding first  avia-builder-el-2  el_after_av_one_full  el_before_av_one_full  column-top-margin\" style='border-radius:0px; '><section class=\"av_textblock_section \"  itemscope=\"itemscope\" itemtype=\"https:\/\/schema.org\/BlogPosting\" itemprop=\"blogPost\" ><div class='avia_textblock  '   itemprop=\"text\" ><p style=\"text-align: center;\"><strong><span style=\"font-size: 18pt;\">Los 6 pasajeros m\u00e1s el piloto resultaron fallecidos: Fiscal\u00eda confirma hallazgo de nave siniestrada esta ma\u00f1ana y solicita diligencias a la PDI y el SML<\/span><\/strong><\/p>\n<div id=\"gtx-trans\" style=\"position: absolute; left: -50px; top: 4.31534px;\">\n<div class=\"gtx-trans-icon\"><\/div>\n<\/div>\n<\/div><\/section><\/div><div class=\"flex_column av_one_full  flex_column_div av-zero-column-padding first  avia-builder-el-4  el_after_av_one_full  el_before_av_hr  column-top-margin\" style='border-radius:0px; '><section class=\"av_textblock_section \"  itemscope=\"itemscope\" itemtype=\"https:\/\/schema.org\/BlogPosting\" itemprop=\"blogPost\" ><div class='avia_textblock  '   itemprop=\"text\" ><p style=\"font-weight: 400; text-align: justify;\">El lugar es de dif\u00edcil acceso y las condiciones clim\u00e1ticas actuales son adversas.<\/p>\n<p style=\"font-weight: 400; text-align: justify;\">Diligencias a la Polic\u00eda de Investigaciones de Chile y al Servicio M\u00e9dico Legal, solicit\u00f3 la Fiscal\u00eda Regional de Ays\u00e9n luego del hallazgo de la nave siniestrada esta ma\u00f1ana en las cercan\u00edas de Cerro Castillo en la Regi\u00f3n de Ays\u00e9n con 6 pasajeros a bordo m\u00e1s el piloto, quienes resultaron fallecidos.<\/p>\n<p style=\"font-weight: 400; text-align: justify;\">Seg\u00fan explic\u00f3 el Fiscal Regional, Carlos Palma, desde el puesto de mando en el sector de Las Horquetas, donde se coordinan las distintas operaciones de este caso, \u201cel d\u00eda de hoy hemos iniciado investigaci\u00f3n de oficio atendido que hemos tomado conocimiento que en el sector de Cerro Castillo hab\u00eda capotado un avi\u00f3n comercial con pasajeros a bordo. Luego de haber participado con las autoridades regionales en la reuni\u00f3n del Comit\u00e9 de Gesti\u00f3n del Riesgo de Desastres respectivo (COGRID), se tomaron decisiones respecto a la b\u00fasqueda del mismo, que era la labor m\u00e1s compleja\u201d.<\/p>\n<p style=\"font-weight: 400; text-align: justify;\">De acuerdo a la informaci\u00f3n en poder de la Fiscal\u00eda, se perdi\u00f3 comunicaci\u00f3n con la nave Piper Navajo, que realizaba vuelos subsidiados entre Coyhaique y Chile Chico, cerca de las 09.36 horas de esta ma\u00f1ana y en la zona, las condiciones clim\u00e1ticas son adversas.<\/p>\n<p style=\"font-weight: 400; text-align: justify;\">\u201cA esta hora, en horas de la tarde, ya hemos logrado ubicar la aeronave y hemos podido constatar, desgraciadamente, que todas las personas se encuentran fallecidas. Hemos instruido la Polic\u00eda de Investigaciones de Chile, a trav\u00e9s de la Brigada de Homicidios, Laboratorio de Criminal\u00edstica y personal especial en b\u00fasqueda de personas que viene de Santiago, para trabajar el sitio del suceso con la colaboraci\u00f3n de los otros organismos auxiliares\u201d, a\u00f1adi\u00f3 el Fiscal Regional.<\/p>\n<p style=\"font-weight: 400; text-align: justify;\">El operativo de b\u00fasqueda y rescate asociado a este accidente a\u00e9reo est\u00e1 a cargo de efectivos del Ej\u00e9rcito, con apoyo de la Fuerza A\u00e9rea, Carabineros, Direcci\u00f3n General de Aeron\u00e1utica Civil (DGAC), Conaf, Senapred, Servicio de Salud, entre otros.<\/p>\n<\/div><\/section><\/div><div  style='height:50px' class='hr hr-invisible   avia-builder-el-6  el_after_av_one_full  el_before_av_social_share '><span class='hr-inner ' ><span class='hr-inner-style'><\/span><\/span><\/div><\/p>\n<div  class='av-social-sharing-box  avia-builder-el-7  el_after_av_hr  el_before_av_hr  '><div class='av-share-box'><h5 class='av-share-link-description av-no-toc '>Compartir esta noticia<\/h5><ul class='av-share-box-list noLightbox'><li class='av-share-link av-social-link-facebook' ><a target=\"_blank\" aria-label=\"Compartir en Facebook\" href='https:\/\/www.facebook.com\/sharer.php?u=https:\/\/radiorevelacionfm.cl\/?p=45049&#038;t=Los%206%20pasajeros%20m%C3%A1s%20el%20piloto%20resultaron%20fallecidos%3A%20Fiscal%C3%ADa%20confirma%20hallazgo%20de%20nave%20siniestrada%20esta%20ma%C3%B1ana%20y%20solicita%20diligencias%20a%20la%20PDI%20y%20el%20SML' aria-hidden='false' data-av_icon='\ue8f3' data-av_iconfont='entypo-fontello' title='' data-avia-related-tooltip='Compartir en Facebook' rel=\"noopener\"><span class='avia_hidden_link_text'>Compartir en Facebook<\/span><\/a><\/li><li class='av-share-link av-social-link-twitter' ><a target=\"_blank\" aria-label=\"Compartir en Twitter\" href='https:\/\/twitter.com\/share?text=Los%206%20pasajeros%20m%C3%A1s%20el%20piloto%20resultaron%20fallecidos%3A%20Fiscal%C3%ADa%20confirma%20hallazgo%20de%20nave%20siniestrada%20esta%20ma%C3%B1ana%20y%20solicita%20diligencias%20a%20la%20PDI%20y%20el%20SML&#038;url=https:\/\/radiorevelacionfm.cl\/?p=45049' aria-hidden='false' data-av_icon='\ue8f1' data-av_iconfont='entypo-fontello' title='' data-avia-related-tooltip='Compartir en Twitter' rel=\"noopener\"><span class='avia_hidden_link_text'>Compartir en Twitter<\/span><\/a><\/li><li class='av-share-link av-social-link-whatsapp' ><a target=\"_blank\" aria-label=\"Compartir en Whatsapp\" href='https:\/\/api.whatsapp.com\/send?text=https:\/\/radiorevelacionfm.cl\/?p=45049' aria-hidden='false' data-av_icon='\uf232' data-av_iconfont='entypo-fontello' title='' data-avia-related-tooltip='Compartir en Whatsapp' rel=\"noopener\"><span class='avia_hidden_link_text'>Compartir en Whatsapp<\/span><\/a><\/li><li class='av-share-link av-social-link-linkedin' ><a target=\"_blank\" aria-label=\"Compartir en LinkedIn\" href='https:\/\/linkedin.com\/shareArticle?mini=true&#038;title=Los%206%20pasajeros%20m%C3%A1s%20el%20piloto%20resultaron%20fallecidos%3A%20Fiscal%C3%ADa%20confirma%20hallazgo%20de%20nave%20siniestrada%20esta%20ma%C3%B1ana%20y%20solicita%20diligencias%20a%20la%20PDI%20y%20el%20SML&#038;url=https:\/\/radiorevelacionfm.cl\/?p=45049' aria-hidden='false' data-av_icon='\ue8fc' data-av_iconfont='entypo-fontello' title='' data-avia-related-tooltip='Compartir en LinkedIn' rel=\"noopener\"><span class='avia_hidden_link_text'>Compartir en LinkedIn<\/span><\/a><\/li><li class='av-share-link av-social-link-mail' ><a  aria-label=\"Compartir por correo\" href='mailto:?subject=Los%206%20pasajeros%20m%C3%A1s%20el%20piloto%20resultaron%20fallecidos%3A%20Fiscal%C3%ADa%20confirma%20hallazgo%20de%20nave%20siniestrada%20esta%20ma%C3%B1ana%20y%20solicita%20diligencias%20a%20la%20PDI%20y%20el%20SML&#038;body=https:\/\/radiorevelacionfm.cl\/?p=45049' aria-hidden='false' data-av_icon='\ue805' data-av_iconfont='entypo-fontello' title='' data-avia-related-tooltip='Compartir por correo'><span class='avia_hidden_link_text'>Compartir por correo<\/span><\/a><\/li><\/ul><\/div><\/div>\n<div  style='height:50px' class='hr hr-invisible   avia-builder-el-8  el_after_av_social_share  el_before_av_comments_list '><span class='hr-inner ' ><span class='hr-inner-style'><\/span><\/span><\/div>\n<div  class='av-buildercomment  av-blog-meta-html-info-disabled av-blog-meta-tag-disabled  '><\/div>\n","protected":false},"excerpt":{"rendered":"","protected":false},"author":1,"featured_media":45050,"comment_status":"open","ping_status":"open","sticky":false,"template":"","format":"standard","meta":{"footnotes":""},"categories":[55],"tags":[],"class_list":["post-45049","post","type-post","status-publish","format-standard","has-post-thumbnail","hentry","category-justicia"],"jetpack_featured_media_url":"https:\/\/radiorevelacionfm.cl\/wp-content\/uploads\/2024\/08\/FIscal_Regional_caso_accidente_aereo_puesto_mando-1-1.jpg","_links":{"self":[{"href":"https:\/\/radiorevelacionfm.cl\/index.php?rest_route=\/wp\/v2\/posts\/45049","targetHints":{"allow":["GET"]}}],"collection":[{"href":"https:\/\/radiorevelacionfm.cl\/index.php?rest_route=\/wp\/v2\/posts"}],"about":[{"href":"https:\/\/radiorevelacionfm.cl\/index.php?rest_route=\/wp\/v2\/types\/post"}],"author":[{"embeddable":true,"href":"https:\/\/radiorevelacionfm.cl\/index.php?rest_route=\/wp\/v2\/users\/1"}],"replies":[{"embeddable":true,"href":"https:\/\/radiorevelacionfm.cl\/index.php?rest_route=%2Fwp%2Fv2%2Fcomments&post=45049"}],"version-history":[{"count":1,"href":"https:\/\/radiorevelacionfm.cl\/index.php?rest_route=\/wp\/v2\/posts\/45049\/revisions"}],"predecessor-version":[{"id":45051,"href":"https:\/\/radiorevelacionfm.cl\/index.php?rest_route=\/wp\/v2\/posts\/45049\/revisions\/45051"}],"wp:featuredmedia":[{"embeddable":true,"href":"https:\/\/radiorevelacionfm.cl\/index.php?rest_route=\/wp\/v2\/media\/45050"}],"wp:attachment":[{"href":"https:\/\/radiorevelacionfm.cl\/index.php?rest_route=%2Fwp%2Fv2%2Fmedia&parent=45049"}],"wp:term":[{"taxonomy":"category","embeddable":true,"href":"https:\/\/radiorevelacionfm.cl\/index.php?rest_route=%2Fwp%2Fv2%2Fcategories&post=45049"},{"taxonomy":"post_tag","embeddable":true,"href":"https:\/\/radiorevelacionfm.cl\/index.php?rest_route=%2Fwp%2Fv2%2Ftags&post=45049"}],"curies":[{"name":"wp","href":"https:\/\/api.w.org\/{rel}","templated":true}]}}