{"id":45032,"date":"2024-08-09T17:08:36","date_gmt":"2024-08-09T20:08:36","guid":{"rendered":"https:\/\/radiorevelacionfm.cl\/?p=45032"},"modified":"2024-08-09T20:36:35","modified_gmt":"2024-08-09T23:36:35","slug":"encuentran-avioneta-siniestrada-que-despego-de-coyhaique-con-destino-chile-chico","status":"publish","type":"post","link":"https:\/\/radiorevelacionfm.cl\/?p=45032","title":{"rendered":"No hay sobrevivientes: Encuentran avioneta siniestrada que despeg\u00f3 de Coyhaique con destino Chile Chico"},"content":{"rendered":"<div class=\"flex_column av_one_full  flex_column_div av-zero-column-padding first  avia-builder-el-0  el_before_av_one_full  avia-builder-el-first  \" style='border-radius:0px; '><div  class='avia-image-container  av-styling-    avia-builder-el-1  avia-builder-el-no-sibling  avia-align-center '  itemprop=\"image\" itemscope=\"itemscope\" itemtype=\"https:\/\/schema.org\/ImageObject\"  ><div class='avia-image-container-inner'><div class='avia-image-overlay-wrap'><img decoding=\"async\" class='wp-image-45033 avia-img-lazy-loading-not-45033 avia_image' src=\"https:\/\/radiorevelacionfm.cl\/wp-content\/uploads\/2024\/08\/Avioneta-siniestrada-1-1.jpg\" alt='' title='Avioneta siniestrada (1) (1)' height=\"600\" width=\"1067\"  itemprop=\"thumbnailUrl\" srcset=\"https:\/\/radiorevelacionfm.cl\/wp-content\/uploads\/2024\/08\/Avioneta-siniestrada-1-1.jpg 1067w, https:\/\/radiorevelacionfm.cl\/wp-content\/uploads\/2024\/08\/Avioneta-siniestrada-1-1-300x169.jpg 300w, https:\/\/radiorevelacionfm.cl\/wp-content\/uploads\/2024\/08\/Avioneta-siniestrada-1-1-1030x579.jpg 1030w, https:\/\/radiorevelacionfm.cl\/wp-content\/uploads\/2024\/08\/Avioneta-siniestrada-1-1-768x432.jpg 768w, https:\/\/radiorevelacionfm.cl\/wp-content\/uploads\/2024\/08\/Avioneta-siniestrada-1-1-705x396.jpg 705w, https:\/\/radiorevelacionfm.cl\/wp-content\/uploads\/2024\/08\/Avioneta-siniestrada-1-1-450x253.jpg 450w, https:\/\/radiorevelacionfm.cl\/wp-content\/uploads\/2024\/08\/Avioneta-siniestrada-1-1-600x337.jpg 600w\" sizes=\"(max-width: 1067px) 100vw, 1067px\" \/><\/div><\/div><\/div><\/div>\n<div class=\"flex_column av_one_full  flex_column_div av-zero-column-padding first  avia-builder-el-2  el_after_av_one_full  el_before_av_one_full  column-top-margin\" style='border-radius:0px; '><section class=\"av_textblock_section \"  itemscope=\"itemscope\" itemtype=\"https:\/\/schema.org\/BlogPosting\" itemprop=\"blogPost\" ><div class='avia_textblock  '   itemprop=\"text\" ><p style=\"text-align: center;\"><strong><span style=\"font-size: 18pt;\">No hay sobrevivientes: Encuentran avioneta siniestrada que despeg\u00f3 de Coyhaique con destino Chile Chico<\/span><\/strong><\/p>\n<div id=\"gtx-trans\" style=\"position: absolute; left: -50px; top: 4.31534px;\">\n<div class=\"gtx-trans-icon\"><\/div>\n<\/div>\n<\/div><\/section><\/div>\n<div class=\"flex_column av_one_full  flex_column_div av-zero-column-padding first  avia-builder-el-4  el_after_av_one_full  el_before_av_hr  column-top-margin\" style='border-radius:0px; '><section class=\"av_textblock_section \"  itemscope=\"itemscope\" itemtype=\"https:\/\/schema.org\/BlogPosting\" itemprop=\"blogPost\" ><div class='avia_textblock  '   itemprop=\"text\" ><p>Durante esta tarde fue encontrada la aeronave siniestrada en la regi\u00f3n de Ays\u00e9n.<\/p>\n<p style=\"text-align: justify;\">As\u00ed lo inform\u00f3 la propia empresa afectada, a las 13:44 horas de este viernes 9 de agosto, el equipo de B\u00fasqueda de Transportes A\u00e9reos San Rafael, encabezados por Fredy Meyer, junto al equipo de Patagonia Copter, han localizado la aeronave Piper Navajo matr\u00edcula CC-CRN, siniestrada esta ma\u00f1ana tras despegar desde Coyhaique hacia Chile Chico.<\/p>\n<p style=\"text-align: justify;\">Se ha informado del hallazgo a las autoridades correspondientes, quienes a esta hora siguen desplegadas en el lugar en b\u00fasqueda de los pasajeros y el piloto que se encontraban a bordo de la aeronave.<\/p>\n<p style=\"text-align: justify;\">El Delegado Presidencial Regional, Rodrigo Araya, en un punto de prensa pasadas las 16:00 horas confirm\u00f3 tambi\u00e9n la informaci\u00f3n, indicando que no hay sobrevivientes, y se coordinan los trabajos para recuperar los cuerpos desde la nave que se encuentra desintegrada, en una zona geogr\u00e1ficamente muy complicada y de dif\u00edcil acceso, fue un accidente de alto impacto, por lo que la situaci\u00f3n es compleja, se\u00f1al\u00f3.<\/p>\n<p style=\"text-align: justify;\">Los equipos de emergencias, GOPE de Carabineros, logr\u00f3 acceder al sector del accidente, quienes confirmaron que encontraron los cuerpos de las siete personas que viajaban a bordo de la aeronave, 06 pasajeros y 01 piloto, y que no hay sobrevivientes, precis\u00f3.<\/p>\n<p style=\"text-align: justify;\">Junto con ello, entreg\u00f3 las condolencias a las familias afectadas por este tr\u00e1gico accidente a\u00e9reo, que cobr\u00f3 la vida de siete personas.<\/p>\n<p>Las personas fallecidas son:<\/p>\n<ul>\n<li>Joaqu\u00edn Infante Crocco (piloto)<\/li>\n<li>\u00a0Sonia Mu\u00f1oz Belmar<\/li>\n<li>Jos\u00e9 Gonz\u00e1lez Navarrete<\/li>\n<li>H\u00e9ctor Foitzick Hern\u00e1ndez<\/li>\n<li>Patricio Asencio Paredes<\/li>\n<li>Mirta Barr\u00eda Padilla<\/li>\n<li>Millaray Cay\u00fan Padilla<\/li>\n<\/ul>\n<p style=\"text-align: justify;\">ACCIONES<\/p>\n<p style=\"text-align: justify;\">Se mantiene puesto de mando en sector las Horquetas en Ruta 7 Sur, con personal de emergencias. Se inician coordinaciones y diligencias por parte de la Fiscal\u00eda Regional y Ministerio Publico, quienes dispondr\u00e1n del levantamiento de los cuerpos y posterior entrega al SML.<\/p>\n<p style=\"text-align: justify;\">Se coordinaron en esta emergencia, Delegaci\u00f3n Presidencial Regional de Ays\u00e9n, Delegaci\u00f3n Presidencial Provincial General Carrera, Fiscal\u00eda Regional, SML, Ejercito con 03 PARME, SAR con 01 Black Hawk de FACH desde Santiago, 01 aeronave Citati\u00f3n FACH, Helic\u00f3ptero 412 FACH, 02 ambulancias SAMU, GOPE de Carabineros, Carabineros, PDI, Armada y 02 funcionarios de SENAPRED con 01 camioneta de Telecomunicaciones y 01 puesto de Mando.<\/p>\n<\/div><\/section><\/div><div  style='height:50px' class='hr hr-invisible   avia-builder-el-6  el_after_av_one_full  el_before_av_social_share '><span class='hr-inner ' ><span class='hr-inner-style'><\/span><\/span><\/div><\/p>\n<div  class='av-social-sharing-box  avia-builder-el-7  el_after_av_hr  el_before_av_hr  '><div class='av-share-box'><h5 class='av-share-link-description av-no-toc '>Compartir esta noticia<\/h5><ul class='av-share-box-list noLightbox'><li class='av-share-link av-social-link-facebook' ><a target=\"_blank\" aria-label=\"Compartir en Facebook\" href='https:\/\/www.facebook.com\/sharer.php?u=https:\/\/radiorevelacionfm.cl\/?p=45032&#038;t=No%20hay%20sobrevivientes%3A%20Encuentran%20avioneta%20siniestrada%20que%20despeg%C3%B3%20de%20Coyhaique%20con%20destino%20Chile%20Chico' aria-hidden='false' data-av_icon='\ue8f3' data-av_iconfont='entypo-fontello' title='' data-avia-related-tooltip='Compartir en Facebook' rel=\"noopener\"><span class='avia_hidden_link_text'>Compartir en Facebook<\/span><\/a><\/li><li class='av-share-link av-social-link-twitter' ><a target=\"_blank\" aria-label=\"Compartir en Twitter\" href='https:\/\/twitter.com\/share?text=No%20hay%20sobrevivientes%3A%20Encuentran%20avioneta%20siniestrada%20que%20despeg%C3%B3%20de%20Coyhaique%20con%20destino%20Chile%20Chico&#038;url=https:\/\/radiorevelacionfm.cl\/?p=45032' aria-hidden='false' data-av_icon='\ue8f1' data-av_iconfont='entypo-fontello' title='' data-avia-related-tooltip='Compartir en Twitter' rel=\"noopener\"><span class='avia_hidden_link_text'>Compartir en Twitter<\/span><\/a><\/li><li class='av-share-link av-social-link-whatsapp' ><a target=\"_blank\" aria-label=\"Compartir en Whatsapp\" href='https:\/\/api.whatsapp.com\/send?text=https:\/\/radiorevelacionfm.cl\/?p=45032' aria-hidden='false' data-av_icon='\uf232' data-av_iconfont='entypo-fontello' title='' data-avia-related-tooltip='Compartir en Whatsapp' rel=\"noopener\"><span class='avia_hidden_link_text'>Compartir en Whatsapp<\/span><\/a><\/li><li class='av-share-link av-social-link-linkedin' ><a target=\"_blank\" aria-label=\"Compartir en LinkedIn\" href='https:\/\/linkedin.com\/shareArticle?mini=true&#038;title=No%20hay%20sobrevivientes%3A%20Encuentran%20avioneta%20siniestrada%20que%20despeg%C3%B3%20de%20Coyhaique%20con%20destino%20Chile%20Chico&#038;url=https:\/\/radiorevelacionfm.cl\/?p=45032' aria-hidden='false' data-av_icon='\ue8fc' data-av_iconfont='entypo-fontello' title='' data-avia-related-tooltip='Compartir en LinkedIn' rel=\"noopener\"><span class='avia_hidden_link_text'>Compartir en LinkedIn<\/span><\/a><\/li><li class='av-share-link av-social-link-mail' ><a  aria-label=\"Compartir por correo\" href='mailto:?subject=No%20hay%20sobrevivientes%3A%20Encuentran%20avioneta%20siniestrada%20que%20despeg%C3%B3%20de%20Coyhaique%20con%20destino%20Chile%20Chico&#038;body=https:\/\/radiorevelacionfm.cl\/?p=45032' aria-hidden='false' data-av_icon='\ue805' data-av_iconfont='entypo-fontello' title='' data-avia-related-tooltip='Compartir por correo'><span class='avia_hidden_link_text'>Compartir por correo<\/span><\/a><\/li><\/ul><\/div><\/div>\n<div  style='height:50px' class='hr hr-invisible   avia-builder-el-8  el_after_av_social_share  el_before_av_comments_list '><span class='hr-inner ' ><span class='hr-inner-style'><\/span><\/span><\/div>\n<div  class='av-buildercomment  av-blog-meta-html-info-disabled av-blog-meta-tag-disabled  '><\/div>\n","protected":false},"excerpt":{"rendered":"","protected":false},"author":1,"featured_media":45033,"comment_status":"open","ping_status":"open","sticky":false,"template":"","format":"standard","meta":{"footnotes":""},"categories":[38],"tags":[],"class_list":["post-45032","post","type-post","status-publish","format-standard","has-post-thumbnail","hentry","category-regional"],"jetpack_featured_media_url":"https:\/\/radiorevelacionfm.cl\/wp-content\/uploads\/2024\/08\/Avioneta-siniestrada-1-1.jpg","_links":{"self":[{"href":"https:\/\/radiorevelacionfm.cl\/index.php?rest_route=\/wp\/v2\/posts\/45032","targetHints":{"allow":["GET"]}}],"collection":[{"href":"https:\/\/radiorevelacionfm.cl\/index.php?rest_route=\/wp\/v2\/posts"}],"about":[{"href":"https:\/\/radiorevelacionfm.cl\/index.php?rest_route=\/wp\/v2\/types\/post"}],"author":[{"embeddable":true,"href":"https:\/\/radiorevelacionfm.cl\/index.php?rest_route=\/wp\/v2\/users\/1"}],"replies":[{"embeddable":true,"href":"https:\/\/radiorevelacionfm.cl\/index.php?rest_route=%2Fwp%2Fv2%2Fcomments&post=45032"}],"version-history":[{"count":7,"href":"https:\/\/radiorevelacionfm.cl\/index.php?rest_route=\/wp\/v2\/posts\/45032\/revisions"}],"predecessor-version":[{"id":45052,"href":"https:\/\/radiorevelacionfm.cl\/index.php?rest_route=\/wp\/v2\/posts\/45032\/revisions\/45052"}],"wp:featuredmedia":[{"embeddable":true,"href":"https:\/\/radiorevelacionfm.cl\/index.php?rest_route=\/wp\/v2\/media\/45033"}],"wp:attachment":[{"href":"https:\/\/radiorevelacionfm.cl\/index.php?rest_route=%2Fwp%2Fv2%2Fmedia&parent=45032"}],"wp:term":[{"taxonomy":"category","embeddable":true,"href":"https:\/\/radiorevelacionfm.cl\/index.php?rest_route=%2Fwp%2Fv2%2Fcategories&post=45032"},{"taxonomy":"post_tag","embeddable":true,"href":"https:\/\/radiorevelacionfm.cl\/index.php?rest_route=%2Fwp%2Fv2%2Ftags&post=45032"}],"curies":[{"name":"wp","href":"https:\/\/api.w.org\/{rel}","templated":true}]}}