{"id":45028,"date":"2024-08-09T15:47:11","date_gmt":"2024-08-09T18:47:11","guid":{"rendered":"https:\/\/radiorevelacionfm.cl\/?p=45028"},"modified":"2024-08-09T15:47:11","modified_gmt":"2024-08-09T18:47:11","slug":"gobierno-celebro-a-sus-dirigentes-sociales-en-puerto-aysen","status":"publish","type":"post","link":"https:\/\/radiorevelacionfm.cl\/?p=45028","title":{"rendered":"Gobierno celebr\u00f3 a sus dirigentes sociales en Puerto Ays\u00e9n"},"content":{"rendered":"<div class=\"flex_column av_one_full  flex_column_div av-zero-column-padding first  avia-builder-el-0  el_before_av_one_full  avia-builder-el-first  \" style='border-radius:0px; '><div  class='avia-image-container  av-styling-    avia-builder-el-1  avia-builder-el-no-sibling  avia-align-center '  itemprop=\"image\" itemscope=\"itemscope\" itemtype=\"https:\/\/schema.org\/ImageObject\"  ><div class='avia-image-container-inner'><div class='avia-image-overlay-wrap'><img decoding=\"async\" class='wp-image-45029 avia-img-lazy-loading-not-45029 avia_image' src=\"https:\/\/radiorevelacionfm.cl\/wp-content\/uploads\/2024\/08\/foto-1-56-1-1.jpg\" alt='' title='foto 1 (56) (1) (1)' height=\"600\" width=\"1067\"  itemprop=\"thumbnailUrl\" srcset=\"https:\/\/radiorevelacionfm.cl\/wp-content\/uploads\/2024\/08\/foto-1-56-1-1.jpg 1067w, https:\/\/radiorevelacionfm.cl\/wp-content\/uploads\/2024\/08\/foto-1-56-1-1-300x169.jpg 300w, https:\/\/radiorevelacionfm.cl\/wp-content\/uploads\/2024\/08\/foto-1-56-1-1-1030x579.jpg 1030w, https:\/\/radiorevelacionfm.cl\/wp-content\/uploads\/2024\/08\/foto-1-56-1-1-768x432.jpg 768w, https:\/\/radiorevelacionfm.cl\/wp-content\/uploads\/2024\/08\/foto-1-56-1-1-705x396.jpg 705w, https:\/\/radiorevelacionfm.cl\/wp-content\/uploads\/2024\/08\/foto-1-56-1-1-450x253.jpg 450w, https:\/\/radiorevelacionfm.cl\/wp-content\/uploads\/2024\/08\/foto-1-56-1-1-600x337.jpg 600w\" sizes=\"(max-width: 1067px) 100vw, 1067px\" \/><\/div><\/div><\/div><\/div><div class=\"flex_column av_one_full  flex_column_div av-zero-column-padding first  avia-builder-el-2  el_after_av_one_full  el_before_av_one_full  column-top-margin\" style='border-radius:0px; '><section class=\"av_textblock_section \"  itemscope=\"itemscope\" itemtype=\"https:\/\/schema.org\/BlogPosting\" itemprop=\"blogPost\" ><div class='avia_textblock  '   itemprop=\"text\" ><p style=\"text-align: center;\"><span style=\"font-size: 18pt;\"><strong>Gobierno celebr\u00f3 a sus dirigentes sociales en Puerto Ays\u00e9n<\/strong><\/span><\/p>\n<div id=\"gtx-trans\" style=\"position: absolute; left: -50px; top: 4.31534px;\">\n<div class=\"gtx-trans-icon\"><\/div>\n<\/div>\n<\/div><\/section><\/div><div class=\"flex_column av_one_full  flex_column_div av-zero-column-padding first  avia-builder-el-4  el_after_av_one_full  el_before_av_hr  column-top-margin\" style='border-radius:0px; '><section class=\"av_textblock_section \"  itemscope=\"itemscope\" itemtype=\"https:\/\/schema.org\/BlogPosting\" itemprop=\"blogPost\" ><div class='avia_textblock  '   itemprop=\"text\" ><p style=\"text-align: justify;\">En la sede de la Uni\u00f3n Comunal de Adultos Mayores de Puerto Ays\u00e9n, en un acto encabezado por el Delegado Presidencial Provincial, Jorge D\u00edaz Guzm\u00e1n y el Seremi de Gobierno(s) Samuel Navarro Castro, y al que asisti\u00f3 cerca de medio centenar de personas, se realiz\u00f3 este jueves la conmemoraci\u00f3n del D\u00eda de la Dirigencia Social y Comunitaria.<\/p>\n<p style=\"text-align: justify;\">En el acto, donde se record\u00f3 la fecha de publicaci\u00f3n de la Ley 16880 sobre Organizaciones Comunitarias en 1968, tambi\u00e9n estuvieron presentes los Secretarios regionales Ministeriales de Agricultura, Eugenio Ruiz Espinoza; Bienes Nacionales, Irina Morend Valdebenito; Mujer, Andrea M\u00e9ndez Valenzuela; Desarrollo Social, Karina Acevedo Auad, y las directoras regionales de Fosis, Fernanda Leiva Mu\u00f1oz e Indap, Yessica Lagos C\u00e1rdenas.<\/p>\n<p style=\"text-align: justify;\">Junto con relevar la labor de las y los dirigentes comunitarios las autoridades gubernamentales destacaron el rol de las organizaciones sociales en nuestro pa\u00eds en diversos \u00e1mbitos, incluyendo la respuesta a distintas emergencias, la reacci\u00f3n a los efectos econ\u00f3micos de la pandemia, la articulaci\u00f3n de organizaciones de mujeres para prevenir y enfrentar la violencia de g\u00e9nero, la coordinaci\u00f3n de comit\u00e9s de seguridad y la incidencia en procesos de creaci\u00f3n legislativa y de pol\u00edtica p\u00fablica.<\/p>\n<p style=\"text-align: justify;\">En este sentido, el Delegado Provincial Presidencial, Jorge D\u00edaz Guzm\u00e1n \u00a0destac\u00f3 que \u201cEstamos muy contentos de haber compartido con nuestros dirigentes y dirigentes sociales de la comuna de Ays\u00e9n en la conmemoraci\u00f3n del d\u00eda nacional del dirigente social; hemos invitado a diferentes actores del mundo social porque creemos que su funci\u00f3n es irremplazable en la articulaci\u00f3n de las pol\u00edticas p\u00fablicas y el di\u00e1logo que tenemos que mantener con nuestros usuarios, y en ese sentido los dirigentes sociales de los diferentes \u00e1mbitos de la vivienda, salud, JJVV, centros de padres, de los grupos culturales y del voluntariado; todos ellos juegan un rol importante en nuestra sociedad y nosotros como Delegaci\u00f3n y como Gobierno del Presidente Gabriel Boric, nos vemos en la obligaci\u00f3n moral y \u00e9tica de poder reconocer su trabajo y alentarlos a que sigan colaborando con las comunidades de nuestra ciudad \u201d.<\/p>\n<p style=\"text-align: justify;\">As\u00ed tambi\u00e9n, el portavoz de Gobierno (s) en la regi\u00f3n de Ays\u00e9n, Samuel Navarro Castro, manifest\u00f3 el inter\u00e9s del Ejecutivo por reconocer y valorar el trabajo de las organizaciones sociales.<\/p>\n<p style=\"text-align: justify;\">\u201cA trav\u00e9s de nuestra Divisi\u00f3n de Organizaciones Sociales, el Ministerio Secretar\u00eda General de Gobierno cumple la funci\u00f3n de visibilizar el rol de las organizaciones, sus dirigencias y las comunidades en que se insertan, y esta labor es particularmente importante en la actualidad, donde el valor del \u00a0tejido social y su trabajo diario por el bienestar de sus comunidades se ve disminuido frente a la irrupci\u00f3n de otros temas tales como seguridad y econom\u00eda\u201d, se\u00f1al\u00f3 el vocero (s).<\/p>\n<p style=\"text-align: justify;\">\u201cLas y los dirigentes cumplen una funci\u00f3n p\u00fablica porque hacen un trabajo que no es remunerado y en que en muchos casos significa postergar sus propias necesidades, el tiempo del descanso, de la familia, para dedicarlo a sus barrios y comunidades\u201d, agreg\u00f3.<\/p>\n<p style=\"text-align: justify;\">Durante la ceremonia, las y los dirigentes recibieron un reconocimiento de parte de los representantes regionales del Gobierno del Presidente Gabriel Boric. Al respecto, la dirigenta social de Chacabuco, Lucerina Ruiz, declar\u00f3 que: \u201cMe gustar\u00eda agradecer a los funcionarios, funcionarias, al delegado Presidencial Provincial y a los seremis, que se haya realizado este homenaje para nosotros. Este reconocimiento al dirigente no se ve\u00eda hace mucho tiempo, as\u00ed que estamos muy contentos por esta jornada de conversaci\u00f3n y reflexi\u00f3n\u201d.<\/p>\n<p style=\"text-align: justify;\"><strong>Actividades del mes de la dirigencia social<\/strong><\/p>\n<p style=\"text-align: justify;\">Para conmemorar el mes de la Dirigencia Social, y apoyar el trabajo que realizan las dirigencias sociales y comunitarias, la Divisi\u00f3n de Organizaciones Sociales de la Vocer\u00eda de Gobierno ha dise\u00f1ado un conjunto de actividades y ha generado material de apoyo para distribuir en diferentes actividades, entre ellas un Manual para dirigentas y dirigentes sociales y comunitarios y folleter\u00eda con informaci\u00f3n sobre Canal de Apoyo Legal CAJ y call center de atenci\u00f3n para Organizaciones Sociales de Banco Estado, sujeto a disponibilidad de imprenta.<\/p>\n<p style=\"text-align: justify;\">Del mismo modo, para este mes de la dirigencia social y comunitaria 2024 se busca ampliar la cantidad de entidades que cuentan con el sello \u201cEspacio para Organizaciones Sociales\u201d, alcanzando al menos tres en cada regi\u00f3n, y concretar el Lanzamiento del Premio Regional y Nacional de Dirigencias Sociales y Comunitarias, para destacar la importancia del trabajo de organizaciones sociales y\u00a0 comunitarias.<\/p>\n<\/div><\/section><\/div><div  style='height:50px' class='hr hr-invisible   avia-builder-el-6  el_after_av_one_full  el_before_av_social_share '><span class='hr-inner ' ><span class='hr-inner-style'><\/span><\/span><\/div><\/p>\n<div  class='av-social-sharing-box  avia-builder-el-7  el_after_av_hr  el_before_av_hr  '><div class='av-share-box'><h5 class='av-share-link-description av-no-toc '>Compartir esta noticia<\/h5><ul class='av-share-box-list noLightbox'><li class='av-share-link av-social-link-facebook' ><a target=\"_blank\" aria-label=\"Compartir en Facebook\" href='https:\/\/www.facebook.com\/sharer.php?u=https:\/\/radiorevelacionfm.cl\/?p=45028&#038;t=Gobierno%20celebr%C3%B3%20a%20sus%20dirigentes%20sociales%20en%20Puerto%20Ays%C3%A9n' aria-hidden='false' data-av_icon='\ue8f3' data-av_iconfont='entypo-fontello' title='' data-avia-related-tooltip='Compartir en Facebook' rel=\"noopener\"><span class='avia_hidden_link_text'>Compartir en Facebook<\/span><\/a><\/li><li class='av-share-link av-social-link-twitter' ><a target=\"_blank\" aria-label=\"Compartir en Twitter\" href='https:\/\/twitter.com\/share?text=Gobierno%20celebr%C3%B3%20a%20sus%20dirigentes%20sociales%20en%20Puerto%20Ays%C3%A9n&#038;url=https:\/\/radiorevelacionfm.cl\/?p=45028' aria-hidden='false' data-av_icon='\ue8f1' data-av_iconfont='entypo-fontello' title='' data-avia-related-tooltip='Compartir en Twitter' rel=\"noopener\"><span class='avia_hidden_link_text'>Compartir en Twitter<\/span><\/a><\/li><li class='av-share-link av-social-link-whatsapp' ><a target=\"_blank\" aria-label=\"Compartir en Whatsapp\" href='https:\/\/api.whatsapp.com\/send?text=https:\/\/radiorevelacionfm.cl\/?p=45028' aria-hidden='false' data-av_icon='\uf232' data-av_iconfont='entypo-fontello' title='' data-avia-related-tooltip='Compartir en Whatsapp' rel=\"noopener\"><span class='avia_hidden_link_text'>Compartir en Whatsapp<\/span><\/a><\/li><li class='av-share-link av-social-link-linkedin' ><a target=\"_blank\" aria-label=\"Compartir en LinkedIn\" href='https:\/\/linkedin.com\/shareArticle?mini=true&#038;title=Gobierno%20celebr%C3%B3%20a%20sus%20dirigentes%20sociales%20en%20Puerto%20Ays%C3%A9n&#038;url=https:\/\/radiorevelacionfm.cl\/?p=45028' aria-hidden='false' data-av_icon='\ue8fc' data-av_iconfont='entypo-fontello' title='' data-avia-related-tooltip='Compartir en LinkedIn' rel=\"noopener\"><span class='avia_hidden_link_text'>Compartir en LinkedIn<\/span><\/a><\/li><li class='av-share-link av-social-link-mail' ><a  aria-label=\"Compartir por correo\" href='mailto:?subject=Gobierno%20celebr%C3%B3%20a%20sus%20dirigentes%20sociales%20en%20Puerto%20Ays%C3%A9n&#038;body=https:\/\/radiorevelacionfm.cl\/?p=45028' aria-hidden='false' data-av_icon='\ue805' data-av_iconfont='entypo-fontello' title='' data-avia-related-tooltip='Compartir por correo'><span class='avia_hidden_link_text'>Compartir por correo<\/span><\/a><\/li><\/ul><\/div><\/div>\n<div  style='height:50px' class='hr hr-invisible   avia-builder-el-8  el_after_av_social_share  el_before_av_comments_list '><span class='hr-inner ' ><span class='hr-inner-style'><\/span><\/span><\/div>\n<div  class='av-buildercomment  av-blog-meta-html-info-disabled av-blog-meta-tag-disabled  '><\/div>\n","protected":false},"excerpt":{"rendered":"","protected":false},"author":1,"featured_media":45029,"comment_status":"open","ping_status":"open","sticky":false,"template":"","format":"standard","meta":{"footnotes":""},"categories":[38],"tags":[],"class_list":["post-45028","post","type-post","status-publish","format-standard","has-post-thumbnail","hentry","category-regional"],"jetpack_featured_media_url":"https:\/\/radiorevelacionfm.cl\/wp-content\/uploads\/2024\/08\/foto-1-56-1-1.jpg","_links":{"self":[{"href":"https:\/\/radiorevelacionfm.cl\/index.php?rest_route=\/wp\/v2\/posts\/45028","targetHints":{"allow":["GET"]}}],"collection":[{"href":"https:\/\/radiorevelacionfm.cl\/index.php?rest_route=\/wp\/v2\/posts"}],"about":[{"href":"https:\/\/radiorevelacionfm.cl\/index.php?rest_route=\/wp\/v2\/types\/post"}],"author":[{"embeddable":true,"href":"https:\/\/radiorevelacionfm.cl\/index.php?rest_route=\/wp\/v2\/users\/1"}],"replies":[{"embeddable":true,"href":"https:\/\/radiorevelacionfm.cl\/index.php?rest_route=%2Fwp%2Fv2%2Fcomments&post=45028"}],"version-history":[{"count":1,"href":"https:\/\/radiorevelacionfm.cl\/index.php?rest_route=\/wp\/v2\/posts\/45028\/revisions"}],"predecessor-version":[{"id":45030,"href":"https:\/\/radiorevelacionfm.cl\/index.php?rest_route=\/wp\/v2\/posts\/45028\/revisions\/45030"}],"wp:featuredmedia":[{"embeddable":true,"href":"https:\/\/radiorevelacionfm.cl\/index.php?rest_route=\/wp\/v2\/media\/45029"}],"wp:attachment":[{"href":"https:\/\/radiorevelacionfm.cl\/index.php?rest_route=%2Fwp%2Fv2%2Fmedia&parent=45028"}],"wp:term":[{"taxonomy":"category","embeddable":true,"href":"https:\/\/radiorevelacionfm.cl\/index.php?rest_route=%2Fwp%2Fv2%2Fcategories&post=45028"},{"taxonomy":"post_tag","embeddable":true,"href":"https:\/\/radiorevelacionfm.cl\/index.php?rest_route=%2Fwp%2Fv2%2Ftags&post=45028"}],"curies":[{"name":"wp","href":"https:\/\/api.w.org\/{rel}","templated":true}]}}