{"id":45025,"date":"2024-08-09T17:05:40","date_gmt":"2024-08-09T20:05:40","guid":{"rendered":"https:\/\/radiorevelacionfm.cl\/?p=45025"},"modified":"2024-08-09T17:43:04","modified_gmt":"2024-08-09T20:43:04","slug":"corfo-ofrece-240-becas-para-la-gestion-sostenible-del-agua","status":"publish","type":"post","link":"https:\/\/radiorevelacionfm.cl\/?p=45025","title":{"rendered":"Corfo ofrece 240 Becas para la Gesti\u00f3n Sostenible del Agua"},"content":{"rendered":"<div class=\"flex_column av_one_full  flex_column_div av-zero-column-padding first  avia-builder-el-0  el_before_av_one_full  avia-builder-el-first  \" style='border-radius:0px; '><div  class='avia-image-container  av-styling-    avia-builder-el-1  avia-builder-el-no-sibling  avia-align-center '  itemprop=\"image\" itemscope=\"itemscope\" itemtype=\"https:\/\/schema.org\/ImageObject\"  ><div class='avia-image-container-inner'><div class='avia-image-overlay-wrap'><img decoding=\"async\" class='wp-image-45026 avia-img-lazy-loading-not-45026 avia_image' src=\"https:\/\/radiorevelacionfm.cl\/wp-content\/uploads\/2024\/08\/pexels-pixabay-220213-1_optimized.jpg\" alt='' title='pexels-pixabay-220213-(1)_optimized' height=\"600\" width=\"1125\"  itemprop=\"thumbnailUrl\" srcset=\"https:\/\/radiorevelacionfm.cl\/wp-content\/uploads\/2024\/08\/pexels-pixabay-220213-1_optimized.jpg 1125w, https:\/\/radiorevelacionfm.cl\/wp-content\/uploads\/2024\/08\/pexels-pixabay-220213-1_optimized-300x160.jpg 300w, https:\/\/radiorevelacionfm.cl\/wp-content\/uploads\/2024\/08\/pexels-pixabay-220213-1_optimized-1030x549.jpg 1030w, https:\/\/radiorevelacionfm.cl\/wp-content\/uploads\/2024\/08\/pexels-pixabay-220213-1_optimized-768x410.jpg 768w, https:\/\/radiorevelacionfm.cl\/wp-content\/uploads\/2024\/08\/pexels-pixabay-220213-1_optimized-705x376.jpg 705w, https:\/\/radiorevelacionfm.cl\/wp-content\/uploads\/2024\/08\/pexels-pixabay-220213-1_optimized-450x240.jpg 450w, https:\/\/radiorevelacionfm.cl\/wp-content\/uploads\/2024\/08\/pexels-pixabay-220213-1_optimized-600x320.jpg 600w\" sizes=\"(max-width: 1125px) 100vw, 1125px\" \/><\/div><\/div><\/div><\/div><div class=\"flex_column av_one_full  flex_column_div av-zero-column-padding first  avia-builder-el-2  el_after_av_one_full  el_before_av_one_full  column-top-margin\" style='border-radius:0px; '><section class=\"av_textblock_section \"  itemscope=\"itemscope\" itemtype=\"https:\/\/schema.org\/BlogPosting\" itemprop=\"blogPost\" ><div class='avia_textblock  '   itemprop=\"text\" ><p style=\"text-align: center;\"><strong><span style=\"font-size: 18pt;\">Corfo ofrece 240 Becas para la Gesti\u00f3n Sostenible del Agua<\/span><\/strong><\/p>\n<div id=\"gtx-trans\" style=\"position: absolute; left: -50px; top: 4.31534px;\">\n<div class=\"gtx-trans-icon\"><\/div>\n<\/div>\n<\/div><\/section><\/div><div class=\"flex_column av_one_full  flex_column_div av-zero-column-padding first  avia-builder-el-4  el_after_av_one_full  el_before_av_hr  column-top-margin\" style='border-radius:0px; '><section class=\"av_textblock_section \"  itemscope=\"itemscope\" itemtype=\"https:\/\/schema.org\/BlogPosting\" itemprop=\"blogPost\" ><div class='avia_textblock  '   itemprop=\"text\" ><p style=\"text-align: justify;\"><span lang=\"PT\">La Corporaci\u00f3n de Fomento de la Producci\u00f3n, Corfo, ha lanzado una nueva convocatoria dirigida a profesionales y t\u00e9cnicos en Ciencias Ambientales, Ingenier\u00eda o Recursos Naturales, para especializarse en la gesti\u00f3n y medici\u00f3n de la huella h\u00eddrica.<\/span><\/p>\n<p style=\"text-align: justify;\"><span lang=\"PT\">Este programa es parte del Programa Desarrollo Productivo Sostenible (DPS), liderado por el Ministerio de Econom\u00eda y financiado por Corfo. Su objetivo es proporcionar herramientas para la gesti\u00f3n corporativa del agua, facilitando la intervenci\u00f3n de mejora continua en diversos sectores productivos. En un contexto donde el cambio clim\u00e1tico y sus riesgos posicionan a Chile como uno de los pa\u00edses m\u00e1s afectados a nivel global, esta iniciativa busca enfrentar el estr\u00e9s h\u00eddrico que amenaza tanto la calidad de vida de las comunidades como el desarrollo productivo de los territorios.<\/span><\/p>\n<p style=\"text-align: justify;\"><span lang=\"PT\">Humberto Mar\u00edn Leiva, director de Corfo Ays\u00e9n destac\u00f3 que \u00abel estr\u00e9s h\u00eddrico es una amenaza considerable tanto para la calidad de vida de las comunidades como para el desarrollo econ\u00f3mico en las regiones\u00bb. En este contexto, detall\u00f3 que los modelos clim\u00e1ticos predicen un aumento en las temperaturas y una disminuci\u00f3n de las lluvias debido al cambio clim\u00e1tico. Por lo tanto, la gesti\u00f3n efectiva del agua se vuelve \u201cfundamental\u201d.<\/span><\/p>\n<p style=\"text-align: justify;\"><span lang=\"PT\">Como explica, \u00abes esencial disminuir la huella h\u00eddrica en nuestras actividades econ\u00f3micas,\u00bb lo que requiere la participaci\u00f3n de profesionales y t\u00e9cnicos capacitados. Estos especialistas deben medir la huella h\u00eddrica, desarrollar planes de mejora, aplicar estrategias de eficiencia en el uso del agua y asegurar la disponibilidad de este recurso vital.<\/span><\/p>\n<p style=\"text-align: justify;\"><span lang=\"PT\">Los requisitos m\u00ednimos para postular son: ser chileno\/a o extranjero\/a con permanencia definitiva en el pa\u00eds, ser profesional o t\u00e9cnico de nivel superior en carreras relacionadas con Ciencias Ambientales, Ingenier\u00eda y\/o Recursos Naturales. Tambi\u00e9n podr\u00e1n postular otras profesiones universitarias o t\u00e9cnicas de nivel superior que cuenten con un mag\u00edster o doctorado vinculado a las Ciencias Ambientales.<\/span><\/p>\n<p style=\"text-align: justify;\"><span lang=\"PT\">Corfo cofinanciar\u00e1 el 90% del programa, alcanzando un subsidio por beca de $1.069.200. El aporte del becario ser\u00e1 de $118.800, correspondiente al monto total de la matr\u00edcula. La convocatoria estar\u00e1 abierta hasta el 19 de agosto a las 15:00 horas y contar\u00e1 con instancias de orientaci\u00f3n transmitidas v\u00eda Zoom, donde se presentar\u00e1 el proceso de postulaci\u00f3n. El webinar se realizar\u00e1 el jueves 08 de agosto a las 10:00 horas.<\/span><\/p>\n<p style=\"text-align: justify;\"><span lang=\"PT\">Para m\u00e1s informaci\u00f3n sobre este programa, requisitos o dudas, se puede visitar el sitio\u00a0<\/span><a href=\"http:\/\/www.becascapitalhumano.cl\/\" target=\"_blank\" rel=\"noopener\" data-saferedirecturl=\"https:\/\/www.google.com\/url?q=http:\/\/www.becascapitalhumano.cl&amp;source=gmail&amp;ust=1723303780719000&amp;usg=AOvVaw1nUf0xUNQLyFl93Ft3e3fI\"><span lang=\"PT\">www.becascapitalhumano.cl<\/span><\/a><\/p>\n<\/div><\/section><\/div><div  style='height:50px' class='hr hr-invisible   avia-builder-el-6  el_after_av_one_full  el_before_av_social_share '><span class='hr-inner ' ><span class='hr-inner-style'><\/span><\/span><\/div><\/p>\n<div  class='av-social-sharing-box  avia-builder-el-7  el_after_av_hr  el_before_av_hr  '><div class='av-share-box'><h5 class='av-share-link-description av-no-toc '>Compartir esta noticia<\/h5><ul class='av-share-box-list noLightbox'><li class='av-share-link av-social-link-facebook' ><a target=\"_blank\" aria-label=\"Compartir en Facebook\" href='https:\/\/www.facebook.com\/sharer.php?u=https:\/\/radiorevelacionfm.cl\/?p=45025&#038;t=Corfo%20ofrece%20240%20Becas%20para%20la%20Gesti%C3%B3n%20Sostenible%20del%20Agua' aria-hidden='false' data-av_icon='\ue8f3' data-av_iconfont='entypo-fontello' title='' data-avia-related-tooltip='Compartir en Facebook' rel=\"noopener\"><span class='avia_hidden_link_text'>Compartir en Facebook<\/span><\/a><\/li><li class='av-share-link av-social-link-twitter' ><a target=\"_blank\" aria-label=\"Compartir en Twitter\" href='https:\/\/twitter.com\/share?text=Corfo%20ofrece%20240%20Becas%20para%20la%20Gesti%C3%B3n%20Sostenible%20del%20Agua&#038;url=https:\/\/radiorevelacionfm.cl\/?p=45025' aria-hidden='false' data-av_icon='\ue8f1' data-av_iconfont='entypo-fontello' title='' data-avia-related-tooltip='Compartir en Twitter' rel=\"noopener\"><span class='avia_hidden_link_text'>Compartir en Twitter<\/span><\/a><\/li><li class='av-share-link av-social-link-whatsapp' ><a target=\"_blank\" aria-label=\"Compartir en Whatsapp\" href='https:\/\/api.whatsapp.com\/send?text=https:\/\/radiorevelacionfm.cl\/?p=45025' aria-hidden='false' data-av_icon='\uf232' data-av_iconfont='entypo-fontello' title='' data-avia-related-tooltip='Compartir en Whatsapp' rel=\"noopener\"><span class='avia_hidden_link_text'>Compartir en Whatsapp<\/span><\/a><\/li><li class='av-share-link av-social-link-linkedin' ><a target=\"_blank\" aria-label=\"Compartir en LinkedIn\" href='https:\/\/linkedin.com\/shareArticle?mini=true&#038;title=Corfo%20ofrece%20240%20Becas%20para%20la%20Gesti%C3%B3n%20Sostenible%20del%20Agua&#038;url=https:\/\/radiorevelacionfm.cl\/?p=45025' aria-hidden='false' data-av_icon='\ue8fc' data-av_iconfont='entypo-fontello' title='' data-avia-related-tooltip='Compartir en LinkedIn' rel=\"noopener\"><span class='avia_hidden_link_text'>Compartir en LinkedIn<\/span><\/a><\/li><li class='av-share-link av-social-link-mail' ><a  aria-label=\"Compartir por correo\" href='mailto:?subject=Corfo%20ofrece%20240%20Becas%20para%20la%20Gesti%C3%B3n%20Sostenible%20del%20Agua&#038;body=https:\/\/radiorevelacionfm.cl\/?p=45025' aria-hidden='false' data-av_icon='\ue805' data-av_iconfont='entypo-fontello' title='' data-avia-related-tooltip='Compartir por correo'><span class='avia_hidden_link_text'>Compartir por correo<\/span><\/a><\/li><\/ul><\/div><\/div>\n<div  style='height:50px' class='hr hr-invisible   avia-builder-el-8  el_after_av_social_share  el_before_av_comments_list '><span class='hr-inner ' ><span class='hr-inner-style'><\/span><\/span><\/div>\n<div  class='av-buildercomment  av-blog-meta-html-info-disabled av-blog-meta-tag-disabled  '><\/div>\n","protected":false},"excerpt":{"rendered":"","protected":false},"author":1,"featured_media":45026,"comment_status":"open","ping_status":"open","sticky":false,"template":"","format":"standard","meta":{"footnotes":""},"categories":[38],"tags":[],"class_list":["post-45025","post","type-post","status-publish","format-standard","has-post-thumbnail","hentry","category-regional"],"jetpack_featured_media_url":"https:\/\/radiorevelacionfm.cl\/wp-content\/uploads\/2024\/08\/pexels-pixabay-220213-1_optimized.jpg","_links":{"self":[{"href":"https:\/\/radiorevelacionfm.cl\/index.php?rest_route=\/wp\/v2\/posts\/45025","targetHints":{"allow":["GET"]}}],"collection":[{"href":"https:\/\/radiorevelacionfm.cl\/index.php?rest_route=\/wp\/v2\/posts"}],"about":[{"href":"https:\/\/radiorevelacionfm.cl\/index.php?rest_route=\/wp\/v2\/types\/post"}],"author":[{"embeddable":true,"href":"https:\/\/radiorevelacionfm.cl\/index.php?rest_route=\/wp\/v2\/users\/1"}],"replies":[{"embeddable":true,"href":"https:\/\/radiorevelacionfm.cl\/index.php?rest_route=%2Fwp%2Fv2%2Fcomments&post=45025"}],"version-history":[{"count":1,"href":"https:\/\/radiorevelacionfm.cl\/index.php?rest_route=\/wp\/v2\/posts\/45025\/revisions"}],"predecessor-version":[{"id":45027,"href":"https:\/\/radiorevelacionfm.cl\/index.php?rest_route=\/wp\/v2\/posts\/45025\/revisions\/45027"}],"wp:featuredmedia":[{"embeddable":true,"href":"https:\/\/radiorevelacionfm.cl\/index.php?rest_route=\/wp\/v2\/media\/45026"}],"wp:attachment":[{"href":"https:\/\/radiorevelacionfm.cl\/index.php?rest_route=%2Fwp%2Fv2%2Fmedia&parent=45025"}],"wp:term":[{"taxonomy":"category","embeddable":true,"href":"https:\/\/radiorevelacionfm.cl\/index.php?rest_route=%2Fwp%2Fv2%2Fcategories&post=45025"},{"taxonomy":"post_tag","embeddable":true,"href":"https:\/\/radiorevelacionfm.cl\/index.php?rest_route=%2Fwp%2Fv2%2Ftags&post=45025"}],"curies":[{"name":"wp","href":"https:\/\/api.w.org\/{rel}","templated":true}]}}