{"id":45021,"date":"2024-08-09T16:03:35","date_gmt":"2024-08-09T19:03:35","guid":{"rendered":"https:\/\/radiorevelacionfm.cl\/?p=45021"},"modified":"2024-08-09T16:03:35","modified_gmt":"2024-08-09T19:03:35","slug":"fiscalia-abrio-investigacion-penal-y-solicito-diligencias-a-la-pdi-tras-accidente-aereo","status":"publish","type":"post","link":"https:\/\/radiorevelacionfm.cl\/?p=45021","title":{"rendered":"Fiscal\u00eda abri\u00f3 investigaci\u00f3n penal y solicit\u00f3 diligencias a la PDI tras accidente a\u00e9reo"},"content":{"rendered":"<div class=\"flex_column av_one_full  flex_column_div av-zero-column-padding first  avia-builder-el-0  el_before_av_one_full  avia-builder-el-first  \" style='border-radius:0px; '><div  class='avia-image-container  av-styling-    avia-builder-el-1  avia-builder-el-no-sibling  avia-align-center '  itemprop=\"image\" itemscope=\"itemscope\" itemtype=\"https:\/\/schema.org\/ImageObject\"  ><div class='avia-image-container-inner'><div class='avia-image-overlay-wrap'><img decoding=\"async\" class='wp-image-45023 avia-img-lazy-loading-not-45023 avia_image' src=\"https:\/\/radiorevelacionfm.cl\/wp-content\/uploads\/2024\/08\/2BZPW3G7MVFYLFEIGHHWL64QTY-1-1.jpg\" alt='' title='2BZPW3G7MVFYLFEIGHHWL64QTY (1) (1)' height=\"600\" width=\"825\"  itemprop=\"thumbnailUrl\" srcset=\"https:\/\/radiorevelacionfm.cl\/wp-content\/uploads\/2024\/08\/2BZPW3G7MVFYLFEIGHHWL64QTY-1-1.jpg 825w, https:\/\/radiorevelacionfm.cl\/wp-content\/uploads\/2024\/08\/2BZPW3G7MVFYLFEIGHHWL64QTY-1-1-300x218.jpg 300w, https:\/\/radiorevelacionfm.cl\/wp-content\/uploads\/2024\/08\/2BZPW3G7MVFYLFEIGHHWL64QTY-1-1-768x559.jpg 768w, https:\/\/radiorevelacionfm.cl\/wp-content\/uploads\/2024\/08\/2BZPW3G7MVFYLFEIGHHWL64QTY-1-1-705x513.jpg 705w, https:\/\/radiorevelacionfm.cl\/wp-content\/uploads\/2024\/08\/2BZPW3G7MVFYLFEIGHHWL64QTY-1-1-450x327.jpg 450w, https:\/\/radiorevelacionfm.cl\/wp-content\/uploads\/2024\/08\/2BZPW3G7MVFYLFEIGHHWL64QTY-1-1-600x436.jpg 600w\" sizes=\"(max-width: 825px) 100vw, 825px\" \/><\/div><\/div><\/div><\/div><div class=\"flex_column av_one_full  flex_column_div av-zero-column-padding first  avia-builder-el-2  el_after_av_one_full  el_before_av_one_full  column-top-margin\" style='border-radius:0px; '><section class=\"av_textblock_section \"  itemscope=\"itemscope\" itemtype=\"https:\/\/schema.org\/BlogPosting\" itemprop=\"blogPost\" ><div class='avia_textblock  '   itemprop=\"text\" ><p style=\"text-align: center;\"><strong><span style=\"font-size: 18pt;\">Fiscal\u00eda abri\u00f3 investigaci\u00f3n penal y solicit\u00f3 diligencias a la PDI tras accidente a\u00e9reo<\/span><\/strong><\/p>\n<div id=\"gtx-trans\" style=\"position: absolute; left: -50px; top: 4.31534px;\">\n<div class=\"gtx-trans-icon\"><\/div>\n<\/div>\n<\/div><\/section><\/div><div class=\"flex_column av_one_full  flex_column_div av-zero-column-padding first  avia-builder-el-4  el_after_av_one_full  el_before_av_hr  column-top-margin\" style='border-radius:0px; '><section class=\"av_textblock_section \"  itemscope=\"itemscope\" itemtype=\"https:\/\/schema.org\/BlogPosting\" itemprop=\"blogPost\" ><div class='avia_textblock  '   itemprop=\"text\" ><p style=\"text-align: justify;\"><em>La aeronave que realizaba vuelos subsidiados entre Coyhaique y Chile Chico, habr\u00eda capotado en las cercan\u00edas de Horquilla Grande, camino a Puerto Ib\u00e1\u00f1ez, sector de Las Horquetas, Cerro Castillo. A esta hora en el lugar imperan condiciones clim\u00e1ticas adversas.<\/em><\/p>\n<p style=\"text-align: justify;\">La Fiscal\u00eda Regional de Ays\u00e9n abri\u00f3 esta ma\u00f1ana una investigaci\u00f3n penal para determinar las causas y circunstancias de un accidente a\u00e9reo ocurrido esta ma\u00f1ana, el cual afect\u00f3 a una avioneta con 6 pasajeros a bordo m\u00e1s el piloto, con cual se perdi\u00f3 comunicaci\u00f3n cerca de las 09.36 horas de esta ma\u00f1ana, de acuerdo a las primeras informaciones.<\/p>\n<p style=\"text-align: justify;\">En este sentido, el Ministerio P\u00fablico solicit\u00f3 diligencias a la Polic\u00eda de Investigaciones de Chile, a trav\u00e9s de funcionarios especialistas en la b\u00fasqueda de personas para concurrir al lugar de los hechos, sumado a la Brigada de Homicidios y Laboratorio de Criminal\u00edstica, Lacrim.<\/p>\n<p style=\"text-align: justify;\">Seg\u00fan explic\u00f3 el Fiscal Regional, Carlos Palma, posterior a una reuni\u00f3n\u00a0 extraordinaria con los integrantes del Comit\u00e9 de Gesti\u00f3n del Riesgo de Desastres, COGRID Regional y el Delegado Presidencial, Rodrigo Araya, la b\u00fasqueda de la nave siniestrada est\u00e1 a cargo de efectivos del Ej\u00e9rcito, con apoyo de todos los servicios p\u00fablicos entre los que se incluye a la Fuerza A\u00e9rea, a trav\u00e9s del Servicio de B\u00fasqueda y Salvamento A\u00e9reo (SAR), Carabineros, Direcci\u00f3n General de Aeron\u00e1utica Civil (DGAC), Conaf, Senapred, Salud, entre otros.<\/p>\n<p style=\"text-align: justify;\">La aeronave Piper Navajo, que realizaba vuelos subsidiados entre Coyhaique y Chile Chico, habr\u00eda capotado en las cercan\u00edas de Horquilla Grande, camino a Puerto Ib\u00e1\u00f1ez, sector de Las Horquetas en Cerro Castillo. A esta hora, en el lugar imperan condiciones clim\u00e1ticas adversas.<\/p>\n<p style=\"text-align: justify;\">4 de las personas que viajaban en la avioneta -la cual hasta mediod\u00eda no hab\u00eda sido ubicada- son oriundas de Chile Chico y 3 de Coyhaique.<\/p>\n<\/div><\/section><\/div><div  style='height:50px' class='hr hr-invisible   avia-builder-el-6  el_after_av_one_full  el_before_av_social_share '><span class='hr-inner ' ><span class='hr-inner-style'><\/span><\/span><\/div><\/p>\n<div  class='av-social-sharing-box  avia-builder-el-7  el_after_av_hr  el_before_av_hr  '><div class='av-share-box'><h5 class='av-share-link-description av-no-toc '>Compartir esta noticia<\/h5><ul class='av-share-box-list noLightbox'><li class='av-share-link av-social-link-facebook' ><a target=\"_blank\" aria-label=\"Compartir en Facebook\" href='https:\/\/www.facebook.com\/sharer.php?u=https:\/\/radiorevelacionfm.cl\/?p=45021&#038;t=Fiscal%C3%ADa%20abri%C3%B3%20investigaci%C3%B3n%20penal%20y%20solicit%C3%B3%20diligencias%20a%20la%20PDI%20tras%20accidente%20a%C3%A9reo' aria-hidden='false' data-av_icon='\ue8f3' data-av_iconfont='entypo-fontello' title='' data-avia-related-tooltip='Compartir en Facebook' rel=\"noopener\"><span class='avia_hidden_link_text'>Compartir en Facebook<\/span><\/a><\/li><li class='av-share-link av-social-link-twitter' ><a target=\"_blank\" aria-label=\"Compartir en Twitter\" href='https:\/\/twitter.com\/share?text=Fiscal%C3%ADa%20abri%C3%B3%20investigaci%C3%B3n%20penal%20y%20solicit%C3%B3%20diligencias%20a%20la%20PDI%20tras%20accidente%20a%C3%A9reo&#038;url=https:\/\/radiorevelacionfm.cl\/?p=45021' aria-hidden='false' data-av_icon='\ue8f1' data-av_iconfont='entypo-fontello' title='' data-avia-related-tooltip='Compartir en Twitter' rel=\"noopener\"><span class='avia_hidden_link_text'>Compartir en Twitter<\/span><\/a><\/li><li class='av-share-link av-social-link-whatsapp' ><a target=\"_blank\" aria-label=\"Compartir en Whatsapp\" href='https:\/\/api.whatsapp.com\/send?text=https:\/\/radiorevelacionfm.cl\/?p=45021' aria-hidden='false' data-av_icon='\uf232' data-av_iconfont='entypo-fontello' title='' data-avia-related-tooltip='Compartir en Whatsapp' rel=\"noopener\"><span class='avia_hidden_link_text'>Compartir en Whatsapp<\/span><\/a><\/li><li class='av-share-link av-social-link-linkedin' ><a target=\"_blank\" aria-label=\"Compartir en LinkedIn\" href='https:\/\/linkedin.com\/shareArticle?mini=true&#038;title=Fiscal%C3%ADa%20abri%C3%B3%20investigaci%C3%B3n%20penal%20y%20solicit%C3%B3%20diligencias%20a%20la%20PDI%20tras%20accidente%20a%C3%A9reo&#038;url=https:\/\/radiorevelacionfm.cl\/?p=45021' aria-hidden='false' data-av_icon='\ue8fc' data-av_iconfont='entypo-fontello' title='' data-avia-related-tooltip='Compartir en LinkedIn' rel=\"noopener\"><span class='avia_hidden_link_text'>Compartir en LinkedIn<\/span><\/a><\/li><li class='av-share-link av-social-link-mail' ><a  aria-label=\"Compartir por correo\" href='mailto:?subject=Fiscal%C3%ADa%20abri%C3%B3%20investigaci%C3%B3n%20penal%20y%20solicit%C3%B3%20diligencias%20a%20la%20PDI%20tras%20accidente%20a%C3%A9reo&#038;body=https:\/\/radiorevelacionfm.cl\/?p=45021' aria-hidden='false' data-av_icon='\ue805' data-av_iconfont='entypo-fontello' title='' data-avia-related-tooltip='Compartir por correo'><span class='avia_hidden_link_text'>Compartir por correo<\/span><\/a><\/li><\/ul><\/div><\/div>\n<div  style='height:50px' class='hr hr-invisible   avia-builder-el-8  el_after_av_social_share  el_before_av_comments_list '><span class='hr-inner ' ><span class='hr-inner-style'><\/span><\/span><\/div>\n<div  class='av-buildercomment  av-blog-meta-html-info-disabled av-blog-meta-tag-disabled  '><\/div>\n","protected":false},"excerpt":{"rendered":"","protected":false},"author":1,"featured_media":45023,"comment_status":"open","ping_status":"open","sticky":false,"template":"","format":"standard","meta":{"footnotes":""},"categories":[55],"tags":[],"class_list":["post-45021","post","type-post","status-publish","format-standard","has-post-thumbnail","hentry","category-justicia"],"jetpack_featured_media_url":"https:\/\/radiorevelacionfm.cl\/wp-content\/uploads\/2024\/08\/2BZPW3G7MVFYLFEIGHHWL64QTY-1-1.jpg","_links":{"self":[{"href":"https:\/\/radiorevelacionfm.cl\/index.php?rest_route=\/wp\/v2\/posts\/45021","targetHints":{"allow":["GET"]}}],"collection":[{"href":"https:\/\/radiorevelacionfm.cl\/index.php?rest_route=\/wp\/v2\/posts"}],"about":[{"href":"https:\/\/radiorevelacionfm.cl\/index.php?rest_route=\/wp\/v2\/types\/post"}],"author":[{"embeddable":true,"href":"https:\/\/radiorevelacionfm.cl\/index.php?rest_route=\/wp\/v2\/users\/1"}],"replies":[{"embeddable":true,"href":"https:\/\/radiorevelacionfm.cl\/index.php?rest_route=%2Fwp%2Fv2%2Fcomments&post=45021"}],"version-history":[{"count":1,"href":"https:\/\/radiorevelacionfm.cl\/index.php?rest_route=\/wp\/v2\/posts\/45021\/revisions"}],"predecessor-version":[{"id":45024,"href":"https:\/\/radiorevelacionfm.cl\/index.php?rest_route=\/wp\/v2\/posts\/45021\/revisions\/45024"}],"wp:featuredmedia":[{"embeddable":true,"href":"https:\/\/radiorevelacionfm.cl\/index.php?rest_route=\/wp\/v2\/media\/45023"}],"wp:attachment":[{"href":"https:\/\/radiorevelacionfm.cl\/index.php?rest_route=%2Fwp%2Fv2%2Fmedia&parent=45021"}],"wp:term":[{"taxonomy":"category","embeddable":true,"href":"https:\/\/radiorevelacionfm.cl\/index.php?rest_route=%2Fwp%2Fv2%2Fcategories&post=45021"},{"taxonomy":"post_tag","embeddable":true,"href":"https:\/\/radiorevelacionfm.cl\/index.php?rest_route=%2Fwp%2Fv2%2Ftags&post=45021"}],"curies":[{"name":"wp","href":"https:\/\/api.w.org\/{rel}","templated":true}]}}