{"id":45016,"date":"2024-08-09T14:02:53","date_gmt":"2024-08-09T17:02:53","guid":{"rendered":"https:\/\/radiorevelacionfm.cl\/?p=45016"},"modified":"2024-08-09T18:32:12","modified_gmt":"2024-08-09T21:32:12","slug":"intensa-busqueda-de-avion-desaparecida-que-viajaba-desde-coyhaique-a-chile-chico","status":"publish","type":"post","link":"https:\/\/radiorevelacionfm.cl\/?p=45016","title":{"rendered":"Intensa b\u00fasqueda de avi\u00f3n desaparecido que viajaba desde Coyhaique a Chile Chico"},"content":{"rendered":"<div class=\"flex_column av_one_full  flex_column_div av-zero-column-padding first  avia-builder-el-0  el_before_av_one_full  avia-builder-el-first  \" style='border-radius:0px; '><div  class='avia-image-container  av-styling-    avia-builder-el-1  avia-builder-el-no-sibling  avia-align-center '  itemprop=\"image\" itemscope=\"itemscope\" itemtype=\"https:\/\/schema.org\/ImageObject\"  ><div class='avia-image-container-inner'><div class='avia-image-overlay-wrap'><img decoding=\"async\" class='wp-image-45018 avia-img-lazy-loading-not-45018 avia_image' src=\"https:\/\/radiorevelacionfm.cl\/wp-content\/uploads\/2024\/08\/Avioneta-2-1-1.jpg\" alt='' title='Avioneta (2) (1) (1)' height=\"600\" width=\"864\"  itemprop=\"thumbnailUrl\" srcset=\"https:\/\/radiorevelacionfm.cl\/wp-content\/uploads\/2024\/08\/Avioneta-2-1-1.jpg 864w, https:\/\/radiorevelacionfm.cl\/wp-content\/uploads\/2024\/08\/Avioneta-2-1-1-300x208.jpg 300w, https:\/\/radiorevelacionfm.cl\/wp-content\/uploads\/2024\/08\/Avioneta-2-1-1-768x533.jpg 768w, https:\/\/radiorevelacionfm.cl\/wp-content\/uploads\/2024\/08\/Avioneta-2-1-1-705x490.jpg 705w, https:\/\/radiorevelacionfm.cl\/wp-content\/uploads\/2024\/08\/Avioneta-2-1-1-450x313.jpg 450w, https:\/\/radiorevelacionfm.cl\/wp-content\/uploads\/2024\/08\/Avioneta-2-1-1-600x417.jpg 600w\" sizes=\"(max-width: 864px) 100vw, 864px\" \/><\/div><\/div><\/div><\/div>\n<div class=\"flex_column av_one_full  flex_column_div av-zero-column-padding first  avia-builder-el-2  el_after_av_one_full  el_before_av_one_full  column-top-margin\" style='border-radius:0px; '><section class=\"av_textblock_section \"  itemscope=\"itemscope\" itemtype=\"https:\/\/schema.org\/BlogPosting\" itemprop=\"blogPost\" ><div class='avia_textblock  '   itemprop=\"text\" ><p style=\"text-align: center;\"><strong><span style=\"font-size: 18pt;\">Intensa b\u00fasqueda de avi\u00f3n desaparecido que viajaba desde Coyhaique a Chile Chico<\/span><\/strong><\/p>\n<div id=\"gtx-trans\" style=\"position: absolute; left: -50px; top: 4.31534px;\">\n<div class=\"gtx-trans-icon\"><\/div>\n<\/div>\n<\/div><\/section><\/div><div class=\"flex_column av_one_full  flex_column_div av-zero-column-padding first  avia-builder-el-4  el_after_av_one_full  el_before_av_hr  column-top-margin\" style='border-radius:0px; '><section class=\"av_textblock_section \"  itemscope=\"itemscope\" itemtype=\"https:\/\/schema.org\/BlogPosting\" itemprop=\"blogPost\" ><div class='avia_textblock  '   itemprop=\"text\" ><p style=\"text-align: justify;\">La\u00a0Direcci\u00f3n General de Aeron\u00e1utica Civil (DGAC) inform\u00f3 que en horas de esta ma\u00f1ana, viernes 09 de agosto de 2024, desapareci\u00f3 aeronave que se trasladaba desde Coyhaique hacia Chile Chico, en la\u00a0regi\u00f3n de Ays\u00e9n.<\/p>\n<p style=\"text-align: justify;\">En horas de esta ma\u00f1ana se perdi\u00f3 contacto con la aeronave Pipe Navajo matr\u00edcula CC-CRN, operada por la empresa Transportes A\u00e9reos San Rafael Ltda.<\/p>\n<div style=\"text-align: justify;\">\n<div class=\"ads13\" data-name=\"mediumrectangule_parrafo\" data-is-full-name=\"0\" data-width=\"300\" data-height=\"250\" data-device=\"mobile\" data-iterable=\"1\" data-collapse=\"0\">De inmediato se activ\u00f3 la alarma correspondiente y el Servicio de B\u00fasqueda y Salvamiento A\u00e9reo (SAR) de la FACH se encuentra realizando las labores de rastreo en el sector en donde se perdi\u00f3 contacto con la aeronave.<\/div>\n<\/div>\n<p style=\"text-align: justify;\">La DGAC se encuentra colaborando y trabajando en forma conjunta con los distintos organismos ante esta situaci\u00f3n, se\u00f1alaron en un comunicado.<\/p>\n<p style=\"text-align: justify;\">Lo informado por personal del SAR Servicio A\u00e9reo de Rescate, indica que el accidente a\u00e9reo se habr\u00eda producido en las coordenadas 45\u00b059&#8217;02.0&#8243;S 72\u00b003&#8217;09.0&#8243;W, en cercan\u00edas del sector Las Orquetas. La avioneta habr\u00eda capotado en un lugar de dif\u00edcil acceso, en zona monta\u00f1osa, cerca del cerro El Aislado.<\/p>\n<div style=\"text-align: justify;\">\n<div class=\"ads13\" data-name=\"mediumrectangule_parrafo\" data-is-full-name=\"0\" data-width=\"300\" data-height=\"250\" data-device=\"mobile\" data-iterable=\"1\" data-collapse=\"0\">\n<div dir=\"auto\" style=\"text-align: justify;\">La avioneta de la empresa San Rafael, se desplazaba desde Coyhaique a Chile Chico, con 07 personas a bordo, 06 pasajeros m\u00e1s 01 piloto de la aeronave, todos mayores de edad.<\/div>\n<\/div>\n<\/div>\n<\/div><\/section><\/div><\/p>\n<div  style='height:50px' class='hr hr-invisible   avia-builder-el-6  el_after_av_one_full  el_before_av_social_share '><span class='hr-inner ' ><span class='hr-inner-style'><\/span><\/span><\/div>\n<div  class='av-social-sharing-box  avia-builder-el-7  el_after_av_hr  el_before_av_hr  '><div class='av-share-box'><h5 class='av-share-link-description av-no-toc '>Compartir esta noticia<\/h5><ul class='av-share-box-list noLightbox'><li class='av-share-link av-social-link-facebook' ><a target=\"_blank\" aria-label=\"Compartir en Facebook\" href='https:\/\/www.facebook.com\/sharer.php?u=https:\/\/radiorevelacionfm.cl\/?p=45016&#038;t=Intensa%20b%C3%BAsqueda%20de%20avi%C3%B3n%20desaparecido%20que%20viajaba%20desde%20Coyhaique%20a%20Chile%20Chico' aria-hidden='false' data-av_icon='\ue8f3' data-av_iconfont='entypo-fontello' title='' data-avia-related-tooltip='Compartir en Facebook' rel=\"noopener\"><span class='avia_hidden_link_text'>Compartir en Facebook<\/span><\/a><\/li><li class='av-share-link av-social-link-twitter' ><a target=\"_blank\" aria-label=\"Compartir en Twitter\" href='https:\/\/twitter.com\/share?text=Intensa%20b%C3%BAsqueda%20de%20avi%C3%B3n%20desaparecido%20que%20viajaba%20desde%20Coyhaique%20a%20Chile%20Chico&#038;url=https:\/\/radiorevelacionfm.cl\/?p=45016' aria-hidden='false' data-av_icon='\ue8f1' data-av_iconfont='entypo-fontello' title='' data-avia-related-tooltip='Compartir en Twitter' rel=\"noopener\"><span class='avia_hidden_link_text'>Compartir en Twitter<\/span><\/a><\/li><li class='av-share-link av-social-link-whatsapp' ><a target=\"_blank\" aria-label=\"Compartir en Whatsapp\" href='https:\/\/api.whatsapp.com\/send?text=https:\/\/radiorevelacionfm.cl\/?p=45016' aria-hidden='false' data-av_icon='\uf232' data-av_iconfont='entypo-fontello' title='' data-avia-related-tooltip='Compartir en Whatsapp' rel=\"noopener\"><span class='avia_hidden_link_text'>Compartir en Whatsapp<\/span><\/a><\/li><li class='av-share-link av-social-link-linkedin' ><a target=\"_blank\" aria-label=\"Compartir en LinkedIn\" href='https:\/\/linkedin.com\/shareArticle?mini=true&#038;title=Intensa%20b%C3%BAsqueda%20de%20avi%C3%B3n%20desaparecido%20que%20viajaba%20desde%20Coyhaique%20a%20Chile%20Chico&#038;url=https:\/\/radiorevelacionfm.cl\/?p=45016' aria-hidden='false' data-av_icon='\ue8fc' data-av_iconfont='entypo-fontello' title='' data-avia-related-tooltip='Compartir en LinkedIn' rel=\"noopener\"><span class='avia_hidden_link_text'>Compartir en LinkedIn<\/span><\/a><\/li><li class='av-share-link av-social-link-mail' ><a  aria-label=\"Compartir por correo\" href='mailto:?subject=Intensa%20b%C3%BAsqueda%20de%20avi%C3%B3n%20desaparecido%20que%20viajaba%20desde%20Coyhaique%20a%20Chile%20Chico&#038;body=https:\/\/radiorevelacionfm.cl\/?p=45016' aria-hidden='false' data-av_icon='\ue805' data-av_iconfont='entypo-fontello' title='' data-avia-related-tooltip='Compartir por correo'><span class='avia_hidden_link_text'>Compartir por correo<\/span><\/a><\/li><\/ul><\/div><\/div>\n<div  style='height:50px' class='hr hr-invisible   avia-builder-el-8  el_after_av_social_share  el_before_av_comments_list '><span class='hr-inner ' ><span class='hr-inner-style'><\/span><\/span><\/div>\n<div  class='av-buildercomment  av-blog-meta-html-info-disabled av-blog-meta-tag-disabled  '><\/div>\n","protected":false},"excerpt":{"rendered":"","protected":false},"author":1,"featured_media":45018,"comment_status":"open","ping_status":"open","sticky":false,"template":"","format":"standard","meta":{"footnotes":""},"categories":[38],"tags":[],"class_list":["post-45016","post","type-post","status-publish","format-standard","has-post-thumbnail","hentry","category-regional"],"jetpack_featured_media_url":"https:\/\/radiorevelacionfm.cl\/wp-content\/uploads\/2024\/08\/Avioneta-2-1-1.jpg","_links":{"self":[{"href":"https:\/\/radiorevelacionfm.cl\/index.php?rest_route=\/wp\/v2\/posts\/45016","targetHints":{"allow":["GET"]}}],"collection":[{"href":"https:\/\/radiorevelacionfm.cl\/index.php?rest_route=\/wp\/v2\/posts"}],"about":[{"href":"https:\/\/radiorevelacionfm.cl\/index.php?rest_route=\/wp\/v2\/types\/post"}],"author":[{"embeddable":true,"href":"https:\/\/radiorevelacionfm.cl\/index.php?rest_route=\/wp\/v2\/users\/1"}],"replies":[{"embeddable":true,"href":"https:\/\/radiorevelacionfm.cl\/index.php?rest_route=%2Fwp%2Fv2%2Fcomments&post=45016"}],"version-history":[{"count":3,"href":"https:\/\/radiorevelacionfm.cl\/index.php?rest_route=\/wp\/v2\/posts\/45016\/revisions"}],"predecessor-version":[{"id":45043,"href":"https:\/\/radiorevelacionfm.cl\/index.php?rest_route=\/wp\/v2\/posts\/45016\/revisions\/45043"}],"wp:featuredmedia":[{"embeddable":true,"href":"https:\/\/radiorevelacionfm.cl\/index.php?rest_route=\/wp\/v2\/media\/45018"}],"wp:attachment":[{"href":"https:\/\/radiorevelacionfm.cl\/index.php?rest_route=%2Fwp%2Fv2%2Fmedia&parent=45016"}],"wp:term":[{"taxonomy":"category","embeddable":true,"href":"https:\/\/radiorevelacionfm.cl\/index.php?rest_route=%2Fwp%2Fv2%2Fcategories&post=45016"},{"taxonomy":"post_tag","embeddable":true,"href":"https:\/\/radiorevelacionfm.cl\/index.php?rest_route=%2Fwp%2Fv2%2Ftags&post=45016"}],"curies":[{"name":"wp","href":"https:\/\/api.w.org\/{rel}","templated":true}]}}