{"id":45011,"date":"2024-08-09T15:37:35","date_gmt":"2024-08-09T18:37:35","guid":{"rendered":"https:\/\/radiorevelacionfm.cl\/?p=45011"},"modified":"2024-08-09T15:37:35","modified_gmt":"2024-08-09T18:37:35","slug":"gremios-asociaciones-vecinos-de-coyhaique-y-aysen-solicitan-incorporar-en-ley-corta-electrica-mecanismo-que-bajara-la-tarifa-energetica-regional","status":"publish","type":"post","link":"https:\/\/radiorevelacionfm.cl\/?p=45011","title":{"rendered":"Gremios, asociaciones, vecinos de Coyhaique y Ays\u00e9n solicitan incorporar en ley corta el\u00e9ctrica mecanismo que bajar\u00e1 la tarifa energ\u00e9tica regional"},"content":{"rendered":"<div class=\"flex_column av_one_full  flex_column_div av-zero-column-padding first  avia-builder-el-0  el_before_av_one_full  avia-builder-el-first  \" style='border-radius:0px; '><div  class='avia-image-container  av-styling-    avia-builder-el-1  avia-builder-el-no-sibling  avia-align-center '  itemprop=\"image\" itemscope=\"itemscope\" itemtype=\"https:\/\/schema.org\/ImageObject\"  ><div class='avia-image-container-inner'><div class='avia-image-overlay-wrap'><img decoding=\"async\" class='wp-image-45013 avia-img-lazy-loading-not-45013 avia_image' src=\"https:\/\/radiorevelacionfm.cl\/wp-content\/uploads\/2024\/08\/2-2024-08-09t104558_optimized.757-1-1-photoroom-1.jpg\" alt='' title='2 - -2024-08-09t104558_optimized.757-(1)-(1)-photoroom-(1)' height=\"600\" width=\"1023\"  itemprop=\"thumbnailUrl\" srcset=\"https:\/\/radiorevelacionfm.cl\/wp-content\/uploads\/2024\/08\/2-2024-08-09t104558_optimized.757-1-1-photoroom-1.jpg 1023w, https:\/\/radiorevelacionfm.cl\/wp-content\/uploads\/2024\/08\/2-2024-08-09t104558_optimized.757-1-1-photoroom-1-300x176.jpg 300w, https:\/\/radiorevelacionfm.cl\/wp-content\/uploads\/2024\/08\/2-2024-08-09t104558_optimized.757-1-1-photoroom-1-768x450.jpg 768w, https:\/\/radiorevelacionfm.cl\/wp-content\/uploads\/2024\/08\/2-2024-08-09t104558_optimized.757-1-1-photoroom-1-705x413.jpg 705w, https:\/\/radiorevelacionfm.cl\/wp-content\/uploads\/2024\/08\/2-2024-08-09t104558_optimized.757-1-1-photoroom-1-450x264.jpg 450w, https:\/\/radiorevelacionfm.cl\/wp-content\/uploads\/2024\/08\/2-2024-08-09t104558_optimized.757-1-1-photoroom-1-600x352.jpg 600w\" sizes=\"(max-width: 1023px) 100vw, 1023px\" \/><\/div><\/div><\/div><\/div>\n<div class=\"flex_column av_one_full  flex_column_div av-zero-column-padding first  avia-builder-el-2  el_after_av_one_full  el_before_av_one_full  column-top-margin\" style='border-radius:0px; '><section class=\"av_textblock_section \"  itemscope=\"itemscope\" itemtype=\"https:\/\/schema.org\/BlogPosting\" itemprop=\"blogPost\" ><div class='avia_textblock  '   itemprop=\"text\" ><p style=\"text-align: center;\"><span style=\"font-size: 18pt;\"><strong>Gremios, asociaciones, vecinos de Coyhaique y Ays\u00e9n solicitan incorporar en ley corta el\u00e9ctrica mecanismo que bajar\u00e1 la tarifa energ\u00e9tica regional<\/strong><\/span><\/p>\n<div id=\"gtx-trans\" style=\"position: absolute; left: -50px; top: 4.31534px;\">\n<div class=\"gtx-trans-icon\"><\/div>\n<\/div>\n<\/div><\/section><\/div><div class=\"flex_column av_one_full  flex_column_div av-zero-column-padding first  avia-builder-el-4  el_after_av_one_full  el_before_av_hr  column-top-margin\" style='border-radius:0px; '><section class=\"av_textblock_section \"  itemscope=\"itemscope\" itemtype=\"https:\/\/schema.org\/BlogPosting\" itemprop=\"blogPost\" ><div class='avia_textblock  '   itemprop=\"text\" ><p style=\"text-align: justify;\">El proyecto debe ser presentado por el ejecutivo, a m\u00e1s tardar el 15 de agosto y si bien tiene por objeto aumentar los subsidios el\u00e9ctricos para familias de todo el pa\u00eds, es una oportunidad para ingresar un mecanismo que mitigar\u00e1 el alza en Ays\u00e9n, mientras se tramita la nueva ley de sistemas medianos.<\/p>\n<p style=\"text-align: justify;\">A trav\u00e9s de una carta dirigida al ministro de Energ\u00eda, Diego Pardow, los gremios productivos de la regi\u00f3n, asociaciones y unidades vecinales de Coyhaique y Puerto Ays\u00e9n, est\u00e1n solicitando al gobierno aprobar, a trav\u00e9s de una ley corta, un mecanismo que permita bajar las cuentas de la luz en la regi\u00f3n de Ays\u00e9n, las que recordemos est\u00e1n experimentando un alza a ra\u00edz del descongelamiento regulado de los precios de las tarifas.<\/p>\n<p style=\"text-align: justify;\">La propuesta regional se genera, a ra\u00edz de que el gobierno presentar\u00e1, a m\u00e1s tardar el pr\u00f3ximo 15 de agosto, un proyecto de ley corta para aumentar los subsidios a las familias que se han visto afectadas por el alza tarifaria. En ese contexto, explicaron los firmantes de la carta, surge la idea de incluir un mecanismo especial para Ays\u00e9n, entendiendo que, de forma paralela, se tramita en el Congreso -desde el pasado 31 de julio- el proyecto de ley de sistemas medianos, que en el mediano y largo plazo permitir\u00eda mejorar notoriamente la actual regulaci\u00f3n y, entre otros beneficios, reducir las cuentas de la luz. Dado lo anterior, el objetivo, es adelantar la aplicaci\u00f3n de esta \u00faltima medida espec\u00edfica, que ya est\u00e1 contemplada en dicho cuerpo legal.<\/p>\n<p style=\"text-align: justify;\">A nivel local, la propuesta fue presentada al seremi de Energ\u00eda Tom\u00e1s Laibe, quien se reunir\u00e1 con sus pares del ministerio para abordar la propuesta. Siendo el objeto, que lleve consigo la carta que realiza la solicitud formal al ejecutivo.<\/p>\n<p style=\"text-align: justify;\">Se plante\u00f3 al seremi llevar esta carta al ministro, pues la idea es que se incorpore en esta ley corta, una propuesta que est\u00e1 incluida en la ley de sistemas medianos. En palabras simples, es adelantar la puesta en marcha de este mecanismo, que permitir\u00eda reducir, incluso antes de fin de a\u00f1o, los valores de las tarifas, se detalla en la misiva.<\/p>\n<p style=\"text-align: justify;\">Los firmantes de la carta esperan que la medida tenga una buena acogida, pues no se trata de generar un mecanismo nuevo, si no que ya est\u00e1 contemplado en la ley de sistemas medianos, por lo que b\u00e1sicamente es adelantar su entrada en funcionamiento.<\/p>\n<p style=\"text-align: justify;\">El seremi de Energ\u00eda, Tom\u00e1s Laibe, comprometi\u00f3 llevar los antecedentes y exponer la visi\u00f3n regional ante las autoridades nacionales, explicando que \u201chemos estado buscando caminos para resolver esto -las alzas tarifarias- y el m\u00e1s importante de ellos es el proyecto de ley de sistemas medianos, que present\u00f3 el gobierno y que se tramita en el Congreso\u201d, agregando que \u201cEstamos teniendo conversaciones para ver de qu\u00e9 forma podemos acelerar los cambios legales y las medidas que puedan amortiguar esto\u201d, indic\u00f3 Laibe.<\/p>\n<p style=\"text-align: justify;\"><strong><u>Cifras del alza<\/u><\/strong><\/p>\n<p style=\"text-align: justify;\">De la reuni\u00f3n entre la multigremial y la seremi de Energ\u00eda, tambi\u00e9n particip\u00f3 el gerente de la empresa El\u00e9ctrica de Ays\u00e9n, Leonardo Mor\u00e1n, quien expuso las cifras que justifican esta solicitud regional y que tienen por base, los primeros dos reajustes ya realizados y dos reajustes que faltan por aplicar entre los meses de octubre 2024 y enero del 2025.<\/p>\n<p style=\"text-align: justify;\">La regi\u00f3n de Ays\u00e9n est\u00e1 pagando una de las energ\u00edas residenciales m\u00e1s alta del pa\u00eds, con un precio de $181 x kWh entre quienes consumen menos de 350 kWh al mes; mientras que los hogares que consumen m\u00e1s de 350 kWh al mes pagar\u00e1n $248 pesos por kWh.<\/p>\n<p style=\"text-align: justify;\">Si esta alza se lleva al sector industrial, las empresas locales quedaron pagando los precios de la energ\u00eda y potencia m\u00e1s altos de todas las capitales regionales del pa\u00eds, donde destacan, por ejemplo, la energ\u00eda un 30% m\u00e1s cara que en Arica, 38% m\u00e1s cara que en Iquique y Puerto Montt y 33% m\u00e1s cara que en Punta Arenas. Para el caso de la potencia que pagan las empresas, las diferencias son m\u00e1s complejas, ya que, por ejemplo, Coyhaique pagar\u00e1 una potencia suministrada 236% m\u00e1s cara que Arica, 238% m\u00e1s costosa que Iquique, 390% m\u00e1s que Punta Arenas y 552% m\u00e1s que Santiago.<\/p>\n<p style=\"text-align: justify;\">Los representantes regionales, esperan que el gobierno incluya este mecanismo en la ley corta, pues permitir\u00eda disminuir, en aproximadamente un 20% el precio de la energ\u00eda antes de que termine el 2024, de lo contrario esto ser\u00e1 insostenible para la regi\u00f3n de Ays\u00e9n y provincia de Palena.<\/p>\n<\/div><\/section><\/div><\/p>\n<div  style='height:50px' class='hr hr-invisible   avia-builder-el-6  el_after_av_one_full  el_before_av_social_share '><span class='hr-inner ' ><span class='hr-inner-style'><\/span><\/span><\/div>\n<div  class='av-social-sharing-box  avia-builder-el-7  el_after_av_hr  el_before_av_hr  '><div class='av-share-box'><h5 class='av-share-link-description av-no-toc '>Compartir esta noticia<\/h5><ul class='av-share-box-list noLightbox'><li class='av-share-link av-social-link-facebook' ><a target=\"_blank\" aria-label=\"Compartir en Facebook\" href='https:\/\/www.facebook.com\/sharer.php?u=https:\/\/radiorevelacionfm.cl\/?p=45011&#038;t=Gremios%2C%20asociaciones%2C%20vecinos%20de%20Coyhaique%20y%20Ays%C3%A9n%20solicitan%20incorporar%20en%20ley%20corta%20el%C3%A9ctrica%20mecanismo%20que%20bajar%C3%A1%20la%20tarifa%20energ%C3%A9tica%20regional' aria-hidden='false' data-av_icon='\ue8f3' data-av_iconfont='entypo-fontello' title='' data-avia-related-tooltip='Compartir en Facebook' rel=\"noopener\"><span class='avia_hidden_link_text'>Compartir en Facebook<\/span><\/a><\/li><li class='av-share-link av-social-link-twitter' ><a target=\"_blank\" aria-label=\"Compartir en Twitter\" href='https:\/\/twitter.com\/share?text=Gremios%2C%20asociaciones%2C%20vecinos%20de%20Coyhaique%20y%20Ays%C3%A9n%20solicitan%20incorporar%20en%20ley%20corta%20el%C3%A9ctrica%20mecanismo%20que%20bajar%C3%A1%20la%20tarifa%20energ%C3%A9tica%20regional&#038;url=https:\/\/radiorevelacionfm.cl\/?p=45011' aria-hidden='false' data-av_icon='\ue8f1' data-av_iconfont='entypo-fontello' title='' data-avia-related-tooltip='Compartir en Twitter' rel=\"noopener\"><span class='avia_hidden_link_text'>Compartir en Twitter<\/span><\/a><\/li><li class='av-share-link av-social-link-whatsapp' ><a target=\"_blank\" aria-label=\"Compartir en Whatsapp\" href='https:\/\/api.whatsapp.com\/send?text=https:\/\/radiorevelacionfm.cl\/?p=45011' aria-hidden='false' data-av_icon='\uf232' data-av_iconfont='entypo-fontello' title='' data-avia-related-tooltip='Compartir en Whatsapp' rel=\"noopener\"><span class='avia_hidden_link_text'>Compartir en Whatsapp<\/span><\/a><\/li><li class='av-share-link av-social-link-linkedin' ><a target=\"_blank\" aria-label=\"Compartir en LinkedIn\" href='https:\/\/linkedin.com\/shareArticle?mini=true&#038;title=Gremios%2C%20asociaciones%2C%20vecinos%20de%20Coyhaique%20y%20Ays%C3%A9n%20solicitan%20incorporar%20en%20ley%20corta%20el%C3%A9ctrica%20mecanismo%20que%20bajar%C3%A1%20la%20tarifa%20energ%C3%A9tica%20regional&#038;url=https:\/\/radiorevelacionfm.cl\/?p=45011' aria-hidden='false' data-av_icon='\ue8fc' data-av_iconfont='entypo-fontello' title='' data-avia-related-tooltip='Compartir en LinkedIn' rel=\"noopener\"><span class='avia_hidden_link_text'>Compartir en LinkedIn<\/span><\/a><\/li><li class='av-share-link av-social-link-mail' ><a  aria-label=\"Compartir por correo\" href='mailto:?subject=Gremios%2C%20asociaciones%2C%20vecinos%20de%20Coyhaique%20y%20Ays%C3%A9n%20solicitan%20incorporar%20en%20ley%20corta%20el%C3%A9ctrica%20mecanismo%20que%20bajar%C3%A1%20la%20tarifa%20energ%C3%A9tica%20regional&#038;body=https:\/\/radiorevelacionfm.cl\/?p=45011' aria-hidden='false' data-av_icon='\ue805' data-av_iconfont='entypo-fontello' title='' data-avia-related-tooltip='Compartir por correo'><span class='avia_hidden_link_text'>Compartir por correo<\/span><\/a><\/li><\/ul><\/div><\/div>\n<div  style='height:50px' class='hr hr-invisible   avia-builder-el-8  el_after_av_social_share  el_before_av_comments_list '><span class='hr-inner ' ><span class='hr-inner-style'><\/span><\/span><\/div>\n<div  class='av-buildercomment  av-blog-meta-html-info-disabled av-blog-meta-tag-disabled  '><\/div>\n","protected":false},"excerpt":{"rendered":"","protected":false},"author":1,"featured_media":45013,"comment_status":"open","ping_status":"open","sticky":false,"template":"","format":"standard","meta":{"footnotes":""},"categories":[38],"tags":[],"class_list":["post-45011","post","type-post","status-publish","format-standard","has-post-thumbnail","hentry","category-regional"],"jetpack_featured_media_url":"https:\/\/radiorevelacionfm.cl\/wp-content\/uploads\/2024\/08\/2-2024-08-09t104558_optimized.757-1-1-photoroom-1.jpg","_links":{"self":[{"href":"https:\/\/radiorevelacionfm.cl\/index.php?rest_route=\/wp\/v2\/posts\/45011","targetHints":{"allow":["GET"]}}],"collection":[{"href":"https:\/\/radiorevelacionfm.cl\/index.php?rest_route=\/wp\/v2\/posts"}],"about":[{"href":"https:\/\/radiorevelacionfm.cl\/index.php?rest_route=\/wp\/v2\/types\/post"}],"author":[{"embeddable":true,"href":"https:\/\/radiorevelacionfm.cl\/index.php?rest_route=\/wp\/v2\/users\/1"}],"replies":[{"embeddable":true,"href":"https:\/\/radiorevelacionfm.cl\/index.php?rest_route=%2Fwp%2Fv2%2Fcomments&post=45011"}],"version-history":[{"count":2,"href":"https:\/\/radiorevelacionfm.cl\/index.php?rest_route=\/wp\/v2\/posts\/45011\/revisions"}],"predecessor-version":[{"id":45031,"href":"https:\/\/radiorevelacionfm.cl\/index.php?rest_route=\/wp\/v2\/posts\/45011\/revisions\/45031"}],"wp:featuredmedia":[{"embeddable":true,"href":"https:\/\/radiorevelacionfm.cl\/index.php?rest_route=\/wp\/v2\/media\/45013"}],"wp:attachment":[{"href":"https:\/\/radiorevelacionfm.cl\/index.php?rest_route=%2Fwp%2Fv2%2Fmedia&parent=45011"}],"wp:term":[{"taxonomy":"category","embeddable":true,"href":"https:\/\/radiorevelacionfm.cl\/index.php?rest_route=%2Fwp%2Fv2%2Fcategories&post=45011"},{"taxonomy":"post_tag","embeddable":true,"href":"https:\/\/radiorevelacionfm.cl\/index.php?rest_route=%2Fwp%2Fv2%2Ftags&post=45011"}],"curies":[{"name":"wp","href":"https:\/\/api.w.org\/{rel}","templated":true}]}}