{"id":4501,"date":"2021-05-25T16:42:29","date_gmt":"2021-05-25T19:42:29","guid":{"rendered":"https:\/\/radiorevelacionfm.cl\/?p=4501"},"modified":"2021-05-25T16:42:29","modified_gmt":"2021-05-25T19:42:29","slug":"con-entrega-de-terreno-inician-proyecto-reposicion-de-establecimientos-educacionales-en-puerto-chacabuco","status":"publish","type":"post","link":"https:\/\/radiorevelacionfm.cl\/?p=4501","title":{"rendered":"Con entrega de terreno inician proyecto reposici\u00f3n de establecimientos educacionales en Puerto Chacabuco"},"content":{"rendered":"<div class=\"flex_column av_one_full  flex_column_div av-zero-column-padding first  avia-builder-el-0  el_before_av_one_full  avia-builder-el-first  \" style='border-radius:0px; '><div  class='avia-image-container  av-styling-    avia-builder-el-1  avia-builder-el-no-sibling  avia-align-center '  itemprop=\"image\" itemscope=\"itemscope\" itemtype=\"https:\/\/schema.org\/ImageObject\"  ><div class='avia-image-container-inner'><div class='avia-image-overlay-wrap'><img decoding=\"async\" class='wp-image-0 avia-img-lazy-loading-not-0 avia_image' src=\"https:\/\/radiorevelacionfm.cl\/wp-content\/uploads\/2021\/05\/Establecimientos-2-1.jpg\" alt='' title=''   itemprop=\"thumbnailUrl\"  \/><\/div><\/div><\/div><\/div><div class=\"flex_column av_one_full  flex_column_div av-zero-column-padding first  avia-builder-el-2  el_after_av_one_full  el_before_av_one_full  column-top-margin\" style='border-radius:0px; '><section class=\"av_textblock_section \"  itemscope=\"itemscope\" itemtype=\"https:\/\/schema.org\/BlogPosting\" itemprop=\"blogPost\" ><div class='avia_textblock  '   itemprop=\"text\" ><p style=\"text-align: center;\"><span style=\"font-size: 18pt;\"><strong>Con entrega de terreno inician proyecto reposici\u00f3n de establecimientos educacionales en Puerto Chacabuco<\/strong><\/span><\/p>\n<div id=\"gtx-trans\" style=\"position: absolute; left: -50px; top: 4.31534px;\">\n<div class=\"gtx-trans-icon\"><\/div>\n<\/div>\n<\/div><\/section><\/div><div class=\"flex_column av_one_full  flex_column_div av-zero-column-padding first  avia-builder-el-4  el_after_av_one_full  el_before_av_hr  column-top-margin\" style='border-radius:0px; '><section class=\"av_textblock_section \"  itemscope=\"itemscope\" itemtype=\"https:\/\/schema.org\/BlogPosting\" itemprop=\"blogPost\" ><div class='avia_textblock  '   itemprop=\"text\" ><p style=\"text-align: justify;\">Con la entrega de terreno a la empresa contratista, este lunes se dio inicio a los proyectos de Infraestructura Educacional \u201cConservaci\u00f3n espacios comunes Jard\u00edn Ayel\u00e9n Ruka\u201d y \u201cMejoramiento infraestructura escuela Almirante Simpson\u201d en Puerto Chacabuco, que busca mejorar y regularizar los espacios exteriores de ambos establecimientos educacionales.<\/p>\n<p style=\"text-align: justify;\">Al respecto, la directora (s) de la escuela local, Camila Redlich, manifest\u00f3 su conformidad con este inicio de obras, cuyo plazo m\u00e1ximo de concreci\u00f3n es de 90 d\u00edas corridos. \u201cEstamos muy felices porque necesit\u00e1bamos hacer ciertas mejoras que sean visibles a la comunidad para que est\u00e9n en conocimiento de que estamos trabajando en distintas \u00e1reas para entregar un mejor servicio a nuestros estudiantes y sus familias. La escuela es un lugar de encuentro para la comunidad en Puerto Chacabuco y compartimos el edificio entre la escuela y el jard\u00edn, por lo que es necesario hacer estas mejoras, accesibilidad universal y todo lo dem\u00e1s para tener el reconocimiento oficial y dar cumplimiento a los requerimientos desde el ministerio de Educaci\u00f3n\u201d, indic\u00f3.<\/p>\n<p style=\"text-align: justify;\">El proyecto contempla fusionar ambas dependencias, en el marco del proceso de Reconocimiento Oficial de Jardines Infantiles, es por ello que en caso del establecimiento de pre b\u00e1sica incorpora la habilitaci\u00f3n de una rampa acceso secundario, reparaciones en cubierta, cambio de aleros, tapacanes y bajadas de agua lluvia, entre otros. Asimismo, la regularizaci\u00f3n de instalaciones de gas, a trav\u00e9s de la obtenci\u00f3n de sellos verdes; reposici\u00f3n de mampara del acceso principal del recinto y reubicaci\u00f3n del invernadero.<\/p>\n<p style=\"text-align: justify;\">Para la escuela Almirante Simpson, en tanto, las principales partidas de intervenci\u00f3n ser\u00e1n cambios de revestimiento exterior; reposici\u00f3n parcial de cielos exteriores, mejoramiento y regularizaci\u00f3n de pasillos de conexi\u00f3n entre dependencias, reparaci\u00f3n de pavimentos interiores, as\u00ed como regularizaci\u00f3n de permisos de edificaci\u00f3n, mediante procedimiento simplificado.<\/p>\n<p style=\"text-align: justify;\">\u201cEntrando como alcalde vinimos a recepcionar los trabajos de a caldera que ven\u00edan de la administraci\u00f3n anterior. Fue ah\u00ed que el cuerpo docente nos plante\u00f3 lo feo y lo deteriorado que estaba el colegio as\u00ed que nos comprometimos a hacer este revestimiento del cual estamos hoy entregando terreno, que va a permitir mejorar la circulaci\u00f3n, el jard\u00edn y hacer los espacios mas amigables para que los alumnos vengan con m\u00e1s motivaci\u00f3n\u201d, se\u00f1al\u00f3 el alcalde Luis Mart\u00ednez, agregando que \u201ces as\u00ed como hemos invertido en el \u00faltimo a\u00f1o alrededor de 400 millones de pesos en los establecimientos educacionales en la comuna que fueron necesidades que nacieron de la comunidad educativa pero tambi\u00e9n de los vecinos en nuestros constantes viajes a las localidades, as\u00ed que van a ver que en las distintas localidades las escuelas se van reparando y hasta el \u00faltimo d\u00eda estaremos cumpliendo con la comunidad el mandato que nos entregaron\u201d.<\/p>\n<p style=\"text-align: justify;\">Por su parte, Gonzalo Vargas, director DEM dio a conocer la importancia de esta iniciativa que se comprometi\u00f3 para con la comunidad y a la cual hoy se da cumplimiento.<\/p>\n<p style=\"text-align: justify;\">\u201cVe\u00edamos que el establecimiento merec\u00eda cambiar su cara en cuanto a pintura, revestimientos, porque siempre los establecimientos se transforman en hitos urban\u00edsticos dentro de toda comunidad por eso era tan importante hacerlo en Puerto Chacabuco\u201d.<\/p>\n<p style=\"text-align: justify;\">Es as\u00ed que se espera el proyecto finalice durante el mes de septiembre de 2021 con la ejecuci\u00f3n de la empresa contratista San Sebasti\u00e1n Servicios Integrales SPA por un monto total que suma alrededor de 101 millones de pesos.<\/p>\n<\/div><\/section><\/div><div  style='height:50px' class='hr hr-invisible   avia-builder-el-6  el_after_av_one_full  el_before_av_social_share '><span class='hr-inner ' ><span class='hr-inner-style'><\/span><\/span><\/div><\/p>\n<div  class='av-social-sharing-box  avia-builder-el-7  el_after_av_hr  el_before_av_hr  '><div class='av-share-box'><h5 class='av-share-link-description av-no-toc '>Compartir esta noticia<\/h5><ul class='av-share-box-list noLightbox'><li class='av-share-link av-social-link-facebook' ><a target=\"_blank\" aria-label=\"Compartir en Facebook\" href='https:\/\/www.facebook.com\/sharer.php?u=https:\/\/radiorevelacionfm.cl\/?p=4501&#038;t=Con%20entrega%20de%20terreno%20inician%20proyecto%20reposici%C3%B3n%20de%20establecimientos%20educacionales%20en%20Puerto%20Chacabuco' aria-hidden='false' data-av_icon='\ue8f3' data-av_iconfont='entypo-fontello' title='' data-avia-related-tooltip='Compartir en Facebook' rel=\"noopener\"><span class='avia_hidden_link_text'>Compartir en Facebook<\/span><\/a><\/li><li class='av-share-link av-social-link-twitter' ><a target=\"_blank\" aria-label=\"Compartir en Twitter\" href='https:\/\/twitter.com\/share?text=Con%20entrega%20de%20terreno%20inician%20proyecto%20reposici%C3%B3n%20de%20establecimientos%20educacionales%20en%20Puerto%20Chacabuco&#038;url=https:\/\/radiorevelacionfm.cl\/?p=4501' aria-hidden='false' data-av_icon='\ue8f1' data-av_iconfont='entypo-fontello' title='' data-avia-related-tooltip='Compartir en Twitter' rel=\"noopener\"><span class='avia_hidden_link_text'>Compartir en Twitter<\/span><\/a><\/li><li class='av-share-link av-social-link-whatsapp' ><a target=\"_blank\" aria-label=\"Compartir en Whatsapp\" href='https:\/\/api.whatsapp.com\/send?text=https:\/\/radiorevelacionfm.cl\/?p=4501' aria-hidden='false' data-av_icon='\uf232' data-av_iconfont='entypo-fontello' title='' data-avia-related-tooltip='Compartir en Whatsapp' rel=\"noopener\"><span class='avia_hidden_link_text'>Compartir en Whatsapp<\/span><\/a><\/li><li class='av-share-link av-social-link-linkedin' ><a target=\"_blank\" aria-label=\"Compartir en LinkedIn\" href='https:\/\/linkedin.com\/shareArticle?mini=true&#038;title=Con%20entrega%20de%20terreno%20inician%20proyecto%20reposici%C3%B3n%20de%20establecimientos%20educacionales%20en%20Puerto%20Chacabuco&#038;url=https:\/\/radiorevelacionfm.cl\/?p=4501' aria-hidden='false' data-av_icon='\ue8fc' data-av_iconfont='entypo-fontello' title='' data-avia-related-tooltip='Compartir en LinkedIn' rel=\"noopener\"><span class='avia_hidden_link_text'>Compartir en LinkedIn<\/span><\/a><\/li><li class='av-share-link av-social-link-mail' ><a  aria-label=\"Compartir por correo\" href='mailto:?subject=Con%20entrega%20de%20terreno%20inician%20proyecto%20reposici%C3%B3n%20de%20establecimientos%20educacionales%20en%20Puerto%20Chacabuco&#038;body=https:\/\/radiorevelacionfm.cl\/?p=4501' aria-hidden='false' data-av_icon='\ue805' data-av_iconfont='entypo-fontello' title='' data-avia-related-tooltip='Compartir por correo'><span class='avia_hidden_link_text'>Compartir por correo<\/span><\/a><\/li><\/ul><\/div><\/div>\n<div  style='height:50px' class='hr hr-invisible   avia-builder-el-8  el_after_av_social_share  el_before_av_comments_list '><span class='hr-inner ' ><span class='hr-inner-style'><\/span><\/span><\/div>\n<div  class='av-buildercomment  av-blog-meta-html-info-disabled av-blog-meta-tag-disabled  '><\/div>\n","protected":false},"excerpt":{"rendered":"","protected":false},"author":1,"featured_media":0,"comment_status":"open","ping_status":"open","sticky":false,"template":"","format":"standard","meta":{"footnotes":""},"categories":[49],"tags":[],"class_list":["post-4501","post","type-post","status-publish","format-standard","hentry","category-educacion"],"jetpack_featured_media_url":"","_links":{"self":[{"href":"https:\/\/radiorevelacionfm.cl\/index.php?rest_route=\/wp\/v2\/posts\/4501","targetHints":{"allow":["GET"]}}],"collection":[{"href":"https:\/\/radiorevelacionfm.cl\/index.php?rest_route=\/wp\/v2\/posts"}],"about":[{"href":"https:\/\/radiorevelacionfm.cl\/index.php?rest_route=\/wp\/v2\/types\/post"}],"author":[{"embeddable":true,"href":"https:\/\/radiorevelacionfm.cl\/index.php?rest_route=\/wp\/v2\/users\/1"}],"replies":[{"embeddable":true,"href":"https:\/\/radiorevelacionfm.cl\/index.php?rest_route=%2Fwp%2Fv2%2Fcomments&post=4501"}],"version-history":[{"count":1,"href":"https:\/\/radiorevelacionfm.cl\/index.php?rest_route=\/wp\/v2\/posts\/4501\/revisions"}],"predecessor-version":[{"id":4504,"href":"https:\/\/radiorevelacionfm.cl\/index.php?rest_route=\/wp\/v2\/posts\/4501\/revisions\/4504"}],"wp:attachment":[{"href":"https:\/\/radiorevelacionfm.cl\/index.php?rest_route=%2Fwp%2Fv2%2Fmedia&parent=4501"}],"wp:term":[{"taxonomy":"category","embeddable":true,"href":"https:\/\/radiorevelacionfm.cl\/index.php?rest_route=%2Fwp%2Fv2%2Fcategories&post=4501"},{"taxonomy":"post_tag","embeddable":true,"href":"https:\/\/radiorevelacionfm.cl\/index.php?rest_route=%2Fwp%2Fv2%2Ftags&post=4501"}],"curies":[{"name":"wp","href":"https:\/\/api.w.org\/{rel}","templated":true}]}}