{"id":45005,"date":"2024-08-08T22:20:43","date_gmt":"2024-08-09T01:20:43","guid":{"rendered":"https:\/\/radiorevelacionfm.cl\/?p=45005"},"modified":"2024-08-19T23:35:06","modified_gmt":"2024-08-20T02:35:06","slug":"minvu-regional-aborda-situacion-de-concurso-publico-e-investigacion-judicial-relacionada-con-delegado-de-serviu-de-la-provincia-de-aysen","status":"publish","type":"post","link":"https:\/\/radiorevelacionfm.cl\/?p=45005","title":{"rendered":"Minvu regional aborda situaci\u00f3n de concurso p\u00fablico e investigaci\u00f3n judicial relacionada con Delegado de Serviu de la Provincia de Ays\u00e9n"},"content":{"rendered":"<div class=\"flex_column av_one_full  flex_column_div av-zero-column-padding first  avia-builder-el-0  el_before_av_one_full  avia-builder-el-first  \" style='border-radius:0px; '><div  class='avia-image-container  av-styling-    avia-builder-el-1  avia-builder-el-no-sibling  avia-align-center '  itemprop=\"image\" itemscope=\"itemscope\" itemtype=\"https:\/\/schema.org\/ImageObject\"  ><div class='avia-image-container-inner'><div class='avia-image-overlay-wrap'><img decoding=\"async\" class='wp-image-45006 avia-img-lazy-loading-not-45006 avia_image' src=\"https:\/\/radiorevelacionfm.cl\/wp-content\/uploads\/2024\/08\/SERVIU1-1-1.jpg\" alt='' title='SERVIU1 (1) (1)' height=\"600\" width=\"1081\"  itemprop=\"thumbnailUrl\" srcset=\"https:\/\/radiorevelacionfm.cl\/wp-content\/uploads\/2024\/08\/SERVIU1-1-1.jpg 1081w, https:\/\/radiorevelacionfm.cl\/wp-content\/uploads\/2024\/08\/SERVIU1-1-1-300x167.jpg 300w, https:\/\/radiorevelacionfm.cl\/wp-content\/uploads\/2024\/08\/SERVIU1-1-1-1030x572.jpg 1030w, https:\/\/radiorevelacionfm.cl\/wp-content\/uploads\/2024\/08\/SERVIU1-1-1-768x426.jpg 768w, https:\/\/radiorevelacionfm.cl\/wp-content\/uploads\/2024\/08\/SERVIU1-1-1-705x391.jpg 705w, https:\/\/radiorevelacionfm.cl\/wp-content\/uploads\/2024\/08\/SERVIU1-1-1-450x250.jpg 450w, https:\/\/radiorevelacionfm.cl\/wp-content\/uploads\/2024\/08\/SERVIU1-1-1-600x333.jpg 600w\" sizes=\"(max-width: 1081px) 100vw, 1081px\" \/><\/div><\/div><\/div><\/div><div class=\"flex_column av_one_full  flex_column_div av-zero-column-padding first  avia-builder-el-2  el_after_av_one_full  el_before_av_one_full  column-top-margin\" style='border-radius:0px; '><section class=\"av_textblock_section \"  itemscope=\"itemscope\" itemtype=\"https:\/\/schema.org\/BlogPosting\" itemprop=\"blogPost\" ><div class='avia_textblock  '   itemprop=\"text\" ><p style=\"text-align: center;\"><strong><span style=\"font-size: 18pt;\">Minvu regional aborda situaci\u00f3n de concurso p\u00fablico e investigaci\u00f3n judicial relacionada con Delegado de Serviu de la Provincia de Ays\u00e9n<\/span><\/strong><\/p>\n<div id=\"gtx-trans\" style=\"position: absolute; left: -50px; top: 4.31534px;\">\n<div class=\"gtx-trans-icon\"><\/div>\n<\/div>\n<\/div><\/section><\/div><div class=\"flex_column av_one_full  flex_column_div av-zero-column-padding first  avia-builder-el-4  el_after_av_one_full  el_before_av_hr  column-top-margin\" style='border-radius:0px; '><section class=\"av_textblock_section \"  itemscope=\"itemscope\" itemtype=\"https:\/\/schema.org\/BlogPosting\" itemprop=\"blogPost\" ><div class='avia_textblock  '   itemprop=\"text\" ><p style=\"text-align: justify;\">A trav\u00e9s de una declaraci\u00f3n p\u00fablica tanto la Seremi de Vivienda y Urbanismo de la Regi\u00f3n de Ays\u00e9n, Paulina Ruz Delf\u00edn, como el Director Serviu, V\u00edctor Contreras Oyarzo, se\u00f1alaron:<\/p>\n<p style=\"text-align: justify;\">Sobre la situaci\u00f3n del Delegado (s) Provincial del Serviu de la regi\u00f3n de Ays\u00e9n, Cristi\u00e1n B\u00f3rquez, queremos expresar lo siguiente:<\/p>\n<p style=\"text-align: justify;\">El concurso para ocupar el cargo de Delegado Provincial del Serviu de la regi\u00f3n de Ays\u00e9n, corresponde a uno de 3er nivel jer\u00e1rquico, por lo que se encuentra regulado por las normativas del Servicio Civil y del estatuto administrativo. Dicho concurso se encuentra en desarrollo, sin tener definida a la persona seleccionada.<\/p>\n<p style=\"text-align: justify;\">Sin desmedro de esto, y dado que se filtraron los resultados de una de las etapas del concurso, el Director del Serviu de la regi\u00f3n, V\u00edctor Contreras, ha instruido un sumario para determinar las responsabilidades administrativas en las que se han incurrido.<\/p>\n<p style=\"text-align: justify;\">Sobre la investigaci\u00f3n judicial que involucra al se\u00f1or B\u00f3rquez, el Serviu, efectivamente, recibi\u00f3 un oficio de parte de la PDI requiriendo al funcionario. Desde ese mismo minuto, hemos colaborado con el Ministerio P\u00fablico, como es nuestro deber, d\u00e1ndole todas las facilidades por parte de la instituci\u00f3n, para que el funcionario preste declaraci\u00f3n, as\u00ed como para que esta investigaci\u00f3n se desarrolle en los tiempos requeridos.<\/p>\n<\/div><\/section><\/div><div  style='height:50px' class='hr hr-invisible   avia-builder-el-6  el_after_av_one_full  el_before_av_social_share '><span class='hr-inner ' ><span class='hr-inner-style'><\/span><\/span><\/div><\/p>\n<div  class='av-social-sharing-box  avia-builder-el-7  el_after_av_hr  el_before_av_hr  '><div class='av-share-box'><h5 class='av-share-link-description av-no-toc '>Compartir esta noticia<\/h5><ul class='av-share-box-list noLightbox'><li class='av-share-link av-social-link-facebook' ><a target=\"_blank\" aria-label=\"Compartir en Facebook\" href='https:\/\/www.facebook.com\/sharer.php?u=https:\/\/radiorevelacionfm.cl\/?p=45005&#038;t=Minvu%20regional%20aborda%20situaci%C3%B3n%20de%20concurso%20p%C3%BAblico%20e%20investigaci%C3%B3n%20judicial%20relacionada%20con%20Delegado%20de%20Serviu%20de%20la%20Provincia%20de%20Ays%C3%A9n' aria-hidden='false' data-av_icon='\ue8f3' data-av_iconfont='entypo-fontello' title='' data-avia-related-tooltip='Compartir en Facebook' rel=\"noopener\"><span class='avia_hidden_link_text'>Compartir en Facebook<\/span><\/a><\/li><li class='av-share-link av-social-link-twitter' ><a target=\"_blank\" aria-label=\"Compartir en Twitter\" href='https:\/\/twitter.com\/share?text=Minvu%20regional%20aborda%20situaci%C3%B3n%20de%20concurso%20p%C3%BAblico%20e%20investigaci%C3%B3n%20judicial%20relacionada%20con%20Delegado%20de%20Serviu%20de%20la%20Provincia%20de%20Ays%C3%A9n&#038;url=https:\/\/radiorevelacionfm.cl\/?p=45005' aria-hidden='false' data-av_icon='\ue8f1' data-av_iconfont='entypo-fontello' title='' data-avia-related-tooltip='Compartir en Twitter' rel=\"noopener\"><span class='avia_hidden_link_text'>Compartir en Twitter<\/span><\/a><\/li><li class='av-share-link av-social-link-whatsapp' ><a target=\"_blank\" aria-label=\"Compartir en Whatsapp\" href='https:\/\/api.whatsapp.com\/send?text=https:\/\/radiorevelacionfm.cl\/?p=45005' aria-hidden='false' data-av_icon='\uf232' data-av_iconfont='entypo-fontello' title='' data-avia-related-tooltip='Compartir en Whatsapp' rel=\"noopener\"><span class='avia_hidden_link_text'>Compartir en Whatsapp<\/span><\/a><\/li><li class='av-share-link av-social-link-linkedin' ><a target=\"_blank\" aria-label=\"Compartir en LinkedIn\" href='https:\/\/linkedin.com\/shareArticle?mini=true&#038;title=Minvu%20regional%20aborda%20situaci%C3%B3n%20de%20concurso%20p%C3%BAblico%20e%20investigaci%C3%B3n%20judicial%20relacionada%20con%20Delegado%20de%20Serviu%20de%20la%20Provincia%20de%20Ays%C3%A9n&#038;url=https:\/\/radiorevelacionfm.cl\/?p=45005' aria-hidden='false' data-av_icon='\ue8fc' data-av_iconfont='entypo-fontello' title='' data-avia-related-tooltip='Compartir en LinkedIn' rel=\"noopener\"><span class='avia_hidden_link_text'>Compartir en LinkedIn<\/span><\/a><\/li><li class='av-share-link av-social-link-mail' ><a  aria-label=\"Compartir por correo\" href='mailto:?subject=Minvu%20regional%20aborda%20situaci%C3%B3n%20de%20concurso%20p%C3%BAblico%20e%20investigaci%C3%B3n%20judicial%20relacionada%20con%20Delegado%20de%20Serviu%20de%20la%20Provincia%20de%20Ays%C3%A9n&#038;body=https:\/\/radiorevelacionfm.cl\/?p=45005' aria-hidden='false' data-av_icon='\ue805' data-av_iconfont='entypo-fontello' title='' data-avia-related-tooltip='Compartir por correo'><span class='avia_hidden_link_text'>Compartir por correo<\/span><\/a><\/li><\/ul><\/div><\/div>\n<div  style='height:50px' class='hr hr-invisible   avia-builder-el-8  el_after_av_social_share  el_before_av_comments_list '><span class='hr-inner ' ><span class='hr-inner-style'><\/span><\/span><\/div>\n<div  class='av-buildercomment  av-blog-meta-html-info-disabled av-blog-meta-tag-disabled  '><\/div>\n","protected":false},"excerpt":{"rendered":"","protected":false},"author":1,"featured_media":45006,"comment_status":"open","ping_status":"open","sticky":false,"template":"","format":"standard","meta":{"footnotes":""},"categories":[57],"tags":[],"class_list":["post-45005","post","type-post","status-publish","format-standard","has-post-thumbnail","hentry","category-vivienda"],"jetpack_featured_media_url":"https:\/\/radiorevelacionfm.cl\/wp-content\/uploads\/2024\/08\/SERVIU1-1-1.jpg","_links":{"self":[{"href":"https:\/\/radiorevelacionfm.cl\/index.php?rest_route=\/wp\/v2\/posts\/45005","targetHints":{"allow":["GET"]}}],"collection":[{"href":"https:\/\/radiorevelacionfm.cl\/index.php?rest_route=\/wp\/v2\/posts"}],"about":[{"href":"https:\/\/radiorevelacionfm.cl\/index.php?rest_route=\/wp\/v2\/types\/post"}],"author":[{"embeddable":true,"href":"https:\/\/radiorevelacionfm.cl\/index.php?rest_route=\/wp\/v2\/users\/1"}],"replies":[{"embeddable":true,"href":"https:\/\/radiorevelacionfm.cl\/index.php?rest_route=%2Fwp%2Fv2%2Fcomments&post=45005"}],"version-history":[{"count":1,"href":"https:\/\/radiorevelacionfm.cl\/index.php?rest_route=\/wp\/v2\/posts\/45005\/revisions"}],"predecessor-version":[{"id":45007,"href":"https:\/\/radiorevelacionfm.cl\/index.php?rest_route=\/wp\/v2\/posts\/45005\/revisions\/45007"}],"wp:featuredmedia":[{"embeddable":true,"href":"https:\/\/radiorevelacionfm.cl\/index.php?rest_route=\/wp\/v2\/media\/45006"}],"wp:attachment":[{"href":"https:\/\/radiorevelacionfm.cl\/index.php?rest_route=%2Fwp%2Fv2%2Fmedia&parent=45005"}],"wp:term":[{"taxonomy":"category","embeddable":true,"href":"https:\/\/radiorevelacionfm.cl\/index.php?rest_route=%2Fwp%2Fv2%2Fcategories&post=45005"},{"taxonomy":"post_tag","embeddable":true,"href":"https:\/\/radiorevelacionfm.cl\/index.php?rest_route=%2Fwp%2Fv2%2Ftags&post=45005"}],"curies":[{"name":"wp","href":"https:\/\/api.w.org\/{rel}","templated":true}]}}