{"id":45002,"date":"2024-08-09T10:55:16","date_gmt":"2024-08-09T13:55:16","guid":{"rendered":"https:\/\/radiorevelacionfm.cl\/?p=45002"},"modified":"2024-08-09T10:55:16","modified_gmt":"2024-08-09T13:55:16","slug":"aysen-celebra-su-riqueza-cultural-con-la-expo-invierno-artesanos-de-aysen-2024","status":"publish","type":"post","link":"https:\/\/radiorevelacionfm.cl\/?p=45002","title":{"rendered":"Ays\u00e9n celebra su riqueza cultural con la Expo Invierno Artesanos de Ays\u00e9n 2024"},"content":{"rendered":"<div class=\"flex_column av_one_full  flex_column_div av-zero-column-padding first  avia-builder-el-0  el_before_av_one_full  avia-builder-el-first  \" style='border-radius:0px; '><div  class='avia-image-container  av-styling-    avia-builder-el-1  avia-builder-el-no-sibling  avia-align-center '  itemprop=\"image\" itemscope=\"itemscope\" itemtype=\"https:\/\/schema.org\/ImageObject\"  ><div class='avia-image-container-inner'><div class='avia-image-overlay-wrap'><img decoding=\"async\" class='wp-image-45003 avia-img-lazy-loading-not-45003 avia_image' src=\"https:\/\/radiorevelacionfm.cl\/wp-content\/uploads\/2024\/08\/img-2-1_optimized.jpeg\" alt='' title='img-2-(1)_optimized' height=\"600\" width=\"800\"  itemprop=\"thumbnailUrl\" srcset=\"https:\/\/radiorevelacionfm.cl\/wp-content\/uploads\/2024\/08\/img-2-1_optimized.jpeg 800w, https:\/\/radiorevelacionfm.cl\/wp-content\/uploads\/2024\/08\/img-2-1_optimized-300x225.jpeg 300w, https:\/\/radiorevelacionfm.cl\/wp-content\/uploads\/2024\/08\/img-2-1_optimized-768x576.jpeg 768w, https:\/\/radiorevelacionfm.cl\/wp-content\/uploads\/2024\/08\/img-2-1_optimized-705x529.jpeg 705w, https:\/\/radiorevelacionfm.cl\/wp-content\/uploads\/2024\/08\/img-2-1_optimized-450x338.jpeg 450w, https:\/\/radiorevelacionfm.cl\/wp-content\/uploads\/2024\/08\/img-2-1_optimized-600x450.jpeg 600w\" sizes=\"(max-width: 800px) 100vw, 800px\" \/><\/div><\/div><\/div><\/div><div class=\"flex_column av_one_full  flex_column_div av-zero-column-padding first  avia-builder-el-2  el_after_av_one_full  el_before_av_one_full  column-top-margin\" style='border-radius:0px; '><section class=\"av_textblock_section \"  itemscope=\"itemscope\" itemtype=\"https:\/\/schema.org\/BlogPosting\" itemprop=\"blogPost\" ><div class='avia_textblock  '   itemprop=\"text\" ><p style=\"text-align: center;\"><span style=\"font-size: 18pt;\"><strong>Ays\u00e9n celebra su riqueza cultural con la Expo Invierno Artesanos de Ays\u00e9n 2024<\/strong><\/span><\/p>\n<div id=\"gtx-trans\" style=\"position: absolute; left: -50px; top: 4.31534px;\">\n<div class=\"gtx-trans-icon\"><\/div>\n<\/div>\n<\/div><\/section><\/div><div class=\"flex_column av_one_full  flex_column_div av-zero-column-padding first  avia-builder-el-4  el_after_av_one_full  el_before_av_hr  column-top-margin\" style='border-radius:0px; '><section class=\"av_textblock_section \"  itemscope=\"itemscope\" itemtype=\"https:\/\/schema.org\/BlogPosting\" itemprop=\"blogPost\" ><div class='avia_textblock  '   itemprop=\"text\" ><p style=\"text-align: justify;\">La regi\u00f3n de Ays\u00e9n se viste de colores, texturas y tradiciones con la inauguraci\u00f3n de la Expo Invierno Artesanos de Ays\u00e9n, un evento que re\u00fane a 15 destacados artesanos provenientes de diversos rincones de la regi\u00f3n. Esta exposici\u00f3n, que estar\u00e1 abierta al p\u00fablico hasta el s\u00e1bado 10 de agosto, promete ser una verdadera vitrina de la identidad cultural y la creatividad de la zona.<\/p>\n<p style=\"text-align: justify;\">Durante toda la semana, de 10:00 a 19:00 horas, los asistentes tendr\u00e1n la oportunidad de conocer y adquirir productos \u00fanicos, elaborados a mano, que reflejan las tradiciones y el talento de los artesanos locales. Desde tejidos de lana y trabajos en cuero, hasta piezas de cer\u00e1mica y madera, cada stand ofrece una muestra del patrimonio cultural que define a Ays\u00e9n.<\/p>\n<p style=\"text-align: justify;\">La Expo Invierno no solo es una oportunidad para apoyar a los peque\u00f1os productores y emprendedores de la regi\u00f3n, sino tambi\u00e9n para descubrir y apreciar la diversidad de la artesan\u00eda local. Los organizadores del evento destacan la importancia de este tipo de iniciativas para fortalecer la econom\u00eda local y preservar las tradiciones artesanales que han pasado de generaci\u00f3n en generaci\u00f3n. \u201cEste evento es m\u00e1s que una feria, es una celebraci\u00f3n de nuestra identidad y de los valores que nos unen como comunidad. Cada pieza que aqu\u00ed se expone cuenta una historia, y esa historia es parte de Ays\u00e9n\u201d, coment\u00f3 uno de los organizadores.<\/p>\n<p style=\"text-align: justify;\">Se invita a toda la comunidad a visitar la Expo Invierno Artesanos de Ays\u00e9n y disfrutar de un espacio donde la tradici\u00f3n y la innovaci\u00f3n se encuentran. La entrada es gratuita, y se espera una gran afluencia de p\u00fablico, especialmente durante el fin de semana, cuando los artesanos estar\u00e1n realizando demostraciones en vivo de sus t\u00e9cnicas y procesos creativos.<\/p>\n<p style=\"text-align: justify;\">La Expo Invierno Artesanos de Ays\u00e9n es una oportunidad imperdible para aquellos que valoran la calidad y autenticidad de los productos hechos a mano, as\u00ed como para quienes desean apoyar el desarrollo de la econom\u00eda local y la conservaci\u00f3n de las tradiciones culturales de la regi\u00f3n.<\/p>\n<\/div><\/section><\/div><div  style='height:50px' class='hr hr-invisible   avia-builder-el-6  el_after_av_one_full  el_before_av_social_share '><span class='hr-inner ' ><span class='hr-inner-style'><\/span><\/span><\/div><\/p>\n<div  class='av-social-sharing-box  avia-builder-el-7  el_after_av_hr  el_before_av_hr  '><div class='av-share-box'><h5 class='av-share-link-description av-no-toc '>Compartir esta noticia<\/h5><ul class='av-share-box-list noLightbox'><li class='av-share-link av-social-link-facebook' ><a target=\"_blank\" aria-label=\"Compartir en Facebook\" href='https:\/\/www.facebook.com\/sharer.php?u=https:\/\/radiorevelacionfm.cl\/?p=45002&#038;t=Ays%C3%A9n%20celebra%20su%20riqueza%20cultural%20con%20la%20Expo%20Invierno%20Artesanos%20de%20Ays%C3%A9n%202024' aria-hidden='false' data-av_icon='\ue8f3' data-av_iconfont='entypo-fontello' title='' data-avia-related-tooltip='Compartir en Facebook' rel=\"noopener\"><span class='avia_hidden_link_text'>Compartir en Facebook<\/span><\/a><\/li><li class='av-share-link av-social-link-twitter' ><a target=\"_blank\" aria-label=\"Compartir en Twitter\" href='https:\/\/twitter.com\/share?text=Ays%C3%A9n%20celebra%20su%20riqueza%20cultural%20con%20la%20Expo%20Invierno%20Artesanos%20de%20Ays%C3%A9n%202024&#038;url=https:\/\/radiorevelacionfm.cl\/?p=45002' aria-hidden='false' data-av_icon='\ue8f1' data-av_iconfont='entypo-fontello' title='' data-avia-related-tooltip='Compartir en Twitter' rel=\"noopener\"><span class='avia_hidden_link_text'>Compartir en Twitter<\/span><\/a><\/li><li class='av-share-link av-social-link-whatsapp' ><a target=\"_blank\" aria-label=\"Compartir en Whatsapp\" href='https:\/\/api.whatsapp.com\/send?text=https:\/\/radiorevelacionfm.cl\/?p=45002' aria-hidden='false' data-av_icon='\uf232' data-av_iconfont='entypo-fontello' title='' data-avia-related-tooltip='Compartir en Whatsapp' rel=\"noopener\"><span class='avia_hidden_link_text'>Compartir en Whatsapp<\/span><\/a><\/li><li class='av-share-link av-social-link-linkedin' ><a target=\"_blank\" aria-label=\"Compartir en LinkedIn\" href='https:\/\/linkedin.com\/shareArticle?mini=true&#038;title=Ays%C3%A9n%20celebra%20su%20riqueza%20cultural%20con%20la%20Expo%20Invierno%20Artesanos%20de%20Ays%C3%A9n%202024&#038;url=https:\/\/radiorevelacionfm.cl\/?p=45002' aria-hidden='false' data-av_icon='\ue8fc' data-av_iconfont='entypo-fontello' title='' data-avia-related-tooltip='Compartir en LinkedIn' rel=\"noopener\"><span class='avia_hidden_link_text'>Compartir en LinkedIn<\/span><\/a><\/li><li class='av-share-link av-social-link-mail' ><a  aria-label=\"Compartir por correo\" href='mailto:?subject=Ays%C3%A9n%20celebra%20su%20riqueza%20cultural%20con%20la%20Expo%20Invierno%20Artesanos%20de%20Ays%C3%A9n%202024&#038;body=https:\/\/radiorevelacionfm.cl\/?p=45002' aria-hidden='false' data-av_icon='\ue805' data-av_iconfont='entypo-fontello' title='' data-avia-related-tooltip='Compartir por correo'><span class='avia_hidden_link_text'>Compartir por correo<\/span><\/a><\/li><\/ul><\/div><\/div>\n<div  style='height:50px' class='hr hr-invisible   avia-builder-el-8  el_after_av_social_share  el_before_av_comments_list '><span class='hr-inner ' ><span class='hr-inner-style'><\/span><\/span><\/div>\n<div  class='av-buildercomment  av-blog-meta-html-info-disabled av-blog-meta-tag-disabled  '><\/div>\n","protected":false},"excerpt":{"rendered":"","protected":false},"author":1,"featured_media":45003,"comment_status":"open","ping_status":"open","sticky":false,"template":"","format":"standard","meta":{"footnotes":""},"categories":[38],"tags":[],"class_list":["post-45002","post","type-post","status-publish","format-standard","has-post-thumbnail","hentry","category-regional"],"jetpack_featured_media_url":"https:\/\/radiorevelacionfm.cl\/wp-content\/uploads\/2024\/08\/img-2-1_optimized.jpeg","_links":{"self":[{"href":"https:\/\/radiorevelacionfm.cl\/index.php?rest_route=\/wp\/v2\/posts\/45002","targetHints":{"allow":["GET"]}}],"collection":[{"href":"https:\/\/radiorevelacionfm.cl\/index.php?rest_route=\/wp\/v2\/posts"}],"about":[{"href":"https:\/\/radiorevelacionfm.cl\/index.php?rest_route=\/wp\/v2\/types\/post"}],"author":[{"embeddable":true,"href":"https:\/\/radiorevelacionfm.cl\/index.php?rest_route=\/wp\/v2\/users\/1"}],"replies":[{"embeddable":true,"href":"https:\/\/radiorevelacionfm.cl\/index.php?rest_route=%2Fwp%2Fv2%2Fcomments&post=45002"}],"version-history":[{"count":1,"href":"https:\/\/radiorevelacionfm.cl\/index.php?rest_route=\/wp\/v2\/posts\/45002\/revisions"}],"predecessor-version":[{"id":45004,"href":"https:\/\/radiorevelacionfm.cl\/index.php?rest_route=\/wp\/v2\/posts\/45002\/revisions\/45004"}],"wp:featuredmedia":[{"embeddable":true,"href":"https:\/\/radiorevelacionfm.cl\/index.php?rest_route=\/wp\/v2\/media\/45003"}],"wp:attachment":[{"href":"https:\/\/radiorevelacionfm.cl\/index.php?rest_route=%2Fwp%2Fv2%2Fmedia&parent=45002"}],"wp:term":[{"taxonomy":"category","embeddable":true,"href":"https:\/\/radiorevelacionfm.cl\/index.php?rest_route=%2Fwp%2Fv2%2Fcategories&post=45002"},{"taxonomy":"post_tag","embeddable":true,"href":"https:\/\/radiorevelacionfm.cl\/index.php?rest_route=%2Fwp%2Fv2%2Ftags&post=45002"}],"curies":[{"name":"wp","href":"https:\/\/api.w.org\/{rel}","templated":true}]}}