{"id":44999,"date":"2024-08-08T21:45:09","date_gmt":"2024-08-09T00:45:09","guid":{"rendered":"https:\/\/radiorevelacionfm.cl\/?p=44999"},"modified":"2024-08-08T21:45:09","modified_gmt":"2024-08-09T00:45:09","slug":"comunidad-y-autoridades-inauguran-nueva-posta-de-salud-rural-de-villa-cerro-castillo","status":"publish","type":"post","link":"https:\/\/radiorevelacionfm.cl\/?p=44999","title":{"rendered":"Comunidad y autoridades inauguran nueva Posta de Salud Rural de Villa Cerro Castillo"},"content":{"rendered":"<div class=\"flex_column av_one_full  flex_column_div av-zero-column-padding first  avia-builder-el-0  el_before_av_one_full  avia-builder-el-first  \" style='border-radius:0px; '><div  class='avia-image-container  av-styling-    avia-builder-el-1  avia-builder-el-no-sibling  avia-align-center '  itemprop=\"image\" itemscope=\"itemscope\" itemtype=\"https:\/\/schema.org\/ImageObject\"  ><div class='avia-image-container-inner'><div class='avia-image-overlay-wrap'><img decoding=\"async\" class='wp-image-45000 avia-img-lazy-loading-not-45000 avia_image' src=\"https:\/\/radiorevelacionfm.cl\/wp-content\/uploads\/2024\/08\/INAUGURACION-POSTA-CASTILLO-2-1-1.jpeg\" alt='' title='INAUGURACION POSTA CASTILLO (2) (1) (1)' height=\"600\" width=\"800\"  itemprop=\"thumbnailUrl\" srcset=\"https:\/\/radiorevelacionfm.cl\/wp-content\/uploads\/2024\/08\/INAUGURACION-POSTA-CASTILLO-2-1-1.jpeg 800w, https:\/\/radiorevelacionfm.cl\/wp-content\/uploads\/2024\/08\/INAUGURACION-POSTA-CASTILLO-2-1-1-300x225.jpeg 300w, https:\/\/radiorevelacionfm.cl\/wp-content\/uploads\/2024\/08\/INAUGURACION-POSTA-CASTILLO-2-1-1-768x576.jpeg 768w, https:\/\/radiorevelacionfm.cl\/wp-content\/uploads\/2024\/08\/INAUGURACION-POSTA-CASTILLO-2-1-1-705x529.jpeg 705w, https:\/\/radiorevelacionfm.cl\/wp-content\/uploads\/2024\/08\/INAUGURACION-POSTA-CASTILLO-2-1-1-450x338.jpeg 450w, https:\/\/radiorevelacionfm.cl\/wp-content\/uploads\/2024\/08\/INAUGURACION-POSTA-CASTILLO-2-1-1-600x450.jpeg 600w\" sizes=\"(max-width: 800px) 100vw, 800px\" \/><\/div><\/div><\/div><\/div><div class=\"flex_column av_one_full  flex_column_div av-zero-column-padding first  avia-builder-el-2  el_after_av_one_full  el_before_av_one_full  column-top-margin\" style='border-radius:0px; '><section class=\"av_textblock_section \"  itemscope=\"itemscope\" itemtype=\"https:\/\/schema.org\/BlogPosting\" itemprop=\"blogPost\" ><div class='avia_textblock  '   itemprop=\"text\" ><p style=\"text-align: center;\"><strong><span style=\"font-size: 18pt;\">Comunidad y autoridades inauguran nueva Posta de Salud Rural de Villa Cerro Castillo<\/span><\/strong><\/p>\n<div id=\"gtx-trans\" style=\"position: absolute; left: -50px; top: 4.31534px;\">\n<div class=\"gtx-trans-icon\"><\/div>\n<\/div>\n<\/div><\/section><\/div><div class=\"flex_column av_one_full  flex_column_div av-zero-column-padding first  avia-builder-el-4  el_after_av_one_full  el_before_av_hr  column-top-margin\" style='border-radius:0px; '><section class=\"av_textblock_section \"  itemscope=\"itemscope\" itemtype=\"https:\/\/schema.org\/BlogPosting\" itemprop=\"blogPost\" ><div class='avia_textblock  '   itemprop=\"text\" ><p style=\"font-weight: 400; text-align: justify;\">M\u00e1s de mil millones de pesos es la inversi\u00f3n de la nueva posta de Villa Cerro Castillo, establecimiento de salud rural que fue inaugurado este jueves y que cont\u00f3 con la presencia del Subsecretario de Redes Asistenciales, Dr. Osvaldo Salgado, autoridades regionales y la comunidad.<\/p>\n<p style=\"font-weight: 400; text-align: justify;\">Son 430 metros cuadrados que incluyen boxes de atenci\u00f3n, de procedimientos, salas multiprop\u00f3sito y de esterilizaci\u00f3n, que permitir\u00e1n atender la demanda de m\u00e1s de 600 personas de la localidad y alrededores.<\/p>\n<p style=\"font-weight: 400; text-align: justify;\">\u201cSon sentimientos muy agradables, porque felizmente tengo la buena suerte de haber vivido toda mi vida ac\u00e1 y conocido la primera posta y haber participado de su inauguraci\u00f3n y luego la segunda y ahora la tercera posta. Es emoci\u00f3n y alegr\u00eda, en la primera posta solo el caballo era la ambulancia, y tuve la suerte de haber sacado gente a caballo y tener esta preciosura es un logro, tanto para la comunidad y el pa\u00eds. Agradecer a las autoridades y al gobierno de turno por este logro precioso\u201d, subray\u00f3 Nibaldo Calder\u00f3n, antiguo vecino de la localidad.<\/p>\n<p style=\"font-weight: 400; text-align: justify;\">La infraestructura tambi\u00e9n cuenta con dos viviendas para profesionales, que consideran eficiencia energ\u00e9tica y aislaci\u00f3n t\u00e9rmica para los duros inviernos de la Patagonia.<\/p>\n<p style=\"font-weight: 400; text-align: justify;\">\u201cEs un proyecto muy anhelado por la comunidad, que se viene trabajando hace muchos a\u00f1os. El Presidente de la Rep\u00fablica puso la primera piedra hace poco m\u00e1s de un a\u00f1o y hoy est\u00e1 en operaciones para beneficio de la comunidad. Es un posta rural que tiene un dise\u00f1o y construcci\u00f3n de alto nivel, sus boxes de atenciones, salas de procedimientos son de primer nivel, nada que sea distinto a otros centros asistenciales en cualquier parte del pa\u00eds y estamos en un lugar extremadamente alejado. Adem\u00e1s, este proyecto incorpor\u00f3 dos viviendas para los funcionarios\u201d, se\u00f1al\u00f3 el Dr. Osvaldo Salgado, Subsecretario de Redes Asistenciales.<\/p>\n<p style=\"font-weight: 400; text-align: justify;\">Agreg\u00f3 asimismo que \u201cesto significa tambi\u00e9n dignidad para las personas y equidad, porque estamos poniendo a disposici\u00f3n de una comunidad que no es muy grande, pero que tiene los derechos de cualquier otra persona del pa\u00eds, a recibir una atenci\u00f3n de calidad y oportuna y que resuelva sus problemas\u201d, acot\u00f3.<\/p>\n<p style=\"font-weight: 400; text-align: justify;\">La obra fue financiada por el Gobierno Regional y su Consejo, en el marco del Plan de Desarrollo de Zonas Extremas (PEDZE). \u201cSabemos que, en nuestra regi\u00f3n, dada la geograf\u00eda y nuestra densidad poblacional, el servicio que prestan las postas de salud rural es tremendo, es necesario, es la primera respuesta en materia de salud que tiene la comunidad, por eso es importante contar con espacios dignos y amplios. Pudimos ver la implementaci\u00f3n que tiene que es de primera categor\u00eda, un alto est\u00e1ndar y nos sentimos orgullosos de entregar dignidad a las personas\u201d, agreg\u00f3 Andrea Mac\u00edas, Gobernadora de Ays\u00e9n.<\/p>\n<p style=\"font-weight: 400; text-align: justify;\">La autoridad regional valor\u00f3 el trabajo conjunto con el Servicio de Salud y los convenios de programaci\u00f3n que han permitido mejorar la infraestructura p\u00fablica de la Red Asistencial de Ays\u00e9n.<\/p>\n<p style=\"font-weight: 400; text-align: justify;\">\u201cLo m\u00e1s importante para destacar es que la Red Asistencial aqu\u00ed en nuestra regi\u00f3n, donde todos los establecimientos de salud dependen del Servicio de Salud Ays\u00e9n, por lo tanto, directamente del Ministerio y se ha logrado convocar la participaci\u00f3n de todos los actores regionales, alcaldes y gobierno regional\u201d, precis\u00f3 Rodrigo Araya, Delegado Presidencial Regional.<\/p>\n<p style=\"font-weight: 400; text-align: justify;\">Destac\u00f3 a su vez la suma de nuevos profesionales y equipos t\u00e9cnicos que permiten que la tecnolog\u00eda se incorpore a Salud. \u201cEste es un hito para la comunidad y los funcionarios, porque nos da equidad y dignidad para la poblaci\u00f3n, m\u00e1s dignidad para la poblaci\u00f3n, entonces muy contenta por este gran logro y es bonito saber que los bienes p\u00fablicos y los esfuerzos de los distintos sectores radiquen en esto, en algo visible y que deja tan contenta a las comunidades, porque era una necesidad\u201d, concluy\u00f3 Nadia Hern\u00e1ndez, directora (S) de la Direcci\u00f3n de Salud Rural.<\/p>\n<\/div><\/section><\/div><div  style='height:50px' class='hr hr-invisible   avia-builder-el-6  el_after_av_one_full  el_before_av_social_share '><span class='hr-inner ' ><span class='hr-inner-style'><\/span><\/span><\/div><\/p>\n<div  class='av-social-sharing-box  avia-builder-el-7  el_after_av_hr  el_before_av_hr  '><div class='av-share-box'><h5 class='av-share-link-description av-no-toc '>Compartir esta noticia<\/h5><ul class='av-share-box-list noLightbox'><li class='av-share-link av-social-link-facebook' ><a target=\"_blank\" aria-label=\"Compartir en Facebook\" href='https:\/\/www.facebook.com\/sharer.php?u=https:\/\/radiorevelacionfm.cl\/?p=44999&#038;t=Comunidad%20y%20autoridades%20inauguran%20nueva%20Posta%20de%20Salud%20Rural%20de%20Villa%20Cerro%20Castillo' aria-hidden='false' data-av_icon='\ue8f3' data-av_iconfont='entypo-fontello' title='' data-avia-related-tooltip='Compartir en Facebook' rel=\"noopener\"><span class='avia_hidden_link_text'>Compartir en Facebook<\/span><\/a><\/li><li class='av-share-link av-social-link-twitter' ><a target=\"_blank\" aria-label=\"Compartir en Twitter\" href='https:\/\/twitter.com\/share?text=Comunidad%20y%20autoridades%20inauguran%20nueva%20Posta%20de%20Salud%20Rural%20de%20Villa%20Cerro%20Castillo&#038;url=https:\/\/radiorevelacionfm.cl\/?p=44999' aria-hidden='false' data-av_icon='\ue8f1' data-av_iconfont='entypo-fontello' title='' data-avia-related-tooltip='Compartir en Twitter' rel=\"noopener\"><span class='avia_hidden_link_text'>Compartir en Twitter<\/span><\/a><\/li><li class='av-share-link av-social-link-whatsapp' ><a target=\"_blank\" aria-label=\"Compartir en Whatsapp\" href='https:\/\/api.whatsapp.com\/send?text=https:\/\/radiorevelacionfm.cl\/?p=44999' aria-hidden='false' data-av_icon='\uf232' data-av_iconfont='entypo-fontello' title='' data-avia-related-tooltip='Compartir en Whatsapp' rel=\"noopener\"><span class='avia_hidden_link_text'>Compartir en Whatsapp<\/span><\/a><\/li><li class='av-share-link av-social-link-linkedin' ><a target=\"_blank\" aria-label=\"Compartir en LinkedIn\" href='https:\/\/linkedin.com\/shareArticle?mini=true&#038;title=Comunidad%20y%20autoridades%20inauguran%20nueva%20Posta%20de%20Salud%20Rural%20de%20Villa%20Cerro%20Castillo&#038;url=https:\/\/radiorevelacionfm.cl\/?p=44999' aria-hidden='false' data-av_icon='\ue8fc' data-av_iconfont='entypo-fontello' title='' data-avia-related-tooltip='Compartir en LinkedIn' rel=\"noopener\"><span class='avia_hidden_link_text'>Compartir en LinkedIn<\/span><\/a><\/li><li class='av-share-link av-social-link-mail' ><a  aria-label=\"Compartir por correo\" href='mailto:?subject=Comunidad%20y%20autoridades%20inauguran%20nueva%20Posta%20de%20Salud%20Rural%20de%20Villa%20Cerro%20Castillo&#038;body=https:\/\/radiorevelacionfm.cl\/?p=44999' aria-hidden='false' data-av_icon='\ue805' data-av_iconfont='entypo-fontello' title='' data-avia-related-tooltip='Compartir por correo'><span class='avia_hidden_link_text'>Compartir por correo<\/span><\/a><\/li><\/ul><\/div><\/div>\n<div  style='height:50px' class='hr hr-invisible   avia-builder-el-8  el_after_av_social_share  el_before_av_comments_list '><span class='hr-inner ' ><span class='hr-inner-style'><\/span><\/span><\/div>\n<div  class='av-buildercomment  av-blog-meta-html-info-disabled av-blog-meta-tag-disabled  '><\/div>\n","protected":false},"excerpt":{"rendered":"","protected":false},"author":1,"featured_media":45000,"comment_status":"open","ping_status":"open","sticky":false,"template":"","format":"standard","meta":{"footnotes":""},"categories":[46],"tags":[],"class_list":["post-44999","post","type-post","status-publish","format-standard","has-post-thumbnail","hentry","category-salud"],"jetpack_featured_media_url":"https:\/\/radiorevelacionfm.cl\/wp-content\/uploads\/2024\/08\/INAUGURACION-POSTA-CASTILLO-2-1-1.jpeg","_links":{"self":[{"href":"https:\/\/radiorevelacionfm.cl\/index.php?rest_route=\/wp\/v2\/posts\/44999","targetHints":{"allow":["GET"]}}],"collection":[{"href":"https:\/\/radiorevelacionfm.cl\/index.php?rest_route=\/wp\/v2\/posts"}],"about":[{"href":"https:\/\/radiorevelacionfm.cl\/index.php?rest_route=\/wp\/v2\/types\/post"}],"author":[{"embeddable":true,"href":"https:\/\/radiorevelacionfm.cl\/index.php?rest_route=\/wp\/v2\/users\/1"}],"replies":[{"embeddable":true,"href":"https:\/\/radiorevelacionfm.cl\/index.php?rest_route=%2Fwp%2Fv2%2Fcomments&post=44999"}],"version-history":[{"count":1,"href":"https:\/\/radiorevelacionfm.cl\/index.php?rest_route=\/wp\/v2\/posts\/44999\/revisions"}],"predecessor-version":[{"id":45001,"href":"https:\/\/radiorevelacionfm.cl\/index.php?rest_route=\/wp\/v2\/posts\/44999\/revisions\/45001"}],"wp:featuredmedia":[{"embeddable":true,"href":"https:\/\/radiorevelacionfm.cl\/index.php?rest_route=\/wp\/v2\/media\/45000"}],"wp:attachment":[{"href":"https:\/\/radiorevelacionfm.cl\/index.php?rest_route=%2Fwp%2Fv2%2Fmedia&parent=44999"}],"wp:term":[{"taxonomy":"category","embeddable":true,"href":"https:\/\/radiorevelacionfm.cl\/index.php?rest_route=%2Fwp%2Fv2%2Fcategories&post=44999"},{"taxonomy":"post_tag","embeddable":true,"href":"https:\/\/radiorevelacionfm.cl\/index.php?rest_route=%2Fwp%2Fv2%2Ftags&post=44999"}],"curies":[{"name":"wp","href":"https:\/\/api.w.org\/{rel}","templated":true}]}}