{"id":44996,"date":"2024-08-08T18:41:50","date_gmt":"2024-08-08T21:41:50","guid":{"rendered":"https:\/\/radiorevelacionfm.cl\/?p=44996"},"modified":"2024-08-08T18:41:50","modified_gmt":"2024-08-08T21:41:50","slug":"aysen-patagonia-estara-presente-con-importante-pabellon-en-la-expo-turismo-comodoro-2024","status":"publish","type":"post","link":"https:\/\/radiorevelacionfm.cl\/?p=44996","title":{"rendered":"Ays\u00e9n Patagonia estar\u00e1 presente con importante pabell\u00f3n en la Expo Turismo Comodoro 2024"},"content":{"rendered":"<div class=\"flex_column av_one_full  flex_column_div av-zero-column-padding first  avia-builder-el-0  el_before_av_one_full  avia-builder-el-first  \" style='border-radius:0px; '><div  class='avia-image-container  av-styling-    avia-builder-el-1  avia-builder-el-no-sibling  avia-align-center '  itemprop=\"image\" itemscope=\"itemscope\" itemtype=\"https:\/\/schema.org\/ImageObject\"  ><div class='avia-image-container-inner'><div class='avia-image-overlay-wrap'><img decoding=\"async\" class='wp-image-44997 avia-img-lazy-loading-not-44997 avia_image' src=\"https:\/\/radiorevelacionfm.cl\/wp-content\/uploads\/2024\/08\/expo-comodoro-03-1_optimized.jpg\" alt='' title='expo-comodoro-03-(1)_optimized' height=\"600\" width=\"901\"  itemprop=\"thumbnailUrl\" srcset=\"https:\/\/radiorevelacionfm.cl\/wp-content\/uploads\/2024\/08\/expo-comodoro-03-1_optimized.jpg 901w, https:\/\/radiorevelacionfm.cl\/wp-content\/uploads\/2024\/08\/expo-comodoro-03-1_optimized-300x200.jpg 300w, https:\/\/radiorevelacionfm.cl\/wp-content\/uploads\/2024\/08\/expo-comodoro-03-1_optimized-768x511.jpg 768w, https:\/\/radiorevelacionfm.cl\/wp-content\/uploads\/2024\/08\/expo-comodoro-03-1_optimized-705x469.jpg 705w, https:\/\/radiorevelacionfm.cl\/wp-content\/uploads\/2024\/08\/expo-comodoro-03-1_optimized-450x300.jpg 450w, https:\/\/radiorevelacionfm.cl\/wp-content\/uploads\/2024\/08\/expo-comodoro-03-1_optimized-600x400.jpg 600w\" sizes=\"(max-width: 901px) 100vw, 901px\" \/><\/div><\/div><\/div><\/div><div class=\"flex_column av_one_full  flex_column_div av-zero-column-padding first  avia-builder-el-2  el_after_av_one_full  el_before_av_one_full  column-top-margin\" style='border-radius:0px; '><section class=\"av_textblock_section \"  itemscope=\"itemscope\" itemtype=\"https:\/\/schema.org\/BlogPosting\" itemprop=\"blogPost\" ><div class='avia_textblock  '   itemprop=\"text\" ><p style=\"text-align: center;\"><span style=\"font-size: 18pt;\"><strong>Ays\u00e9n Patagonia estar\u00e1 presente con importante pabell\u00f3n en la <\/strong><strong>Expo Turismo Comodoro 2024<\/strong><\/span><\/p>\n<div id=\"gtx-trans\" style=\"position: absolute; left: -50px; top: 4.31534px;\">\n<div class=\"gtx-trans-icon\"><\/div>\n<\/div>\n<\/div><\/section><\/div><div class=\"flex_column av_one_full  flex_column_div av-zero-column-padding first  avia-builder-el-4  el_after_av_one_full  el_before_av_hr  column-top-margin\" style='border-radius:0px; '><section class=\"av_textblock_section \"  itemscope=\"itemscope\" itemtype=\"https:\/\/schema.org\/BlogPosting\" itemprop=\"blogPost\" ><div class='avia_textblock  '   itemprop=\"text\" ><p style=\"text-align: justify;\"><em>Una destacada delegaci\u00f3n de la regi\u00f3n de Ays\u00e9n compuesta por empresarios, gremios y municipalidades, participar\u00e1 activamente en la Expo Turismo Comodoro 2024 con un pabell\u00f3n propio, consolidando la presencia chilena en el evento m\u00e1s importante del turismo patag\u00f3nico argentino.<\/em><\/p>\n<p style=\"text-align: justify;\">Ays\u00e9n Patagonia se prepara para hacer sentir su presencia en la Expo Turismo Comodoro 2024 \u00abAlma Patag\u00f3nica\u00bb, con una delegaci\u00f3n robusta liderada por el Servicio Nacional de Turismo (Sernatur) de la regi\u00f3n de Ays\u00e9n. El grupo estar\u00e1 compuesto por diez empresarios tur\u00edsticos, cuatro gremios y dos municipalidades, quienes se reunir\u00e1n en un stand denominado \u00abChile &#8211; Ays\u00e9n Patagonia\u00bb para promocionar los atractivos y servicios tur\u00edsticos de la regi\u00f3n, durante los d\u00edas 9 y 11 de agosto, en Comodoro Rivadavia, Argentina.<\/p>\n<p style=\"text-align: justify;\">Claudio Montecinos, director regional de Sernatur Ays\u00e9n, subray\u00f3 la importancia de esta participaci\u00f3n como parte de la estrategia anual de promoci\u00f3n tur\u00edstica: \u00abNuestra presencia en la Expo Turismo Comodoro es un paso clave para fortalecer las relaciones comerciales y de colaboraci\u00f3n con Comodoro Rivadavia, lo que esperamos se traduzca en un incremento significativo en el n\u00famero de visitantes a nuestra regi\u00f3n en las pr\u00f3ximas temporadas\u00bb.<\/p>\n<p style=\"text-align: justify;\">La delegaci\u00f3n tambi\u00e9n incluye a representantes de Pura Hotel, quienes llevar\u00e1n una propuesta centrada en experiencias acogedoras de alojamiento tur\u00edstico. Carolina Contador, su representante, expres\u00f3 su entusiasmo: \u00abEstamos muy contentos de participar en la feria, en Argentina. La invitaci\u00f3n que tuvimos de Comodoro es s\u00faper interesante, podremos\u00a0 ofrecer todo lo maravilloso que tiene esta regi\u00f3n, para que nuestros hermanos argentinos nos vengan a visitar y nos vaya bien a todos. Espero que una visita gratificante porque es important\u00edsimo que se desarrolle el turismo binacional\u00bb.<\/p>\n<p style=\"text-align: justify;\">Rodrigo Canales, miembro de la C\u00e1mara de Comercio, Servicios y Turismo de Coyhaique, destac\u00f3 el inter\u00e9s de la delegaci\u00f3n en generar acuerdos que beneficien a sus socios: \u00abQueremos formar lazos, discutir sobre el comercio y la gastronom\u00eda disponible en Coyhaique, y regresar con nuevos nexos, estar m\u00e1s coordinados en lo que se refiere a las fechas importantes, a los feriados, cuando ellos viajan para ac\u00e1, qu\u00e9 es lo que buscan. Y desde ese punto de vista, como C\u00e1mara de Comercio nos interesa tener un papel protag\u00f3nico en esas conversaciones\u00bb.<\/p>\n<p style=\"text-align: justify;\">Finalmente, el alcalde de la comuna de R\u00edo Ib\u00e1\u00f1ez, Juan Saldivia, destac\u00f3 la oportunidad que representa este evento para su comuna. \u00abEstamos muy agradecidos de poder participar en un stand gratuito que nos permitir\u00e1 dar a conocer los atractivos de R\u00edo Ib\u00e1\u00f1ez a nivel internacional durante este fin de semana en la Rep\u00fablica Argentina\u00bb.<\/p>\n<p style=\"text-align: justify;\">Ser\u00e1n parte de la Expo Comodoro 2024 el Hotel Posada del R\u00edo, Pura Hotel, Mate Che Tours, Varona Renta Car, Entre Cumbres Apart Hotel, Pared Sur, Errante en el Mundo, Caba\u00f1as Patagonia Ind\u00f3mita, Hotel Loyola, Terra Luna Lodge. En el caso de los gremios, integran la delegaci\u00f3n la C\u00e1mara de Comercio, Servicios y Turismo de Coyhaique, la C\u00e1mara de Turismo de Puerto Ays\u00e9n; Todos por el Turismo y Servitur Patagonia. Mientas los municipios que se sumaron a la delegaci\u00f3n son la Ilustre Municipalidad de Coyhaique y la Ilustre Municipalidad de R\u00edo Ib\u00e1\u00f1ez.<\/p>\n<p style=\"text-align: justify;\">El viernes 9 de agosto se dar\u00e1 inicio a la feria con una Rueda de Negocios, enfocada en los empresarios. A partir del s\u00e1bado 10 y hasta el domingo 11, las puertas de la Expo Turismo Comodoro se abrir\u00e1n al p\u00fablico general, permitiendo que tanto tour operadores nacionales e internacionales, como empresas tur\u00edsticas, autoridades y el p\u00fablico final, puedan conocer las propuestas y servicios que ofrecen las localidades del \u201cCorredor Tur\u00edstico de la Patagonia Central\u201d.<\/p>\n<p style=\"text-align: justify;\">Con una expectativa de 25,000 visitas durante los tres d\u00edas a la Expo Turismo Comodoro, se\u00a0 espera que la delegaci\u00f3n de Ays\u00e9n Patagonia logre posicionarse como un actor clave, generando nuevas oportunidades de negocio y fortaleciendo los lazos binacionales entre Argentina y Chile.<\/p>\n<\/div><\/section><\/div><div  style='height:50px' class='hr hr-invisible   avia-builder-el-6  el_after_av_one_full  el_before_av_social_share '><span class='hr-inner ' ><span class='hr-inner-style'><\/span><\/span><\/div><\/p>\n<div  class='av-social-sharing-box  avia-builder-el-7  el_after_av_hr  el_before_av_hr  '><div class='av-share-box'><h5 class='av-share-link-description av-no-toc '>Compartir esta noticia<\/h5><ul class='av-share-box-list noLightbox'><li class='av-share-link av-social-link-facebook' ><a target=\"_blank\" aria-label=\"Compartir en Facebook\" href='https:\/\/www.facebook.com\/sharer.php?u=https:\/\/radiorevelacionfm.cl\/?p=44996&#038;t=Ays%C3%A9n%20Patagonia%20estar%C3%A1%20presente%20con%20importante%20pabell%C3%B3n%20en%20la%20Expo%20Turismo%20Comodoro%202024' aria-hidden='false' data-av_icon='\ue8f3' data-av_iconfont='entypo-fontello' title='' data-avia-related-tooltip='Compartir en Facebook' rel=\"noopener\"><span class='avia_hidden_link_text'>Compartir en Facebook<\/span><\/a><\/li><li class='av-share-link av-social-link-twitter' ><a target=\"_blank\" aria-label=\"Compartir en Twitter\" href='https:\/\/twitter.com\/share?text=Ays%C3%A9n%20Patagonia%20estar%C3%A1%20presente%20con%20importante%20pabell%C3%B3n%20en%20la%20Expo%20Turismo%20Comodoro%202024&#038;url=https:\/\/radiorevelacionfm.cl\/?p=44996' aria-hidden='false' data-av_icon='\ue8f1' data-av_iconfont='entypo-fontello' title='' data-avia-related-tooltip='Compartir en Twitter' rel=\"noopener\"><span class='avia_hidden_link_text'>Compartir en Twitter<\/span><\/a><\/li><li class='av-share-link av-social-link-whatsapp' ><a target=\"_blank\" aria-label=\"Compartir en Whatsapp\" href='https:\/\/api.whatsapp.com\/send?text=https:\/\/radiorevelacionfm.cl\/?p=44996' aria-hidden='false' data-av_icon='\uf232' data-av_iconfont='entypo-fontello' title='' data-avia-related-tooltip='Compartir en Whatsapp' rel=\"noopener\"><span class='avia_hidden_link_text'>Compartir en Whatsapp<\/span><\/a><\/li><li class='av-share-link av-social-link-linkedin' ><a target=\"_blank\" aria-label=\"Compartir en LinkedIn\" href='https:\/\/linkedin.com\/shareArticle?mini=true&#038;title=Ays%C3%A9n%20Patagonia%20estar%C3%A1%20presente%20con%20importante%20pabell%C3%B3n%20en%20la%20Expo%20Turismo%20Comodoro%202024&#038;url=https:\/\/radiorevelacionfm.cl\/?p=44996' aria-hidden='false' data-av_icon='\ue8fc' data-av_iconfont='entypo-fontello' title='' data-avia-related-tooltip='Compartir en LinkedIn' rel=\"noopener\"><span class='avia_hidden_link_text'>Compartir en LinkedIn<\/span><\/a><\/li><li class='av-share-link av-social-link-mail' ><a  aria-label=\"Compartir por correo\" href='mailto:?subject=Ays%C3%A9n%20Patagonia%20estar%C3%A1%20presente%20con%20importante%20pabell%C3%B3n%20en%20la%20Expo%20Turismo%20Comodoro%202024&#038;body=https:\/\/radiorevelacionfm.cl\/?p=44996' aria-hidden='false' data-av_icon='\ue805' data-av_iconfont='entypo-fontello' title='' data-avia-related-tooltip='Compartir por correo'><span class='avia_hidden_link_text'>Compartir por correo<\/span><\/a><\/li><\/ul><\/div><\/div>\n<div  style='height:50px' class='hr hr-invisible   avia-builder-el-8  el_after_av_social_share  el_before_av_comments_list '><span class='hr-inner ' ><span class='hr-inner-style'><\/span><\/span><\/div>\n<div  class='av-buildercomment  av-blog-meta-html-info-disabled av-blog-meta-tag-disabled  '><\/div>\n","protected":false},"excerpt":{"rendered":"","protected":false},"author":1,"featured_media":44997,"comment_status":"open","ping_status":"open","sticky":false,"template":"","format":"standard","meta":{"footnotes":""},"categories":[54],"tags":[],"class_list":["post-44996","post","type-post","status-publish","format-standard","has-post-thumbnail","hentry","category-turismo"],"jetpack_featured_media_url":"https:\/\/radiorevelacionfm.cl\/wp-content\/uploads\/2024\/08\/expo-comodoro-03-1_optimized.jpg","_links":{"self":[{"href":"https:\/\/radiorevelacionfm.cl\/index.php?rest_route=\/wp\/v2\/posts\/44996","targetHints":{"allow":["GET"]}}],"collection":[{"href":"https:\/\/radiorevelacionfm.cl\/index.php?rest_route=\/wp\/v2\/posts"}],"about":[{"href":"https:\/\/radiorevelacionfm.cl\/index.php?rest_route=\/wp\/v2\/types\/post"}],"author":[{"embeddable":true,"href":"https:\/\/radiorevelacionfm.cl\/index.php?rest_route=\/wp\/v2\/users\/1"}],"replies":[{"embeddable":true,"href":"https:\/\/radiorevelacionfm.cl\/index.php?rest_route=%2Fwp%2Fv2%2Fcomments&post=44996"}],"version-history":[{"count":1,"href":"https:\/\/radiorevelacionfm.cl\/index.php?rest_route=\/wp\/v2\/posts\/44996\/revisions"}],"predecessor-version":[{"id":44998,"href":"https:\/\/radiorevelacionfm.cl\/index.php?rest_route=\/wp\/v2\/posts\/44996\/revisions\/44998"}],"wp:featuredmedia":[{"embeddable":true,"href":"https:\/\/radiorevelacionfm.cl\/index.php?rest_route=\/wp\/v2\/media\/44997"}],"wp:attachment":[{"href":"https:\/\/radiorevelacionfm.cl\/index.php?rest_route=%2Fwp%2Fv2%2Fmedia&parent=44996"}],"wp:term":[{"taxonomy":"category","embeddable":true,"href":"https:\/\/radiorevelacionfm.cl\/index.php?rest_route=%2Fwp%2Fv2%2Fcategories&post=44996"},{"taxonomy":"post_tag","embeddable":true,"href":"https:\/\/radiorevelacionfm.cl\/index.php?rest_route=%2Fwp%2Fv2%2Ftags&post=44996"}],"curies":[{"name":"wp","href":"https:\/\/api.w.org\/{rel}","templated":true}]}}