{"id":44993,"date":"2024-08-12T16:36:44","date_gmt":"2024-08-12T19:36:44","guid":{"rendered":"https:\/\/radiorevelacionfm.cl\/?p=44993"},"modified":"2024-08-12T16:36:44","modified_gmt":"2024-08-12T19:36:44","slug":"greenaysen-evento-de-turismo-sostenible-en-patagonia-contara-con-la-participacion-de-onu-turismo","status":"publish","type":"post","link":"https:\/\/radiorevelacionfm.cl\/?p=44993","title":{"rendered":"GreenAys\u00e9n: Evento de turismo sostenible en Patagonia contar\u00e1 con la participaci\u00f3n de ONU Turismo"},"content":{"rendered":"<div class=\"flex_column av_one_full  flex_column_div av-zero-column-padding first  avia-builder-el-0  el_before_av_one_full  avia-builder-el-first  \" style='border-radius:0px; '><div  class='avia-image-container  av-styling-    avia-builder-el-1  avia-builder-el-no-sibling  avia-align-center '  itemprop=\"image\" itemscope=\"itemscope\" itemtype=\"https:\/\/schema.org\/ImageObject\"  ><div class='avia-image-container-inner'><div class='avia-image-overlay-wrap'><img decoding=\"async\" class='wp-image-44994 avia-img-lazy-loading-not-44994 avia_image' src=\"https:\/\/radiorevelacionfm.cl\/wp-content\/uploads\/2024\/08\/credito_sernatur-1_optimized-1.jpg\" alt='' title='cr\u00e9dito_sernatur-(1)_optimized (1)' height=\"600\" width=\"900\"  itemprop=\"thumbnailUrl\" srcset=\"https:\/\/radiorevelacionfm.cl\/wp-content\/uploads\/2024\/08\/credito_sernatur-1_optimized-1.jpg 900w, https:\/\/radiorevelacionfm.cl\/wp-content\/uploads\/2024\/08\/credito_sernatur-1_optimized-1-300x200.jpg 300w, https:\/\/radiorevelacionfm.cl\/wp-content\/uploads\/2024\/08\/credito_sernatur-1_optimized-1-768x512.jpg 768w, https:\/\/radiorevelacionfm.cl\/wp-content\/uploads\/2024\/08\/credito_sernatur-1_optimized-1-705x470.jpg 705w, https:\/\/radiorevelacionfm.cl\/wp-content\/uploads\/2024\/08\/credito_sernatur-1_optimized-1-450x300.jpg 450w, https:\/\/radiorevelacionfm.cl\/wp-content\/uploads\/2024\/08\/credito_sernatur-1_optimized-1-600x400.jpg 600w\" sizes=\"(max-width: 900px) 100vw, 900px\" \/><\/div><\/div><\/div><\/div><div class=\"flex_column av_one_full  flex_column_div av-zero-column-padding first  avia-builder-el-2  el_after_av_one_full  el_before_av_one_full  column-top-margin\" style='border-radius:0px; '><section class=\"av_textblock_section \"  itemscope=\"itemscope\" itemtype=\"https:\/\/schema.org\/BlogPosting\" itemprop=\"blogPost\" ><div class='avia_textblock  '   itemprop=\"text\" ><p style=\"text-align: center;\"><strong><span style=\"font-size: 18pt;\">GreenAys\u00e9n: Evento de turismo sostenible en Patagonia contar\u00e1 con la participaci\u00f3n de ONU Turismo<\/span><\/strong><\/p>\n<div id=\"gtx-trans\" style=\"position: absolute; left: -50px; top: 4.31534px;\">\n<div class=\"gtx-trans-icon\"><\/div>\n<\/div>\n<\/div><\/section><\/div><div class=\"flex_column av_one_full  flex_column_div av-zero-column-padding first  avia-builder-el-4  el_after_av_one_full  el_before_av_hr  column-top-margin\" style='border-radius:0px; '><section class=\"av_textblock_section \"  itemscope=\"itemscope\" itemtype=\"https:\/\/schema.org\/BlogPosting\" itemprop=\"blogPost\" ><div class='avia_textblock  '   itemprop=\"text\" ><p style=\"text-align: justify;\"><i><span lang=\"es-419\">Este evento internacional, que se desarrollar\u00e1 del 5 al 6 de septiembre en las comunas de Coyhaique y R\u00edo Ib\u00e1\u00f1ez (Villa Cerro Castillo), buscar\u00e1 fortalecer la sostenibilidad en un territorio clave para el desarrollo tur\u00edstico en Chile.<\/span><\/i><\/p>\n<p class=\"v1MsoNormal\" style=\"text-align: justify;\"><span lang=\"es-419\">La Regi\u00f3n de Ays\u00e9n se prepara para recibir a grandes exponentes internacionales para abordar los desaf\u00edos de la sostenibilidad en el Summit \u201cGreenAys\u00e9n 2024\u201d, evento organizado por Esquerr\u00e9 Consultores con el apoyo de CORFO a trav\u00e9s de la l\u00ednea Viraliza Eventos y en colaboraci\u00f3n con la reconocida organizaci\u00f3n internacional Green Destinations. La cita se llevar\u00e1 a cabo del 5 al 6 de septiembre en las comunas de Coyhaique y R\u00edo Ib\u00e1\u00f1ez, y busca ser una plataforma para el intercambio de conocimientos y experiencias sobre turismo consciente.<\/span><\/p>\n<p class=\"v1MsoNormal\" style=\"text-align: justify;\"><span lang=\"es-419\">Una de las principales novedades es la participaci\u00f3n de Omar Vald\u00e9z, Director Ejecutivo de ONU Turismo Academy. Vald\u00e9z, conocido por su labor en la implementaci\u00f3n de programas educativos y de formaci\u00f3n en la Organizaci\u00f3n Mundial del Turismo, aportar\u00e1 su perspectiva global y su vasta experiencia en la promoci\u00f3n del turismo sostenible a nivel mundial. Su participaci\u00f3n es un testimonio del compromiso del evento con la excelencia y la innovaci\u00f3n en el sector.<\/span><\/p>\n<p class=\"v1MsoNormal\" style=\"text-align: justify;\"><span lang=\"es-419\">Seg\u00fan Paola N\u00fa\u00f1ez, Directora Ejecutiva de Esquerr\u00e9 Consultores, \u201cel evento reunir\u00e1 a conferencistas internacionales y nacionales, emprendedores y emprendedoras tur\u00edsticas, profesionales y acad\u00e9micos, abordando temas como casos de \u00e9xito en marketing verde, tecnolog\u00eda y gobernanza en \u00e1reas silvestres protegidas del Estado. Nuestro objetivo es fomentar la adaptaci\u00f3n de pr\u00e1cticas de desarrollo sostenible en el sector tur\u00edstico regional, considerando diferentes \u00e1mbitos de acci\u00f3n.\u201d Agreg\u00f3 tambi\u00e9n que el evento compensar\u00e1 la huella de carbono de los asistentes buscando estar en l\u00ednea con los desaf\u00edos que nos plantea la sostenibilidad.<\/span><\/p>\n<p class=\"v1MsoNormal\" style=\"text-align: justify;\"><span lang=\"es-419\">Corfo, a trav\u00e9s del programa Viraliza, juega un rol determinante en el apoyo a esta iniciativa. En palabras de Humberto Mar\u00edn Leiva, director de Corfo Ays\u00e9n, \u201cel compromiso de Corfo con el desarrollo sostenible se refleja en su apoyo a eventos como el Summit GreenAys\u00e9n 2024, donde buscamos promover pr\u00e1cticas de turismo responsable y sostenible que beneficien tanto al medio ambiente como a las comunidades locales.\u201d Este respaldo es fundamental para la concreci\u00f3n de esta iniciativa que busca posicionar a la Regi\u00f3n de Ays\u00e9n como un referente en turismo sostenible.<\/span><\/p>\n<p class=\"v1MsoNormal\" style=\"text-align: justify;\"><span lang=\"es-419\">Otras de las expositoras confirmadas son Beatriz Barreal de M\u00e9xico, fundadora de Riviera Maya Sostenible y coordinadora de M\u00e9xico y Centroam\u00e9rica del Good Travel Program de Green Destinations; y Ver\u00f3nica Zambrana de Bolivia, experta en turismo sostenible y desarrollo local, CEO de EcoVerde Mujeres Bolivia. A la cita tambi\u00e9n se sumar\u00e1n entidades nacionales como el Servicio Nacional de Turismo, el programa Transforma Turismo de Corfo y gremios l\u00edderes como FEDETUR, entre otros.<\/span><\/p>\n<p class=\"v1MsoNormal\" style=\"text-align: justify;\"><span lang=\"es-419\">Felipe Vera, Vicepresidente de Green Destinations, destaca que \u201cnuestra organizaci\u00f3n ha impulsado el desarrollo de un turismo responsable en m\u00e1s de 600 destinos de 90 pa\u00edses. Es un honor apoyar la realizaci\u00f3n de este evento en la Regi\u00f3n de Ays\u00e9n. Compartir buenas pr\u00e1cticas e historias inspiradoras nos permitir\u00e1 acelerar los esfuerzos necesarios en los \u00e1mbitos social, ambiental y econ\u00f3mico, y estamos seguros que Green Ays\u00e9n ser\u00e1 un evento clave para visibilizar las acciones que se llevan a cabo en esta maravillosa regi\u00f3n.\u201d<\/span><\/p>\n<p class=\"v1MsoNormal\" style=\"text-align: justify;\"><span lang=\"es-419\">Adem\u00e1s de conocer experiencias internacionales, los asistentes podr\u00e1n participar en talleres, cl\u00ednicas y sesiones de networking, abordando \u00e1reas cruciales para la industria, as\u00ed como en tours opcionales preparados para conectar con los temas del Summit a trav\u00e9s de la experiencia en terreno de un destino clave para el turismo en Chile.<\/span><\/p>\n<\/div><\/section><\/div><div  style='height:50px' class='hr hr-invisible   avia-builder-el-6  el_after_av_one_full  el_before_av_social_share '><span class='hr-inner ' ><span class='hr-inner-style'><\/span><\/span><\/div><\/p>\n<div  class='av-social-sharing-box  avia-builder-el-7  el_after_av_hr  el_before_av_hr  '><div class='av-share-box'><h5 class='av-share-link-description av-no-toc '>Compartir esta noticia<\/h5><ul class='av-share-box-list noLightbox'><li class='av-share-link av-social-link-facebook' ><a target=\"_blank\" aria-label=\"Compartir en Facebook\" href='https:\/\/www.facebook.com\/sharer.php?u=https:\/\/radiorevelacionfm.cl\/?p=44993&#038;t=GreenAys%C3%A9n%3A%20Evento%20de%20turismo%20sostenible%20en%20Patagonia%20contar%C3%A1%20con%20la%20participaci%C3%B3n%20de%20ONU%20Turismo' aria-hidden='false' data-av_icon='\ue8f3' data-av_iconfont='entypo-fontello' title='' data-avia-related-tooltip='Compartir en Facebook' rel=\"noopener\"><span class='avia_hidden_link_text'>Compartir en Facebook<\/span><\/a><\/li><li class='av-share-link av-social-link-twitter' ><a target=\"_blank\" aria-label=\"Compartir en Twitter\" href='https:\/\/twitter.com\/share?text=GreenAys%C3%A9n%3A%20Evento%20de%20turismo%20sostenible%20en%20Patagonia%20contar%C3%A1%20con%20la%20participaci%C3%B3n%20de%20ONU%20Turismo&#038;url=https:\/\/radiorevelacionfm.cl\/?p=44993' aria-hidden='false' data-av_icon='\ue8f1' data-av_iconfont='entypo-fontello' title='' data-avia-related-tooltip='Compartir en Twitter' rel=\"noopener\"><span class='avia_hidden_link_text'>Compartir en Twitter<\/span><\/a><\/li><li class='av-share-link av-social-link-whatsapp' ><a target=\"_blank\" aria-label=\"Compartir en Whatsapp\" href='https:\/\/api.whatsapp.com\/send?text=https:\/\/radiorevelacionfm.cl\/?p=44993' aria-hidden='false' data-av_icon='\uf232' data-av_iconfont='entypo-fontello' title='' data-avia-related-tooltip='Compartir en Whatsapp' rel=\"noopener\"><span class='avia_hidden_link_text'>Compartir en Whatsapp<\/span><\/a><\/li><li class='av-share-link av-social-link-linkedin' ><a target=\"_blank\" aria-label=\"Compartir en LinkedIn\" href='https:\/\/linkedin.com\/shareArticle?mini=true&#038;title=GreenAys%C3%A9n%3A%20Evento%20de%20turismo%20sostenible%20en%20Patagonia%20contar%C3%A1%20con%20la%20participaci%C3%B3n%20de%20ONU%20Turismo&#038;url=https:\/\/radiorevelacionfm.cl\/?p=44993' aria-hidden='false' data-av_icon='\ue8fc' data-av_iconfont='entypo-fontello' title='' data-avia-related-tooltip='Compartir en LinkedIn' rel=\"noopener\"><span class='avia_hidden_link_text'>Compartir en LinkedIn<\/span><\/a><\/li><li class='av-share-link av-social-link-mail' ><a  aria-label=\"Compartir por correo\" href='mailto:?subject=GreenAys%C3%A9n%3A%20Evento%20de%20turismo%20sostenible%20en%20Patagonia%20contar%C3%A1%20con%20la%20participaci%C3%B3n%20de%20ONU%20Turismo&#038;body=https:\/\/radiorevelacionfm.cl\/?p=44993' aria-hidden='false' data-av_icon='\ue805' data-av_iconfont='entypo-fontello' title='' data-avia-related-tooltip='Compartir por correo'><span class='avia_hidden_link_text'>Compartir por correo<\/span><\/a><\/li><\/ul><\/div><\/div>\n<div  style='height:50px' class='hr hr-invisible   avia-builder-el-8  el_after_av_social_share  el_before_av_comments_list '><span class='hr-inner ' ><span class='hr-inner-style'><\/span><\/span><\/div>\n<div  class='av-buildercomment  av-blog-meta-html-info-disabled av-blog-meta-tag-disabled  '><\/div>\n","protected":false},"excerpt":{"rendered":"","protected":false},"author":1,"featured_media":44994,"comment_status":"open","ping_status":"open","sticky":false,"template":"","format":"standard","meta":{"footnotes":""},"categories":[54],"tags":[],"class_list":["post-44993","post","type-post","status-publish","format-standard","has-post-thumbnail","hentry","category-turismo"],"jetpack_featured_media_url":"https:\/\/radiorevelacionfm.cl\/wp-content\/uploads\/2024\/08\/credito_sernatur-1_optimized-1.jpg","_links":{"self":[{"href":"https:\/\/radiorevelacionfm.cl\/index.php?rest_route=\/wp\/v2\/posts\/44993","targetHints":{"allow":["GET"]}}],"collection":[{"href":"https:\/\/radiorevelacionfm.cl\/index.php?rest_route=\/wp\/v2\/posts"}],"about":[{"href":"https:\/\/radiorevelacionfm.cl\/index.php?rest_route=\/wp\/v2\/types\/post"}],"author":[{"embeddable":true,"href":"https:\/\/radiorevelacionfm.cl\/index.php?rest_route=\/wp\/v2\/users\/1"}],"replies":[{"embeddable":true,"href":"https:\/\/radiorevelacionfm.cl\/index.php?rest_route=%2Fwp%2Fv2%2Fcomments&post=44993"}],"version-history":[{"count":1,"href":"https:\/\/radiorevelacionfm.cl\/index.php?rest_route=\/wp\/v2\/posts\/44993\/revisions"}],"predecessor-version":[{"id":44995,"href":"https:\/\/radiorevelacionfm.cl\/index.php?rest_route=\/wp\/v2\/posts\/44993\/revisions\/44995"}],"wp:featuredmedia":[{"embeddable":true,"href":"https:\/\/radiorevelacionfm.cl\/index.php?rest_route=\/wp\/v2\/media\/44994"}],"wp:attachment":[{"href":"https:\/\/radiorevelacionfm.cl\/index.php?rest_route=%2Fwp%2Fv2%2Fmedia&parent=44993"}],"wp:term":[{"taxonomy":"category","embeddable":true,"href":"https:\/\/radiorevelacionfm.cl\/index.php?rest_route=%2Fwp%2Fv2%2Fcategories&post=44993"},{"taxonomy":"post_tag","embeddable":true,"href":"https:\/\/radiorevelacionfm.cl\/index.php?rest_route=%2Fwp%2Fv2%2Ftags&post=44993"}],"curies":[{"name":"wp","href":"https:\/\/api.w.org\/{rel}","templated":true}]}}