{"id":44990,"date":"2024-08-09T11:19:19","date_gmt":"2024-08-09T14:19:19","guid":{"rendered":"https:\/\/radiorevelacionfm.cl\/?p=44990"},"modified":"2024-08-09T11:19:19","modified_gmt":"2024-08-09T14:19:19","slug":"lanzan-campana-elpoderdecuidar-que-busca-incentivar-la-inscripcion-de-familias-de-acogida-para-ninos-ninas-y-adolescentes-en-la-region","status":"publish","type":"post","link":"https:\/\/radiorevelacionfm.cl\/?p=44990","title":{"rendered":"Lanzan campa\u00f1a #ElPoderDeCuidar que busca incentivar la inscripci\u00f3n de Familias de Acogida para ni\u00f1os, ni\u00f1as y adolescentes en la regi\u00f3n"},"content":{"rendered":"<div class=\"flex_column av_one_full  flex_column_div av-zero-column-padding first  avia-builder-el-0  el_before_av_one_full  avia-builder-el-first  \" style='border-radius:0px; '><div  class='avia-image-container  av-styling-    avia-builder-el-1  avia-builder-el-no-sibling  avia-align-center '  itemprop=\"image\" itemscope=\"itemscope\" itemtype=\"https:\/\/schema.org\/ImageObject\"  ><div class='avia-image-container-inner'><div class='avia-image-overlay-wrap'><img decoding=\"async\" class='wp-image-44991 avia-img-lazy-loading-not-44991 avia_image' src=\"https:\/\/radiorevelacionfm.cl\/wp-content\/uploads\/2024\/08\/prensa-2-1-1_optimized-1.jpg\" alt='' title='prensa-2-(1)-(1)_optimized (1)' height=\"800\" width=\"799\"  itemprop=\"thumbnailUrl\" srcset=\"https:\/\/radiorevelacionfm.cl\/wp-content\/uploads\/2024\/08\/prensa-2-1-1_optimized-1.jpg 799w, https:\/\/radiorevelacionfm.cl\/wp-content\/uploads\/2024\/08\/prensa-2-1-1_optimized-1-300x300.jpg 300w, https:\/\/radiorevelacionfm.cl\/wp-content\/uploads\/2024\/08\/prensa-2-1-1_optimized-1-80x80.jpg 80w, https:\/\/radiorevelacionfm.cl\/wp-content\/uploads\/2024\/08\/prensa-2-1-1_optimized-1-768x769.jpg 768w, https:\/\/radiorevelacionfm.cl\/wp-content\/uploads\/2024\/08\/prensa-2-1-1_optimized-1-36x36.jpg 36w, https:\/\/radiorevelacionfm.cl\/wp-content\/uploads\/2024\/08\/prensa-2-1-1_optimized-1-180x180.jpg 180w, https:\/\/radiorevelacionfm.cl\/wp-content\/uploads\/2024\/08\/prensa-2-1-1_optimized-1-705x705.jpg 705w, https:\/\/radiorevelacionfm.cl\/wp-content\/uploads\/2024\/08\/prensa-2-1-1_optimized-1-120x120.jpg 120w, https:\/\/radiorevelacionfm.cl\/wp-content\/uploads\/2024\/08\/prensa-2-1-1_optimized-1-450x451.jpg 450w, https:\/\/radiorevelacionfm.cl\/wp-content\/uploads\/2024\/08\/prensa-2-1-1_optimized-1-600x601.jpg 600w, https:\/\/radiorevelacionfm.cl\/wp-content\/uploads\/2024\/08\/prensa-2-1-1_optimized-1-100x100.jpg 100w\" sizes=\"(max-width: 799px) 100vw, 799px\" \/><\/div><\/div><\/div><\/div><div class=\"flex_column av_one_full  flex_column_div av-zero-column-padding first  avia-builder-el-2  el_after_av_one_full  el_before_av_one_full  column-top-margin\" style='border-radius:0px; '><section class=\"av_textblock_section \"  itemscope=\"itemscope\" itemtype=\"https:\/\/schema.org\/BlogPosting\" itemprop=\"blogPost\" ><div class='avia_textblock  '   itemprop=\"text\" ><p style=\"text-align: center;\"><strong><span style=\"font-size: 18pt;\">Lanzan campa\u00f1a #ElPoderDeCuidar que busca incentivar la inscripci\u00f3n de Familias de Acogida para ni\u00f1os, ni\u00f1as y adolescentes en la regi\u00f3n<\/span><\/strong><\/p>\n<div id=\"gtx-trans\" style=\"position: absolute; left: -50px; top: 4.31534px;\">\n<div class=\"gtx-trans-icon\"><\/div>\n<\/div>\n<\/div><\/section><\/div><div class=\"flex_column av_one_full  flex_column_div av-zero-column-padding first  avia-builder-el-4  el_after_av_one_full  el_before_av_hr  column-top-margin\" style='border-radius:0px; '><section class=\"av_textblock_section \"  itemscope=\"itemscope\" itemtype=\"https:\/\/schema.org\/BlogPosting\" itemprop=\"blogPost\" ><div class='avia_textblock  '   itemprop=\"text\" ><p style=\"text-align: justify;\">En la oficina del Servicio de Protecci\u00f3n Especializada a la Ni\u00f1ez y Adolescencia de Ays\u00e9n la Secretaria Regional Ministerial de Desarrollo Social y Familia, Karina Acevedo Auad, junto al director regional del organismo, Javier Rodr\u00edguez Soto, invitaron a la comunidad a inscribirse e informarse sobre el programa Familias de Acogida (FAE).<\/p>\n<p style=\"text-align: justify;\">La seremi hizo un sentido llamado a las familias aiseninas, independiente de su composici\u00f3n, a que puedan recibir y acompa\u00f1ar a un ni\u00f1o, ni\u00f1a o adolescente que ha sido separado temporalmente de sus progenitores por orden de un tribunal. El prop\u00f3sito es abrir las puertas de sus casas por un tiempo limitado y as\u00ed cambiar la vida de alguien cuyos derechos fueron vulnerados gravemente.<\/p>\n<p style=\"text-align: justify;\">La secretaria regional aclar\u00f3 que este \u201cprograma es diferente a la adopci\u00f3n por cuanto se trata de un acogimiento transitorio que puede ser desde un par de meses como un par de a\u00f1os. Lo anterior no conlleva necesariamente, que una familia que proteja y entregue calor humano en forma transitoria, deba posteriormente adoptarlo o adoptarla.\u201d<\/p>\n<p style=\"text-align: justify;\">\u201cLo que si es necesario e importante recalcar es que para que un ni\u00f1o, ni\u00f1a o adolescente pueda contenerse y fortalecer su desarrollo requiere el cari\u00f1o, requiere sentir protecci\u00f3n, requiere un espacio donde pueda ser contenido y eso lo encuentran en una familia\u201d, complement\u00f3 Karina Acevedo Auad.<\/p>\n<p style=\"text-align: justify;\">Para el director regional del Servicio de Protecci\u00f3n Especializada a la Ni\u00f1ez y Adolescencia la orientaci\u00f3n es \u201csiempre volver y reconstituir los lazos que fueron maltratados o da\u00f1ados por las familias de origen. Nuestra misi\u00f3n es restituir, reparar y acompa\u00f1ar, a trav\u00e9s de diversos programas implementados en Ays\u00e9n, los derechos de ellos y ellas\u201d.<\/p>\n<p style=\"text-align: justify;\">Javier Rodr\u00edguez recalc\u00f3 que tal como lo releva la campa\u00f1a nacional en los medios de comunicaci\u00f3n \u201cno es necesario estar casado o tener hijos para ser familia de acogida. Cerca del 40% de estas son personas solteras y alrededor del 25% tiene menos de 40 a\u00f1os\u201d.<\/p>\n<p style=\"text-align: justify;\">En la actividad las autoridades y la prensa pudieron conocer el testimonio de Mar\u00eda Jos\u00e9 Haro, vecina de Puerto Ays\u00e9n quien cumpli\u00f3 con todos los requisitos y espera que en cualquier momento le indiquen cu\u00e1ndo recibir\u00e1 al ni\u00f1o o ni\u00f1a que acoger\u00e1 junto a sus dos hijas biol\u00f3gicas.<\/p>\n<p style=\"text-align: justify;\">La psicopedagoga de profesi\u00f3n se\u00f1al\u00f3 que los requisitos para transformarse en familia de acogida son muy simples y \u201csiempre fueron bien explicados, todo muy tranquilo, nunca hubo presi\u00f3n, todo al tenor de lo que uno pueda hacer y siempre fui bien acompa\u00f1ada por los profesionales del programa FAE Ays\u00e9n\u201d.<\/p>\n<p style=\"text-align: justify;\">La actual encargada de Convivencia Escolar de la escuela Almirante Simpson de Puerto Chacabuco se contact\u00f3 remotamente durante la jornada en donde comparti\u00f3 sus impresiones que la llevaron a tomar esta decisi\u00f3n.<\/p>\n<p style=\"text-align: justify;\">\u201cSiempre me ha gustado ayudar a los ni\u00f1os o trabajar con ni\u00f1as y adolescentes. En la escuela eso es muy potente y pens\u00e9 que pod\u00eda hacer algo m\u00e1s. Entrego aqu\u00ed educaci\u00f3n, pero puedo entregar algo m\u00e1s desde mi hogar.\u201d<\/p>\n<p style=\"text-align: justify;\">Mar\u00eda Jos\u00e9 se sincer\u00f3 al manifestar que \u201cabrir las puertas a un desconocido es s\u00faper complicado. Pienso en un ni\u00f1o fr\u00e1gil que necesita apoyo y yo puedo brind\u00e1rselo, sin embargo, siento mucho miedo y tengo sentimientos encontrados, como entre miedo y esperanzas, pero quiero hacerlo. Siento que esto va a hacer un tremendo paso para m\u00ed y mis hijas. Una recarga de energ\u00edas y, como digo, si puedo ayudar a alguien m\u00e1s, bienvenido sea.<\/p>\n<p style=\"text-align: justify;\">En nuestro pa\u00eds m\u00e1s de 9.400 ni\u00f1os y ni\u00f1as se encuentran al cuidado de familias de acogida, de los cuales el 53% son mujeres y m\u00e1s de 2 mil tienen menos de tres a\u00f1os.<\/p>\n<p style=\"text-align: justify;\">En la regi\u00f3n cerca de 30 de ellos y ellas son acogidos en diversas localidades por familias de Puyuhuapi, Cisnes, Chile Chico como as\u00ed tambi\u00e9n de Coyhaique, Puerto Ays\u00e9n y Cochrane.<\/p>\n<p style=\"text-align: justify;\">Precisamente una de las asistentes al encuentro fue Mar\u00eda Cristina S\u00e1nchez, directora del programa FAE Ays\u00e9n quien encabeza un equipo multiprofesional encargado de captar, evaluar y capacitar a quienes deseen responder satisfactoriamente a los desaf\u00edos que implica el cuidado transitorio y sumarse a la campa\u00f1a #ElPoderDeCuidar.<\/p>\n<p style=\"text-align: justify;\">Cada persona interesada pasa por un proceso de informaci\u00f3n, evaluaci\u00f3n y acompa\u00f1amiento antes de iniciar el acogimiento. Para obtener m\u00e1s informaci\u00f3n solo hay que ingresar a <a href=\"http:\/\/www.servicioproteccion.gob.cl\">www.servicioproteccion.gob.cl<\/a>.<\/p>\n<\/div><\/section><\/div><div  style='height:50px' class='hr hr-invisible   avia-builder-el-6  el_after_av_one_full  el_before_av_social_share '><span class='hr-inner ' ><span class='hr-inner-style'><\/span><\/span><\/div><\/p>\n<div  class='av-social-sharing-box  avia-builder-el-7  el_after_av_hr  el_before_av_hr  '><div class='av-share-box'><h5 class='av-share-link-description av-no-toc '>Compartir esta noticia<\/h5><ul class='av-share-box-list noLightbox'><li class='av-share-link av-social-link-facebook' ><a target=\"_blank\" aria-label=\"Compartir en Facebook\" href='https:\/\/www.facebook.com\/sharer.php?u=https:\/\/radiorevelacionfm.cl\/?p=44990&#038;t=Lanzan%20campa%C3%B1a%20%23ElPoderDeCuidar%20que%20busca%20incentivar%20la%20inscripci%C3%B3n%20de%20Familias%20de%20Acogida%20para%20ni%C3%B1os%2C%20ni%C3%B1as%20y%20adolescentes%20en%20la%20regi%C3%B3n' aria-hidden='false' data-av_icon='\ue8f3' data-av_iconfont='entypo-fontello' title='' data-avia-related-tooltip='Compartir en Facebook' rel=\"noopener\"><span class='avia_hidden_link_text'>Compartir en Facebook<\/span><\/a><\/li><li class='av-share-link av-social-link-twitter' ><a target=\"_blank\" aria-label=\"Compartir en Twitter\" href='https:\/\/twitter.com\/share?text=Lanzan%20campa%C3%B1a%20%23ElPoderDeCuidar%20que%20busca%20incentivar%20la%20inscripci%C3%B3n%20de%20Familias%20de%20Acogida%20para%20ni%C3%B1os%2C%20ni%C3%B1as%20y%20adolescentes%20en%20la%20regi%C3%B3n&#038;url=https:\/\/radiorevelacionfm.cl\/?p=44990' aria-hidden='false' data-av_icon='\ue8f1' data-av_iconfont='entypo-fontello' title='' data-avia-related-tooltip='Compartir en Twitter' rel=\"noopener\"><span class='avia_hidden_link_text'>Compartir en Twitter<\/span><\/a><\/li><li class='av-share-link av-social-link-whatsapp' ><a target=\"_blank\" aria-label=\"Compartir en Whatsapp\" href='https:\/\/api.whatsapp.com\/send?text=https:\/\/radiorevelacionfm.cl\/?p=44990' aria-hidden='false' data-av_icon='\uf232' data-av_iconfont='entypo-fontello' title='' data-avia-related-tooltip='Compartir en Whatsapp' rel=\"noopener\"><span class='avia_hidden_link_text'>Compartir en Whatsapp<\/span><\/a><\/li><li class='av-share-link av-social-link-linkedin' ><a target=\"_blank\" aria-label=\"Compartir en LinkedIn\" href='https:\/\/linkedin.com\/shareArticle?mini=true&#038;title=Lanzan%20campa%C3%B1a%20%23ElPoderDeCuidar%20que%20busca%20incentivar%20la%20inscripci%C3%B3n%20de%20Familias%20de%20Acogida%20para%20ni%C3%B1os%2C%20ni%C3%B1as%20y%20adolescentes%20en%20la%20regi%C3%B3n&#038;url=https:\/\/radiorevelacionfm.cl\/?p=44990' aria-hidden='false' data-av_icon='\ue8fc' data-av_iconfont='entypo-fontello' title='' data-avia-related-tooltip='Compartir en LinkedIn' rel=\"noopener\"><span class='avia_hidden_link_text'>Compartir en LinkedIn<\/span><\/a><\/li><li class='av-share-link av-social-link-mail' ><a  aria-label=\"Compartir por correo\" href='mailto:?subject=Lanzan%20campa%C3%B1a%20%23ElPoderDeCuidar%20que%20busca%20incentivar%20la%20inscripci%C3%B3n%20de%20Familias%20de%20Acogida%20para%20ni%C3%B1os%2C%20ni%C3%B1as%20y%20adolescentes%20en%20la%20regi%C3%B3n&#038;body=https:\/\/radiorevelacionfm.cl\/?p=44990' aria-hidden='false' data-av_icon='\ue805' data-av_iconfont='entypo-fontello' title='' data-avia-related-tooltip='Compartir por correo'><span class='avia_hidden_link_text'>Compartir por correo<\/span><\/a><\/li><\/ul><\/div><\/div>\n<div  style='height:50px' class='hr hr-invisible   avia-builder-el-8  el_after_av_social_share  el_before_av_comments_list '><span class='hr-inner ' ><span class='hr-inner-style'><\/span><\/span><\/div>\n<div  class='av-buildercomment  av-blog-meta-html-info-disabled av-blog-meta-tag-disabled  '><\/div>\n","protected":false},"excerpt":{"rendered":"","protected":false},"author":1,"featured_media":44991,"comment_status":"open","ping_status":"open","sticky":false,"template":"","format":"standard","meta":{"footnotes":""},"categories":[38],"tags":[],"class_list":["post-44990","post","type-post","status-publish","format-standard","has-post-thumbnail","hentry","category-regional"],"jetpack_featured_media_url":"https:\/\/radiorevelacionfm.cl\/wp-content\/uploads\/2024\/08\/prensa-2-1-1_optimized-1.jpg","_links":{"self":[{"href":"https:\/\/radiorevelacionfm.cl\/index.php?rest_route=\/wp\/v2\/posts\/44990","targetHints":{"allow":["GET"]}}],"collection":[{"href":"https:\/\/radiorevelacionfm.cl\/index.php?rest_route=\/wp\/v2\/posts"}],"about":[{"href":"https:\/\/radiorevelacionfm.cl\/index.php?rest_route=\/wp\/v2\/types\/post"}],"author":[{"embeddable":true,"href":"https:\/\/radiorevelacionfm.cl\/index.php?rest_route=\/wp\/v2\/users\/1"}],"replies":[{"embeddable":true,"href":"https:\/\/radiorevelacionfm.cl\/index.php?rest_route=%2Fwp%2Fv2%2Fcomments&post=44990"}],"version-history":[{"count":1,"href":"https:\/\/radiorevelacionfm.cl\/index.php?rest_route=\/wp\/v2\/posts\/44990\/revisions"}],"predecessor-version":[{"id":44992,"href":"https:\/\/radiorevelacionfm.cl\/index.php?rest_route=\/wp\/v2\/posts\/44990\/revisions\/44992"}],"wp:featuredmedia":[{"embeddable":true,"href":"https:\/\/radiorevelacionfm.cl\/index.php?rest_route=\/wp\/v2\/media\/44991"}],"wp:attachment":[{"href":"https:\/\/radiorevelacionfm.cl\/index.php?rest_route=%2Fwp%2Fv2%2Fmedia&parent=44990"}],"wp:term":[{"taxonomy":"category","embeddable":true,"href":"https:\/\/radiorevelacionfm.cl\/index.php?rest_route=%2Fwp%2Fv2%2Fcategories&post=44990"},{"taxonomy":"post_tag","embeddable":true,"href":"https:\/\/radiorevelacionfm.cl\/index.php?rest_route=%2Fwp%2Fv2%2Ftags&post=44990"}],"curies":[{"name":"wp","href":"https:\/\/api.w.org\/{rel}","templated":true}]}}