{"id":44985,"date":"2024-08-08T22:38:12","date_gmt":"2024-08-09T01:38:12","guid":{"rendered":"https:\/\/radiorevelacionfm.cl\/?p=44985"},"modified":"2024-08-08T22:38:12","modified_gmt":"2024-08-09T01:38:12","slug":"sandoval-insiste-en-urgencia-de-resolver-falta-de-becas-patagonia","status":"publish","type":"post","link":"https:\/\/radiorevelacionfm.cl\/?p=44985","title":{"rendered":"Sandoval insiste en urgencia de resolver falta de becas Patagonia"},"content":{"rendered":"<div class=\"flex_column av_one_full  flex_column_div av-zero-column-padding first  avia-builder-el-0  el_before_av_one_full  avia-builder-el-first  \" style='border-radius:0px; '><div  class='avia-image-container  av-styling-    avia-builder-el-1  avia-builder-el-no-sibling  avia-align-center '  itemprop=\"image\" itemscope=\"itemscope\" itemtype=\"https:\/\/schema.org\/ImageObject\"  ><div class='avia-image-container-inner'><div class='avia-image-overlay-wrap'><img decoding=\"async\" class='wp-image-44986 avia-img-lazy-loading-not-44986 avia_image' src=\"https:\/\/radiorevelacionfm.cl\/wp-content\/uploads\/2024\/08\/senador-junto-a-ministros-1_optimized.jpg\" alt='' title='senador-junto-a-ministros-(1)_optimized' height=\"600\" width=\"900\"  itemprop=\"thumbnailUrl\" srcset=\"https:\/\/radiorevelacionfm.cl\/wp-content\/uploads\/2024\/08\/senador-junto-a-ministros-1_optimized.jpg 900w, https:\/\/radiorevelacionfm.cl\/wp-content\/uploads\/2024\/08\/senador-junto-a-ministros-1_optimized-300x200.jpg 300w, https:\/\/radiorevelacionfm.cl\/wp-content\/uploads\/2024\/08\/senador-junto-a-ministros-1_optimized-768x512.jpg 768w, https:\/\/radiorevelacionfm.cl\/wp-content\/uploads\/2024\/08\/senador-junto-a-ministros-1_optimized-705x470.jpg 705w, https:\/\/radiorevelacionfm.cl\/wp-content\/uploads\/2024\/08\/senador-junto-a-ministros-1_optimized-450x300.jpg 450w, https:\/\/radiorevelacionfm.cl\/wp-content\/uploads\/2024\/08\/senador-junto-a-ministros-1_optimized-600x400.jpg 600w\" sizes=\"(max-width: 900px) 100vw, 900px\" \/><\/div><\/div><\/div><\/div><div class=\"flex_column av_one_full  flex_column_div av-zero-column-padding first  avia-builder-el-2  el_after_av_one_full  el_before_av_one_full  column-top-margin\" style='border-radius:0px; '><section class=\"av_textblock_section \"  itemscope=\"itemscope\" itemtype=\"https:\/\/schema.org\/BlogPosting\" itemprop=\"blogPost\" ><div class='avia_textblock  '   itemprop=\"text\" ><p style=\"text-align: center;\"><span style=\"font-size: 18pt;\"><strong>Sandoval insiste en urgencia de resolver falta de becas Patagonia<\/strong><\/span><\/p>\n<div id=\"gtx-trans\" style=\"position: absolute; left: -50px; top: 4.31534px;\">\n<div class=\"gtx-trans-icon\"><\/div>\n<\/div>\n<\/div><\/section><\/div><div class=\"flex_column av_one_full  flex_column_div av-zero-column-padding first  avia-builder-el-4  el_after_av_one_full  el_before_av_hr  column-top-margin\" style='border-radius:0px; '><section class=\"av_textblock_section \"  itemscope=\"itemscope\" itemtype=\"https:\/\/schema.org\/BlogPosting\" itemprop=\"blogPost\" ><div class='avia_textblock  '   itemprop=\"text\" ><p style=\"text-align: justify;\"><em>T<\/em><em>ema lo reiter\u00f3 esta semana a ministros de Educaci\u00f3n, Nicol\u00e1s Cataldo, y de la Secretar\u00eda General de la Presidencia, \u00c1lvaro Elizalde<\/em><\/p>\n<p style=\"text-align: justify;\">\u201cLa regi\u00f3n de Ays\u00e9n es un territorio alejado y aislado\u201d. As\u00ed lo expres\u00f3 el senador David Sandoval al momento de referirse a la demanda de Becas Patagonia en la regi\u00f3n, en momentos en que se terminaba de zanjar en la sala del Senado el proyecto que incluye a la provincia de Chilo\u00e9 en un programa especial de becas.<\/p>\n<p style=\"text-align: justify;\">Sandoval insisti\u00f3 en la urgencia de resolver este problema que afecta a 279 j\u00f3venes y sus familias en la regi\u00f3n, instando a los ministros de Educaci\u00f3n Nicol\u00e1s Cataldo, y de la secretar\u00eda General de la Presidencia, \u00c1lvaro Elizalde, a apurar los tr\u00e1mites que permitan liberar los recursos en la direcci\u00f3n de Presupuestos (DIPRES). \u201cChilo\u00e9 est\u00e1 al lado de Puerto Montt y lo m\u00e1s probable que los j\u00f3venes que all\u00ed estudian, muchos salen en la ma\u00f1ana y regresan en las noches a sus casas. En el caso nuestro, los j\u00f3venes se vienen en marzo y ya no regresan a la regi\u00f3n hasta las vacaciones de invierno\u201d, se\u00f1al\u00f3.<\/p>\n<p style=\"text-align: justify;\">En esa l\u00ednea, el parlamentario record\u00f3 que, en la \u00faltima reuni\u00f3n de la comisi\u00f3n de Educaci\u00f3n de la C\u00e1mara Alta, \u201cse concord\u00f3 que el ministerio se hac\u00eda cargo del problema con los casi 280 j\u00f3venes y se comprometi\u00f3 el ministro en remitir a la brevedad posible, las exigencias para que la direcci\u00f3n de presupuesto acelere esta tramitaci\u00f3n y as\u00ed ampliar el n\u00famero de beneficiados\u201d.<\/p>\n<p style=\"text-align: justify;\">Por eso, durante el debate en la sala reiter\u00f3 en su petici\u00f3n para que se termine por responder ante esta demanda. \u201cEsta es una beca que beneficia a una regi\u00f3n aislada con enormes dificultades\u201d, subray\u00f3.<\/p>\n<p style=\"text-align: justify;\">De paso, el legislador la actual situaci\u00f3n por la que atraviesan la Universidad de Ays\u00e9n, con un administrador provisional, y la Universidad Austral de Chile (UACH) con un plan de recuperaci\u00f3n. \u201cEsa es la crisis que tenemos y estas becas son fundamentales para los estudiantes que estudian fuera de la regi\u00f3n\u201d, concluy\u00f3.<\/p>\n<\/div><\/section><\/div><div  style='height:50px' class='hr hr-invisible   avia-builder-el-6  el_after_av_one_full  el_before_av_social_share '><span class='hr-inner ' ><span class='hr-inner-style'><\/span><\/span><\/div><\/p>\n<div  class='av-social-sharing-box  avia-builder-el-7  el_after_av_hr  el_before_av_hr  '><div class='av-share-box'><h5 class='av-share-link-description av-no-toc '>Compartir esta noticia<\/h5><ul class='av-share-box-list noLightbox'><li class='av-share-link av-social-link-facebook' ><a target=\"_blank\" aria-label=\"Compartir en Facebook\" href='https:\/\/www.facebook.com\/sharer.php?u=https:\/\/radiorevelacionfm.cl\/?p=44985&#038;t=Sandoval%20insiste%20en%20urgencia%20de%20resolver%20falta%20de%20becas%20Patagonia' aria-hidden='false' data-av_icon='\ue8f3' data-av_iconfont='entypo-fontello' title='' data-avia-related-tooltip='Compartir en Facebook' rel=\"noopener\"><span class='avia_hidden_link_text'>Compartir en Facebook<\/span><\/a><\/li><li class='av-share-link av-social-link-twitter' ><a target=\"_blank\" aria-label=\"Compartir en Twitter\" href='https:\/\/twitter.com\/share?text=Sandoval%20insiste%20en%20urgencia%20de%20resolver%20falta%20de%20becas%20Patagonia&#038;url=https:\/\/radiorevelacionfm.cl\/?p=44985' aria-hidden='false' data-av_icon='\ue8f1' data-av_iconfont='entypo-fontello' title='' data-avia-related-tooltip='Compartir en Twitter' rel=\"noopener\"><span class='avia_hidden_link_text'>Compartir en Twitter<\/span><\/a><\/li><li class='av-share-link av-social-link-whatsapp' ><a target=\"_blank\" aria-label=\"Compartir en Whatsapp\" href='https:\/\/api.whatsapp.com\/send?text=https:\/\/radiorevelacionfm.cl\/?p=44985' aria-hidden='false' data-av_icon='\uf232' data-av_iconfont='entypo-fontello' title='' data-avia-related-tooltip='Compartir en Whatsapp' rel=\"noopener\"><span class='avia_hidden_link_text'>Compartir en Whatsapp<\/span><\/a><\/li><li class='av-share-link av-social-link-linkedin' ><a target=\"_blank\" aria-label=\"Compartir en LinkedIn\" href='https:\/\/linkedin.com\/shareArticle?mini=true&#038;title=Sandoval%20insiste%20en%20urgencia%20de%20resolver%20falta%20de%20becas%20Patagonia&#038;url=https:\/\/radiorevelacionfm.cl\/?p=44985' aria-hidden='false' data-av_icon='\ue8fc' data-av_iconfont='entypo-fontello' title='' data-avia-related-tooltip='Compartir en LinkedIn' rel=\"noopener\"><span class='avia_hidden_link_text'>Compartir en LinkedIn<\/span><\/a><\/li><li class='av-share-link av-social-link-mail' ><a  aria-label=\"Compartir por correo\" href='mailto:?subject=Sandoval%20insiste%20en%20urgencia%20de%20resolver%20falta%20de%20becas%20Patagonia&#038;body=https:\/\/radiorevelacionfm.cl\/?p=44985' aria-hidden='false' data-av_icon='\ue805' data-av_iconfont='entypo-fontello' title='' data-avia-related-tooltip='Compartir por correo'><span class='avia_hidden_link_text'>Compartir por correo<\/span><\/a><\/li><\/ul><\/div><\/div>\n<div  style='height:50px' class='hr hr-invisible   avia-builder-el-8  el_after_av_social_share  el_before_av_comments_list '><span class='hr-inner ' ><span class='hr-inner-style'><\/span><\/span><\/div>\n<div  class='av-buildercomment  av-blog-meta-html-info-disabled av-blog-meta-tag-disabled  '><\/div>\n","protected":false},"excerpt":{"rendered":"","protected":false},"author":1,"featured_media":44986,"comment_status":"open","ping_status":"open","sticky":false,"template":"","format":"standard","meta":{"footnotes":""},"categories":[35],"tags":[],"class_list":["post-44985","post","type-post","status-publish","format-standard","has-post-thumbnail","hentry","category-politica"],"jetpack_featured_media_url":"https:\/\/radiorevelacionfm.cl\/wp-content\/uploads\/2024\/08\/senador-junto-a-ministros-1_optimized.jpg","_links":{"self":[{"href":"https:\/\/radiorevelacionfm.cl\/index.php?rest_route=\/wp\/v2\/posts\/44985","targetHints":{"allow":["GET"]}}],"collection":[{"href":"https:\/\/radiorevelacionfm.cl\/index.php?rest_route=\/wp\/v2\/posts"}],"about":[{"href":"https:\/\/radiorevelacionfm.cl\/index.php?rest_route=\/wp\/v2\/types\/post"}],"author":[{"embeddable":true,"href":"https:\/\/radiorevelacionfm.cl\/index.php?rest_route=\/wp\/v2\/users\/1"}],"replies":[{"embeddable":true,"href":"https:\/\/radiorevelacionfm.cl\/index.php?rest_route=%2Fwp%2Fv2%2Fcomments&post=44985"}],"version-history":[{"count":1,"href":"https:\/\/radiorevelacionfm.cl\/index.php?rest_route=\/wp\/v2\/posts\/44985\/revisions"}],"predecessor-version":[{"id":44987,"href":"https:\/\/radiorevelacionfm.cl\/index.php?rest_route=\/wp\/v2\/posts\/44985\/revisions\/44987"}],"wp:featuredmedia":[{"embeddable":true,"href":"https:\/\/radiorevelacionfm.cl\/index.php?rest_route=\/wp\/v2\/media\/44986"}],"wp:attachment":[{"href":"https:\/\/radiorevelacionfm.cl\/index.php?rest_route=%2Fwp%2Fv2%2Fmedia&parent=44985"}],"wp:term":[{"taxonomy":"category","embeddable":true,"href":"https:\/\/radiorevelacionfm.cl\/index.php?rest_route=%2Fwp%2Fv2%2Fcategories&post=44985"},{"taxonomy":"post_tag","embeddable":true,"href":"https:\/\/radiorevelacionfm.cl\/index.php?rest_route=%2Fwp%2Fv2%2Ftags&post=44985"}],"curies":[{"name":"wp","href":"https:\/\/api.w.org\/{rel}","templated":true}]}}