{"id":44982,"date":"2024-08-09T11:54:41","date_gmt":"2024-08-09T14:54:41","guid":{"rendered":"https:\/\/radiorevelacionfm.cl\/?p=44982"},"modified":"2024-08-09T11:54:41","modified_gmt":"2024-08-09T14:54:41","slug":"jovenes-rurales-emprendedores-de-aysen-fortalecen-su-futuro-con-el-programa-de-desarrollo-de-inversiones-indap","status":"publish","type":"post","link":"https:\/\/radiorevelacionfm.cl\/?p=44982","title":{"rendered":"J\u00f3venes rurales emprendedores de Ays\u00e9n fortalecen su futuro con el Programa de Desarrollo de Inversiones INDAP"},"content":{"rendered":"<div class=\"flex_column av_one_full  flex_column_div av-zero-column-padding first  avia-builder-el-0  el_before_av_one_full  avia-builder-el-first  \" style='border-radius:0px; '><div  class='avia-image-container  av-styling-    avia-builder-el-1  avia-builder-el-no-sibling  avia-align-center '  itemprop=\"image\" itemscope=\"itemscope\" itemtype=\"https:\/\/schema.org\/ImageObject\"  ><div class='avia-image-container-inner'><div class='avia-image-overlay-wrap'><img decoding=\"async\" class='wp-image-44983 avia-img-lazy-loading-not-44983 avia_image' src=\"https:\/\/radiorevelacionfm.cl\/wp-content\/uploads\/2024\/08\/FOTOGRAFIA-PROYECTO-PDI-GALLINERO-MOVIL-1-1.jpeg\" alt='' title='FOTOGRAFIA PROYECTO PDI GALLINERO MOVIL (1) (1)' height=\"600\" width=\"1019\"  itemprop=\"thumbnailUrl\" srcset=\"https:\/\/radiorevelacionfm.cl\/wp-content\/uploads\/2024\/08\/FOTOGRAFIA-PROYECTO-PDI-GALLINERO-MOVIL-1-1.jpeg 1019w, https:\/\/radiorevelacionfm.cl\/wp-content\/uploads\/2024\/08\/FOTOGRAFIA-PROYECTO-PDI-GALLINERO-MOVIL-1-1-300x177.jpeg 300w, https:\/\/radiorevelacionfm.cl\/wp-content\/uploads\/2024\/08\/FOTOGRAFIA-PROYECTO-PDI-GALLINERO-MOVIL-1-1-768x452.jpeg 768w, https:\/\/radiorevelacionfm.cl\/wp-content\/uploads\/2024\/08\/FOTOGRAFIA-PROYECTO-PDI-GALLINERO-MOVIL-1-1-705x415.jpeg 705w, https:\/\/radiorevelacionfm.cl\/wp-content\/uploads\/2024\/08\/FOTOGRAFIA-PROYECTO-PDI-GALLINERO-MOVIL-1-1-450x265.jpeg 450w, https:\/\/radiorevelacionfm.cl\/wp-content\/uploads\/2024\/08\/FOTOGRAFIA-PROYECTO-PDI-GALLINERO-MOVIL-1-1-600x353.jpeg 600w\" sizes=\"(max-width: 1019px) 100vw, 1019px\" \/><\/div><\/div><\/div><\/div><div class=\"flex_column av_one_full  flex_column_div av-zero-column-padding first  avia-builder-el-2  el_after_av_one_full  el_before_av_one_full  column-top-margin\" style='border-radius:0px; '><section class=\"av_textblock_section \"  itemscope=\"itemscope\" itemtype=\"https:\/\/schema.org\/BlogPosting\" itemprop=\"blogPost\" ><div class='avia_textblock  '   itemprop=\"text\" ><p style=\"text-align: center;\"><strong><span style=\"font-size: 18pt;\">J\u00f3venes rurales emprendedores de Ays\u00e9n fortalecen su futuro con el Programa de Desarrollo de Inversiones INDAP<\/span><\/strong><\/p>\n<div id=\"gtx-trans\" style=\"position: absolute; left: -50px; top: 4.31534px;\">\n<div class=\"gtx-trans-icon\"><\/div>\n<\/div>\n<\/div><\/section><\/div><div class=\"flex_column av_one_full  flex_column_div av-zero-column-padding first  avia-builder-el-4  el_after_av_one_full  el_before_av_hr  column-top-margin\" style='border-radius:0px; '><section class=\"av_textblock_section \"  itemscope=\"itemscope\" itemtype=\"https:\/\/schema.org\/BlogPosting\" itemprop=\"blogPost\" ><div class='avia_textblock  '   itemprop=\"text\" ><p style=\"text-align: justify;\">En un acto que subraya el compromiso de INDAP con el apoyo a la juventud rural, se realiz\u00f3 la entrega de recursos del Programa de Desarrollo de Inversiones (PDI) en la regi\u00f3n de Ays\u00e9n. Esta iniciativa, enfocada en financiar proyectos de emprendimiento sustentable para j\u00f3venes, impulsa proyectos que integran la innovaci\u00f3n y la sostenibilidad en el \u00e1mbito agr\u00edcola.<\/p>\n<p style=\"text-align: justify;\">El llamado especial del PDI para j\u00f3venes sustentables en Ays\u00e9n, autorizado por la Direcci\u00f3n Nacional de INDAP del Ministerio de Agricultura, permiti\u00f3 la asignaci\u00f3n de recursos a 17 beneficiarios, quienes presentaron propuestas innovadoras que promueven la producci\u00f3n sustentable. \u201cEstas inversiones no solo fortalecen las capacidades productivas de nuestros j\u00f3venes, sino que tambi\u00e9n aseguran un desarrollo rural sostenible, alineado con el desaf\u00edo que nuestra juventud pueda continuar viviendo en el campo, sin tener que migrar a la ciudad,\u201d destac\u00f3 la directora regional, Yessica Lagos C\u00e1rdenas.<\/p>\n<p style=\"text-align: justify;\">Entre los proyectos destacados, se encuentran el gallinero m\u00f3vil de Paulina Hopperdietzel en Puyuhuapi, dise\u00f1ado para producir huevos de calidad bajo un sistema de gallinas felices, utilizando pasturas naturales y regenerando la pradera con las heces de las aves. Adem\u00e1s, el proyecto buscar\u00e1 aprovechar subproductos de la industria cervecera como alimento para las aves o fertilizante, integrando pr\u00e1cticas sustentables. Al respecto, Paulina se\u00f1al\u00f3, \u201cla iniciativa ha sido buena, tanto por la ayuda econ\u00f3mica que se entrega y la asesor\u00eda del consultor que ve mi proyecto, ya que va de la mano con informaci\u00f3n real e innovadora, ya que reci\u00e9n en nuestra zona se est\u00e1 viendo el tema de los gallineros m\u00f3viles\u201d.<\/p>\n<p style=\"text-align: justify;\">Tambi\u00e9n destaca la construcci\u00f3n de un gallinero con t\u00faneles m\u00f3viles de Gabriel Pe\u00f1a, que busca integrar el control biol\u00f3gico y la reutilizaci\u00f3n de materiales; y la infraestructura tur\u00edstica de Sebasti\u00e1n Saldivia en Mall\u00edn Grande, que mejorar\u00e1 la oferta de servicios gastron\u00f3micos con un enfoque en la sostenibilidad y la valorizaci\u00f3n de recursos locales.<\/p>\n<p style=\"text-align: justify;\">El Programa de Desarrollo de Inversiones para j\u00f3venes en Ays\u00e9n refuerza el compromiso de INDAP con el territorio, al apoyar proyectos que no solo generan beneficios econ\u00f3micos, sino que tambi\u00e9n contribuyen a la conservaci\u00f3n del medio ambiente y al desarrollo sostenible del mundo rural. Esta adjudicaci\u00f3n busca fomentar una agricultura familiar campesina resiliente, garantizando la sostenibilidad y la permanencia de las nuevas generaciones en el mundo rural.<\/p>\n<\/div><\/section><\/div><div  style='height:50px' class='hr hr-invisible   avia-builder-el-6  el_after_av_one_full  el_before_av_social_share '><span class='hr-inner ' ><span class='hr-inner-style'><\/span><\/span><\/div><\/p>\n<div  class='av-social-sharing-box  avia-builder-el-7  el_after_av_hr  el_before_av_hr  '><div class='av-share-box'><h5 class='av-share-link-description av-no-toc '>Compartir esta noticia<\/h5><ul class='av-share-box-list noLightbox'><li class='av-share-link av-social-link-facebook' ><a target=\"_blank\" aria-label=\"Compartir en Facebook\" href='https:\/\/www.facebook.com\/sharer.php?u=https:\/\/radiorevelacionfm.cl\/?p=44982&#038;t=J%C3%B3venes%20rurales%20emprendedores%20de%20Ays%C3%A9n%20fortalecen%20su%20futuro%20con%20el%20Programa%20de%20Desarrollo%20de%20Inversiones%20INDAP' aria-hidden='false' data-av_icon='\ue8f3' data-av_iconfont='entypo-fontello' title='' data-avia-related-tooltip='Compartir en Facebook' rel=\"noopener\"><span class='avia_hidden_link_text'>Compartir en Facebook<\/span><\/a><\/li><li class='av-share-link av-social-link-twitter' ><a target=\"_blank\" aria-label=\"Compartir en Twitter\" href='https:\/\/twitter.com\/share?text=J%C3%B3venes%20rurales%20emprendedores%20de%20Ays%C3%A9n%20fortalecen%20su%20futuro%20con%20el%20Programa%20de%20Desarrollo%20de%20Inversiones%20INDAP&#038;url=https:\/\/radiorevelacionfm.cl\/?p=44982' aria-hidden='false' data-av_icon='\ue8f1' data-av_iconfont='entypo-fontello' title='' data-avia-related-tooltip='Compartir en Twitter' rel=\"noopener\"><span class='avia_hidden_link_text'>Compartir en Twitter<\/span><\/a><\/li><li class='av-share-link av-social-link-whatsapp' ><a target=\"_blank\" aria-label=\"Compartir en Whatsapp\" href='https:\/\/api.whatsapp.com\/send?text=https:\/\/radiorevelacionfm.cl\/?p=44982' aria-hidden='false' data-av_icon='\uf232' data-av_iconfont='entypo-fontello' title='' data-avia-related-tooltip='Compartir en Whatsapp' rel=\"noopener\"><span class='avia_hidden_link_text'>Compartir en Whatsapp<\/span><\/a><\/li><li class='av-share-link av-social-link-linkedin' ><a target=\"_blank\" aria-label=\"Compartir en LinkedIn\" href='https:\/\/linkedin.com\/shareArticle?mini=true&#038;title=J%C3%B3venes%20rurales%20emprendedores%20de%20Ays%C3%A9n%20fortalecen%20su%20futuro%20con%20el%20Programa%20de%20Desarrollo%20de%20Inversiones%20INDAP&#038;url=https:\/\/radiorevelacionfm.cl\/?p=44982' aria-hidden='false' data-av_icon='\ue8fc' data-av_iconfont='entypo-fontello' title='' data-avia-related-tooltip='Compartir en LinkedIn' rel=\"noopener\"><span class='avia_hidden_link_text'>Compartir en LinkedIn<\/span><\/a><\/li><li class='av-share-link av-social-link-mail' ><a  aria-label=\"Compartir por correo\" href='mailto:?subject=J%C3%B3venes%20rurales%20emprendedores%20de%20Ays%C3%A9n%20fortalecen%20su%20futuro%20con%20el%20Programa%20de%20Desarrollo%20de%20Inversiones%20INDAP&#038;body=https:\/\/radiorevelacionfm.cl\/?p=44982' aria-hidden='false' data-av_icon='\ue805' data-av_iconfont='entypo-fontello' title='' data-avia-related-tooltip='Compartir por correo'><span class='avia_hidden_link_text'>Compartir por correo<\/span><\/a><\/li><\/ul><\/div><\/div>\n<div  style='height:50px' class='hr hr-invisible   avia-builder-el-8  el_after_av_social_share  el_before_av_comments_list '><span class='hr-inner ' ><span class='hr-inner-style'><\/span><\/span><\/div>\n<div  class='av-buildercomment  av-blog-meta-html-info-disabled av-blog-meta-tag-disabled  '><\/div>\n","protected":false},"excerpt":{"rendered":"","protected":false},"author":1,"featured_media":44983,"comment_status":"open","ping_status":"open","sticky":false,"template":"","format":"standard","meta":{"footnotes":""},"categories":[38],"tags":[],"class_list":["post-44982","post","type-post","status-publish","format-standard","has-post-thumbnail","hentry","category-regional"],"jetpack_featured_media_url":"https:\/\/radiorevelacionfm.cl\/wp-content\/uploads\/2024\/08\/FOTOGRAFIA-PROYECTO-PDI-GALLINERO-MOVIL-1-1.jpeg","_links":{"self":[{"href":"https:\/\/radiorevelacionfm.cl\/index.php?rest_route=\/wp\/v2\/posts\/44982","targetHints":{"allow":["GET"]}}],"collection":[{"href":"https:\/\/radiorevelacionfm.cl\/index.php?rest_route=\/wp\/v2\/posts"}],"about":[{"href":"https:\/\/radiorevelacionfm.cl\/index.php?rest_route=\/wp\/v2\/types\/post"}],"author":[{"embeddable":true,"href":"https:\/\/radiorevelacionfm.cl\/index.php?rest_route=\/wp\/v2\/users\/1"}],"replies":[{"embeddable":true,"href":"https:\/\/radiorevelacionfm.cl\/index.php?rest_route=%2Fwp%2Fv2%2Fcomments&post=44982"}],"version-history":[{"count":1,"href":"https:\/\/radiorevelacionfm.cl\/index.php?rest_route=\/wp\/v2\/posts\/44982\/revisions"}],"predecessor-version":[{"id":44984,"href":"https:\/\/radiorevelacionfm.cl\/index.php?rest_route=\/wp\/v2\/posts\/44982\/revisions\/44984"}],"wp:featuredmedia":[{"embeddable":true,"href":"https:\/\/radiorevelacionfm.cl\/index.php?rest_route=\/wp\/v2\/media\/44983"}],"wp:attachment":[{"href":"https:\/\/radiorevelacionfm.cl\/index.php?rest_route=%2Fwp%2Fv2%2Fmedia&parent=44982"}],"wp:term":[{"taxonomy":"category","embeddable":true,"href":"https:\/\/radiorevelacionfm.cl\/index.php?rest_route=%2Fwp%2Fv2%2Fcategories&post=44982"},{"taxonomy":"post_tag","embeddable":true,"href":"https:\/\/radiorevelacionfm.cl\/index.php?rest_route=%2Fwp%2Fv2%2Ftags&post=44982"}],"curies":[{"name":"wp","href":"https:\/\/api.w.org\/{rel}","templated":true}]}}