{"id":4498,"date":"2021-05-25T14:48:38","date_gmt":"2021-05-25T17:48:38","guid":{"rendered":"https:\/\/radiorevelacionfm.cl\/?p=4498"},"modified":"2021-05-25T14:48:38","modified_gmt":"2021-05-25T17:48:38","slug":"gobernador-de-aysen-hace-un-llamado-a-cuidarse-en-esta-proxima-cuarentena-total","status":"publish","type":"post","link":"https:\/\/radiorevelacionfm.cl\/?p=4498","title":{"rendered":"Gobernador de Ays\u00e9n hace un llamado a cuidarse en esta pr\u00f3xima Cuarentena Total"},"content":{"rendered":"<div class=\"flex_column av_one_full  flex_column_div av-zero-column-padding first  avia-builder-el-0  el_before_av_one_full  avia-builder-el-first  \" style='border-radius:0px; '><div  class='avia-image-container  av-styling-    avia-builder-el-1  avia-builder-el-no-sibling  avia-align-center '  itemprop=\"image\" itemscope=\"itemscope\" itemtype=\"https:\/\/schema.org\/ImageObject\"  ><div class='avia-image-container-inner'><div class='avia-image-overlay-wrap'><img decoding=\"async\" class='wp-image-4499 avia-img-lazy-loading-not-4499 avia_image' src=\"https:\/\/radiorevelacionfm.cl\/wp-content\/uploads\/2021\/05\/AysenC1-1-1.jpg\" alt='' title='AysenC1 (1) (1)' height=\"600\" width=\"927\"  itemprop=\"thumbnailUrl\" srcset=\"https:\/\/radiorevelacionfm.cl\/wp-content\/uploads\/2021\/05\/AysenC1-1-1.jpg 927w, https:\/\/radiorevelacionfm.cl\/wp-content\/uploads\/2021\/05\/AysenC1-1-1-300x194.jpg 300w, https:\/\/radiorevelacionfm.cl\/wp-content\/uploads\/2021\/05\/AysenC1-1-1-768x497.jpg 768w, https:\/\/radiorevelacionfm.cl\/wp-content\/uploads\/2021\/05\/AysenC1-1-1-705x456.jpg 705w, https:\/\/radiorevelacionfm.cl\/wp-content\/uploads\/2021\/05\/AysenC1-1-1-600x388.jpg 600w\" sizes=\"(max-width: 927px) 100vw, 927px\" \/><\/div><\/div><\/div><\/div><div class=\"flex_column av_one_full  flex_column_div av-zero-column-padding first  avia-builder-el-2  el_after_av_one_full  el_before_av_one_full  column-top-margin\" style='border-radius:0px; '><section class=\"av_textblock_section \"  itemscope=\"itemscope\" itemtype=\"https:\/\/schema.org\/BlogPosting\" itemprop=\"blogPost\" ><div class='avia_textblock  '   itemprop=\"text\" ><p style=\"text-align: center;\"><strong><span style=\"font-size: 18pt;\">Gobernador de Ays\u00e9n hace un llamado a cuidarse en esta pr\u00f3xima Cuarentena Total<\/span><\/strong><\/p>\n<div id=\"gtx-trans\" style=\"position: absolute; left: -50px; top: 4.31534px;\">\n<div class=\"gtx-trans-icon\"><\/div>\n<\/div>\n<\/div><\/section><\/div><div class=\"flex_column av_one_full  flex_column_div av-zero-column-padding first  avia-builder-el-4  el_after_av_one_full  el_before_av_hr  column-top-margin\" style='border-radius:0px; '><section class=\"av_textblock_section \"  itemscope=\"itemscope\" itemtype=\"https:\/\/schema.org\/BlogPosting\" itemprop=\"blogPost\" ><div class='avia_textblock  '   itemprop=\"text\" ><p style=\"text-align: justify;\">Desde este jueves a las 05 de la madrugada la comuna de Ays\u00e9n retrocede a Fase 1 del Plan Paso a Paso (se espera publicaci\u00f3n en Diario Oficial para detallar localidades).<\/p>\n<p style=\"text-align: justify;\">Debido al aumento de contagios del Covid-19 en la comuna las autoridades del Ministerio de Salud este lunes en su reporte habitual anunciaron esta medida de confinamiento total para Ays\u00e9n, tal como ocurriera a comienzos de este a\u00f1o. Por esta raz\u00f3n el Gobernador de Ays\u00e9n Manuel Ortiz lament\u00f3 este retroceso que viviremos nuevamente a contar del pr\u00f3ximo d\u00eda jueves 27 de mayo \u201clamentablemente lleg\u00f3 esta etapa que cuesta tanto vivirla porque hay una serie de trabajadores, actividades de distinto tipo que se ven tremendamente afectadas producto de esta fase 1 que en definitiva es un confinamiento total de la poblaci\u00f3n, de todas maneras si hay una persona que necesite permisos correspondientes para alimentaci\u00f3n de ganado, trabajo hort\u00edcola, transporte de le\u00f1a, limpieza de ca\u00f1os, cuidado del adulto mayor, todas esas medidas esenciales que fueron autorizadas el 13 de enero la vamos a tener que replicar y para ello lo canalizamos en la gobernaci\u00f3n para que sean retirados en Carabineros, lamentablemente no hay modificaciones en eso\u201d.<\/p>\n<p style=\"text-align: justify;\">La autoridad provincial aprovech\u00f3 la ocasi\u00f3n para hacer un llamado a la comunidad a vacunarse contra el Covid-19 \u201cnecesitamos que nuestra gente se vacune, necesitamos abarcar el m\u00e1ximo grupo etario posible que pueda recibir la dosis correspondiente para que podamos lograr la inmunidad de reba\u00f1o que tanto necesitamos m\u00e1s a\u00fan hoy d\u00eda para poder iniciar un proceso de recuperaci\u00f3n y de restauraci\u00f3n de tantos derechos como son los derechos a desplazamientos y la \u00fanica forma es que t\u00fa te vacunes\u201d.<\/p>\n<\/div><\/section><\/div><div  style='height:50px' class='hr hr-invisible   avia-builder-el-6  el_after_av_one_full  el_before_av_social_share '><span class='hr-inner ' ><span class='hr-inner-style'><\/span><\/span><\/div><\/p>\n<div  class='av-social-sharing-box  avia-builder-el-7  el_after_av_hr  el_before_av_hr  '><div class='av-share-box'><h5 class='av-share-link-description av-no-toc '>Compartir esta noticia<\/h5><ul class='av-share-box-list noLightbox'><li class='av-share-link av-social-link-facebook' ><a target=\"_blank\" aria-label=\"Compartir en Facebook\" href='https:\/\/www.facebook.com\/sharer.php?u=https:\/\/radiorevelacionfm.cl\/?p=4498&#038;t=Gobernador%20de%20Ays%C3%A9n%20hace%20un%20llamado%20a%20cuidarse%20en%20esta%20pr%C3%B3xima%20Cuarentena%20Total' aria-hidden='false' data-av_icon='\ue8f3' data-av_iconfont='entypo-fontello' title='' data-avia-related-tooltip='Compartir en Facebook' rel=\"noopener\"><span class='avia_hidden_link_text'>Compartir en Facebook<\/span><\/a><\/li><li class='av-share-link av-social-link-twitter' ><a target=\"_blank\" aria-label=\"Compartir en Twitter\" href='https:\/\/twitter.com\/share?text=Gobernador%20de%20Ays%C3%A9n%20hace%20un%20llamado%20a%20cuidarse%20en%20esta%20pr%C3%B3xima%20Cuarentena%20Total&#038;url=https:\/\/radiorevelacionfm.cl\/?p=4498' aria-hidden='false' data-av_icon='\ue8f1' data-av_iconfont='entypo-fontello' title='' data-avia-related-tooltip='Compartir en Twitter' rel=\"noopener\"><span class='avia_hidden_link_text'>Compartir en Twitter<\/span><\/a><\/li><li class='av-share-link av-social-link-whatsapp' ><a target=\"_blank\" aria-label=\"Compartir en Whatsapp\" href='https:\/\/api.whatsapp.com\/send?text=https:\/\/radiorevelacionfm.cl\/?p=4498' aria-hidden='false' data-av_icon='\uf232' data-av_iconfont='entypo-fontello' title='' data-avia-related-tooltip='Compartir en Whatsapp' rel=\"noopener\"><span class='avia_hidden_link_text'>Compartir en Whatsapp<\/span><\/a><\/li><li class='av-share-link av-social-link-linkedin' ><a target=\"_blank\" aria-label=\"Compartir en LinkedIn\" href='https:\/\/linkedin.com\/shareArticle?mini=true&#038;title=Gobernador%20de%20Ays%C3%A9n%20hace%20un%20llamado%20a%20cuidarse%20en%20esta%20pr%C3%B3xima%20Cuarentena%20Total&#038;url=https:\/\/radiorevelacionfm.cl\/?p=4498' aria-hidden='false' data-av_icon='\ue8fc' data-av_iconfont='entypo-fontello' title='' data-avia-related-tooltip='Compartir en LinkedIn' rel=\"noopener\"><span class='avia_hidden_link_text'>Compartir en LinkedIn<\/span><\/a><\/li><li class='av-share-link av-social-link-mail' ><a  aria-label=\"Compartir por correo\" href='mailto:?subject=Gobernador%20de%20Ays%C3%A9n%20hace%20un%20llamado%20a%20cuidarse%20en%20esta%20pr%C3%B3xima%20Cuarentena%20Total&#038;body=https:\/\/radiorevelacionfm.cl\/?p=4498' aria-hidden='false' data-av_icon='\ue805' data-av_iconfont='entypo-fontello' title='' data-avia-related-tooltip='Compartir por correo'><span class='avia_hidden_link_text'>Compartir por correo<\/span><\/a><\/li><\/ul><\/div><\/div>\n<div  style='height:50px' class='hr hr-invisible   avia-builder-el-8  el_after_av_social_share  el_before_av_comments_list '><span class='hr-inner ' ><span class='hr-inner-style'><\/span><\/span><\/div>\n<div  class='av-buildercomment  av-blog-meta-html-info-disabled av-blog-meta-tag-disabled  '><\/div>\n","protected":false},"excerpt":{"rendered":"","protected":false},"author":1,"featured_media":4499,"comment_status":"open","ping_status":"open","sticky":false,"template":"","format":"standard","meta":{"footnotes":""},"categories":[38],"tags":[],"class_list":["post-4498","post","type-post","status-publish","format-standard","has-post-thumbnail","hentry","category-regional"],"jetpack_featured_media_url":"https:\/\/radiorevelacionfm.cl\/wp-content\/uploads\/2021\/05\/AysenC1-1-1.jpg","_links":{"self":[{"href":"https:\/\/radiorevelacionfm.cl\/index.php?rest_route=\/wp\/v2\/posts\/4498","targetHints":{"allow":["GET"]}}],"collection":[{"href":"https:\/\/radiorevelacionfm.cl\/index.php?rest_route=\/wp\/v2\/posts"}],"about":[{"href":"https:\/\/radiorevelacionfm.cl\/index.php?rest_route=\/wp\/v2\/types\/post"}],"author":[{"embeddable":true,"href":"https:\/\/radiorevelacionfm.cl\/index.php?rest_route=\/wp\/v2\/users\/1"}],"replies":[{"embeddable":true,"href":"https:\/\/radiorevelacionfm.cl\/index.php?rest_route=%2Fwp%2Fv2%2Fcomments&post=4498"}],"version-history":[{"count":1,"href":"https:\/\/radiorevelacionfm.cl\/index.php?rest_route=\/wp\/v2\/posts\/4498\/revisions"}],"predecessor-version":[{"id":4500,"href":"https:\/\/radiorevelacionfm.cl\/index.php?rest_route=\/wp\/v2\/posts\/4498\/revisions\/4500"}],"wp:featuredmedia":[{"embeddable":true,"href":"https:\/\/radiorevelacionfm.cl\/index.php?rest_route=\/wp\/v2\/media\/4499"}],"wp:attachment":[{"href":"https:\/\/radiorevelacionfm.cl\/index.php?rest_route=%2Fwp%2Fv2%2Fmedia&parent=4498"}],"wp:term":[{"taxonomy":"category","embeddable":true,"href":"https:\/\/radiorevelacionfm.cl\/index.php?rest_route=%2Fwp%2Fv2%2Fcategories&post=4498"},{"taxonomy":"post_tag","embeddable":true,"href":"https:\/\/radiorevelacionfm.cl\/index.php?rest_route=%2Fwp%2Fv2%2Ftags&post=4498"}],"curies":[{"name":"wp","href":"https:\/\/api.w.org\/{rel}","templated":true}]}}