{"id":44976,"date":"2024-08-10T13:52:25","date_gmt":"2024-08-10T16:52:25","guid":{"rendered":"https:\/\/radiorevelacionfm.cl\/?p=44976"},"modified":"2024-08-10T14:01:10","modified_gmt":"2024-08-10T17:01:10","slug":"inusual-aumento-de-avistamientos-de-ballena-franca-austral-del-pacifico-sudeste-en-las-costas-chilenas-se-registra-durante-2024","status":"publish","type":"post","link":"https:\/\/radiorevelacionfm.cl\/?p=44976","title":{"rendered":"Inusual aumento de avistamientos de ballena franca austral del pac\u00edfico sudeste en las costas chilenas se registra durante 2024"},"content":{"rendered":"<div class=\"flex_column av_one_full  flex_column_div av-zero-column-padding first  avia-builder-el-0  el_before_av_one_full  avia-builder-el-first  \" style='border-radius:0px; '><div  class='avia-image-container  av-styling-    avia-builder-el-1  avia-builder-el-no-sibling  avia-align-center '  itemprop=\"image\" itemscope=\"itemscope\" itemtype=\"https:\/\/schema.org\/ImageObject\"  ><div class='avia-image-container-inner'><div class='avia-image-overlay-wrap'><img decoding=\"async\" class='wp-image-44977 avia-img-lazy-loading-not-44977 avia_image' src=\"https:\/\/radiorevelacionfm.cl\/wp-content\/uploads\/2024\/08\/avistamiento-ballenafrancaaustral-mejillones4-foto-de-Alex-Sanchez-1-1.jpg\" alt='' title='avistamiento-ballenafrancaaustral-mejillones4 (foto de Alex S\u00e1nchez) (1) (1)' height=\"600\" width=\"1067\"  itemprop=\"thumbnailUrl\" srcset=\"https:\/\/radiorevelacionfm.cl\/wp-content\/uploads\/2024\/08\/avistamiento-ballenafrancaaustral-mejillones4-foto-de-Alex-Sanchez-1-1.jpg 1067w, https:\/\/radiorevelacionfm.cl\/wp-content\/uploads\/2024\/08\/avistamiento-ballenafrancaaustral-mejillones4-foto-de-Alex-Sanchez-1-1-300x169.jpg 300w, https:\/\/radiorevelacionfm.cl\/wp-content\/uploads\/2024\/08\/avistamiento-ballenafrancaaustral-mejillones4-foto-de-Alex-Sanchez-1-1-1030x579.jpg 1030w, https:\/\/radiorevelacionfm.cl\/wp-content\/uploads\/2024\/08\/avistamiento-ballenafrancaaustral-mejillones4-foto-de-Alex-Sanchez-1-1-768x432.jpg 768w, https:\/\/radiorevelacionfm.cl\/wp-content\/uploads\/2024\/08\/avistamiento-ballenafrancaaustral-mejillones4-foto-de-Alex-Sanchez-1-1-705x396.jpg 705w, https:\/\/radiorevelacionfm.cl\/wp-content\/uploads\/2024\/08\/avistamiento-ballenafrancaaustral-mejillones4-foto-de-Alex-Sanchez-1-1-450x253.jpg 450w, https:\/\/radiorevelacionfm.cl\/wp-content\/uploads\/2024\/08\/avistamiento-ballenafrancaaustral-mejillones4-foto-de-Alex-Sanchez-1-1-600x337.jpg 600w\" sizes=\"(max-width: 1067px) 100vw, 1067px\" \/><\/div><\/div><\/div><\/div>\n<div class=\"flex_column av_one_full  flex_column_div av-zero-column-padding first  avia-builder-el-2  el_after_av_one_full  el_before_av_one_full  column-top-margin\" style='border-radius:0px; '><section class=\"av_textblock_section \"  itemscope=\"itemscope\" itemtype=\"https:\/\/schema.org\/BlogPosting\" itemprop=\"blogPost\" ><div class='avia_textblock  '   itemprop=\"text\" ><p style=\"text-align: center;\"><strong><span style=\"font-size: 18pt;\">Inusual aumento de avistamientos de ballena franca austral del pac\u00edfico sudeste en las costas chilenas se registra durante 2024<\/span><\/strong><\/p>\n<div id=\"gtx-trans\" style=\"position: absolute; left: -50px; top: 4.31534px;\">\n<div class=\"gtx-trans-icon\"><\/div>\n<\/div>\n<\/div><\/section><\/div>\n<div class=\"flex_column av_one_full  flex_column_div av-zero-column-padding first  avia-builder-el-4  el_after_av_one_full  el_before_av_hr  column-top-margin\" style='border-radius:0px; '><section class=\"av_textblock_section \"  itemscope=\"itemscope\" itemtype=\"https:\/\/schema.org\/BlogPosting\" itemprop=\"blogPost\" ><div class='avia_textblock  '   itemprop=\"text\" ><p dir=\"ltr\" style=\"text-align: justify;\">La ballena franca austral del pac\u00edfico sudeste (eubalaena australis), es un animal marino protegido por la Ley General de Pesca y Acuicultura, tal como todos los cet\u00e1ceos que navegan por las aguas territoriales de Chile.<\/p>\n<p dir=\"ltr\" style=\"text-align: justify;\">Es as\u00ed que durante 2024 se han registrado un total de 16 avistamientos de 26 ejemplares, entre ellos 9 cr\u00edas, entre Arica y Chait\u00e9n. Dicha situaci\u00f3n es inusual durante esta \u00e9poca del a\u00f1o, ya que este tipo de eventos suelen ocurrir desde el inicio de la primavera y durante el verano. Uno de los m\u00e1s recientes ocurri\u00f3 en la bah\u00eda de Mejillones, en la Regi\u00f3n de Antofagasta, donde un ejemplar junto a su cr\u00eda transitaba con direcci\u00f3n hacia el norte.<\/p>\n<p dir=\"ltr\" style=\"text-align: justify;\">Sin embargo, ante el estado cr\u00edtico de conservaci\u00f3n de esta especie en nuestro pa\u00eds y en Per\u00fa, encontr\u00e1ndose en peligro cr\u00edtico seg\u00fan la lista roja de la Uni\u00f3n Internacional para la Conservaci\u00f3n de la Naturaleza (UICN), se requiere un enfoque especial con estrictas medidas de protecci\u00f3n para su avistamiento durante su tr\u00e1nsito, especialmente en las zonas cercanas al borde costero.<\/p>\n<p dir=\"ltr\" style=\"text-align: justify;\">Esta labor es uno de los ejes del Servicio Nacional de Pesca y Acuicultura (Sernapesca) dentro de la conservaci\u00f3n de la fauna marina. \u201cNo podemos ignorar que la complejidad de las relaciones ecol\u00f3gicas que ha generado el cambio clim\u00e1tico, en la din\u00e1mica de las corrientes marinas, la distribuci\u00f3n del alimento, los fen\u00f3menos migratorios y la competencia con otras especies, junto a las variables anteriormente abordadas, tambi\u00e9n pudiesen estar influyendo en los fen\u00f3menos de recuperaci\u00f3n de h\u00e1bitat marino, haciendo que el aumento y mantenci\u00f3n de los avistamientos de la especie sean cada vez m\u00e1s frecuentes y normales\u201d, expres\u00f3 Mauricio Ulloa, representante del Servicio ante la Comisi\u00f3n Ballenera Internacional.<\/p>\n<p dir=\"ltr\" style=\"text-align: justify;\">TRABAJO COLABORATIVO<\/p>\n<p dir=\"ltr\" style=\"text-align: justify;\">De acuerdo al profesional, \u201ces necesario continuar trabajando en forma colaborativa con la ciudadan\u00eda, la ciencia y otras instituciones del Estado, para proteger y asegurar la recuperaci\u00f3n de esta especie, especialmente cuando se trate de parejas de madres con cr\u00eda, respetando las medidas dispuestas en el Decreto Supremo N\u00b038-2011\u201d, que regula el avistamiento de especies marinas.<\/p>\n<p dir=\"ltr\" style=\"text-align: justify;\">B\u00e1rbara Galletti, presidenta del Centro de Conservaci\u00f3n Cet\u00e1cea, investigadora asociada de Pacific Whale Foundation y coordinadora del Plan de Conservaci\u00f3n y Manejo de la Ballena Franca Austral de la Comisi\u00f3n Ballenera Internacional, coment\u00f3 que \u201cgracias a la contribuci\u00f3n de la gente a lo largo de la costa, hemos podido conocer remotos lugares que son visitados por estos escasos individuos. Estamos orgullosos de haber trabajado durante d\u00e9cadas y ver hoy en d\u00eda que las acciones colaborativas de conservaci\u00f3n dan resultados efectivos. Sin embargo, es nuestra responsabilidad tener la mayor precauci\u00f3n para cuidar estos animales en peligro cr\u00edtico\u201d.<\/p>\n<p dir=\"ltr\" style=\"text-align: justify;\">\u201cRecordemos que los \u00faltimos casos de varamientos con resultado de muerte de 2 ejemplares (un adulto en 2014 y una cr\u00eda en 2023) han sido por causas antropog\u00e9nicas, lo que constituye un llamado a extremar las precauciones, m\u00e1s a\u00fan estando cerca de la costa con cr\u00edas en estas fechas\u201d, agreg\u00f3.<\/p>\n<p dir=\"ltr\" style=\"text-align: justify;\">Por su parte, Carlos Olavarr\u00eda, director ejecutivo del Centro de Estudios Avanzados en Zonas \u00c1ridas (CEAZA), coment\u00f3 que \u00abpese a que el aumento de los avistamientos de ballena franca austral, en particular la presencia de cr\u00edas, puede ser indicativo del \u00e9xito de las medidas de conservaci\u00f3n establecidas, llama la atenci\u00f3n que en la poblaci\u00f3n de Chile-Per\u00fa a\u00fan no exista un \u00e1rea de concentraci\u00f3n de ballenas francas en sus \u00e9pocas de reproducci\u00f3n y crianza, como sucede en todas las otras poblaciones de esta especie en el mundo. El caso m\u00e1s cercano para nosotros es el de Pen\u00ednsula de Vald\u00e9s, en Argentina. Quiz\u00e1s se deba a que en realidad el tama\u00f1o poblacional es muy bajo, pero no podemos descartar hip\u00f3tesis alternativas como que se encuentren en lugares remotos a lo largo de la costa de Chile\u00bb<\/p>\n<p dir=\"ltr\" style=\"text-align: justify;\">Finalmente, Mauricio Ulloa record\u00f3 a la poblaci\u00f3n que \u201cen caso de que las personas quieran observar a especies como las ballenas francas australes, deben hacerlo desde plataformas ubicadas en tierra, con excepci\u00f3n de aquellas \u00e1reas que cuenten con un reglamento espec\u00edfico de observaci\u00f3n para esta especie, y siempre procurando no causar inconvenientes o molestias para el ejemplar\u201d.<\/p>\n<p dir=\"ltr\">Fot\u00f3grafo: \u00c1lex S\u00e1nchez<\/p>\n<\/div><\/section><\/div><div  style='height:50px' class='hr hr-invisible   avia-builder-el-6  el_after_av_one_full  el_before_av_social_share '><span class='hr-inner ' ><span class='hr-inner-style'><\/span><\/span><\/div><\/p>\n<div  class='av-social-sharing-box  avia-builder-el-7  el_after_av_hr  el_before_av_hr  '><div class='av-share-box'><h5 class='av-share-link-description av-no-toc '>Compartir esta noticia<\/h5><ul class='av-share-box-list noLightbox'><li class='av-share-link av-social-link-facebook' ><a target=\"_blank\" aria-label=\"Compartir en Facebook\" href='https:\/\/www.facebook.com\/sharer.php?u=https:\/\/radiorevelacionfm.cl\/?p=44976&#038;t=Inusual%20aumento%20de%20avistamientos%20de%20ballena%20franca%20austral%20del%20pac%C3%ADfico%20sudeste%20en%20las%20costas%20chilenas%20se%20registra%20durante%202024' aria-hidden='false' data-av_icon='\ue8f3' data-av_iconfont='entypo-fontello' title='' data-avia-related-tooltip='Compartir en Facebook' rel=\"noopener\"><span class='avia_hidden_link_text'>Compartir en Facebook<\/span><\/a><\/li><li class='av-share-link av-social-link-twitter' ><a target=\"_blank\" aria-label=\"Compartir en Twitter\" href='https:\/\/twitter.com\/share?text=Inusual%20aumento%20de%20avistamientos%20de%20ballena%20franca%20austral%20del%20pac%C3%ADfico%20sudeste%20en%20las%20costas%20chilenas%20se%20registra%20durante%202024&#038;url=https:\/\/radiorevelacionfm.cl\/?p=44976' aria-hidden='false' data-av_icon='\ue8f1' data-av_iconfont='entypo-fontello' title='' data-avia-related-tooltip='Compartir en Twitter' rel=\"noopener\"><span class='avia_hidden_link_text'>Compartir en Twitter<\/span><\/a><\/li><li class='av-share-link av-social-link-whatsapp' ><a target=\"_blank\" aria-label=\"Compartir en Whatsapp\" href='https:\/\/api.whatsapp.com\/send?text=https:\/\/radiorevelacionfm.cl\/?p=44976' aria-hidden='false' data-av_icon='\uf232' data-av_iconfont='entypo-fontello' title='' data-avia-related-tooltip='Compartir en Whatsapp' rel=\"noopener\"><span class='avia_hidden_link_text'>Compartir en Whatsapp<\/span><\/a><\/li><li class='av-share-link av-social-link-linkedin' ><a target=\"_blank\" aria-label=\"Compartir en LinkedIn\" href='https:\/\/linkedin.com\/shareArticle?mini=true&#038;title=Inusual%20aumento%20de%20avistamientos%20de%20ballena%20franca%20austral%20del%20pac%C3%ADfico%20sudeste%20en%20las%20costas%20chilenas%20se%20registra%20durante%202024&#038;url=https:\/\/radiorevelacionfm.cl\/?p=44976' aria-hidden='false' data-av_icon='\ue8fc' data-av_iconfont='entypo-fontello' title='' data-avia-related-tooltip='Compartir en LinkedIn' rel=\"noopener\"><span class='avia_hidden_link_text'>Compartir en LinkedIn<\/span><\/a><\/li><li class='av-share-link av-social-link-mail' ><a  aria-label=\"Compartir por correo\" href='mailto:?subject=Inusual%20aumento%20de%20avistamientos%20de%20ballena%20franca%20austral%20del%20pac%C3%ADfico%20sudeste%20en%20las%20costas%20chilenas%20se%20registra%20durante%202024&#038;body=https:\/\/radiorevelacionfm.cl\/?p=44976' aria-hidden='false' data-av_icon='\ue805' data-av_iconfont='entypo-fontello' title='' data-avia-related-tooltip='Compartir por correo'><span class='avia_hidden_link_text'>Compartir por correo<\/span><\/a><\/li><\/ul><\/div><\/div>\n<div  style='height:50px' class='hr hr-invisible   avia-builder-el-8  el_after_av_social_share  el_before_av_comments_list '><span class='hr-inner ' ><span class='hr-inner-style'><\/span><\/span><\/div>\n<div  class='av-buildercomment  av-blog-meta-html-info-disabled av-blog-meta-tag-disabled  '><\/div>\n","protected":false},"excerpt":{"rendered":"","protected":false},"author":1,"featured_media":44977,"comment_status":"open","ping_status":"open","sticky":false,"template":"","format":"standard","meta":{"footnotes":""},"categories":[61],"tags":[],"class_list":["post-44976","post","type-post","status-publish","format-standard","has-post-thumbnail","hentry","category-nacional"],"jetpack_featured_media_url":"https:\/\/radiorevelacionfm.cl\/wp-content\/uploads\/2024\/08\/avistamiento-ballenafrancaaustral-mejillones4-foto-de-Alex-Sanchez-1-1.jpg","_links":{"self":[{"href":"https:\/\/radiorevelacionfm.cl\/index.php?rest_route=\/wp\/v2\/posts\/44976","targetHints":{"allow":["GET"]}}],"collection":[{"href":"https:\/\/radiorevelacionfm.cl\/index.php?rest_route=\/wp\/v2\/posts"}],"about":[{"href":"https:\/\/radiorevelacionfm.cl\/index.php?rest_route=\/wp\/v2\/types\/post"}],"author":[{"embeddable":true,"href":"https:\/\/radiorevelacionfm.cl\/index.php?rest_route=\/wp\/v2\/users\/1"}],"replies":[{"embeddable":true,"href":"https:\/\/radiorevelacionfm.cl\/index.php?rest_route=%2Fwp%2Fv2%2Fcomments&post=44976"}],"version-history":[{"count":2,"href":"https:\/\/radiorevelacionfm.cl\/index.php?rest_route=\/wp\/v2\/posts\/44976\/revisions"}],"predecessor-version":[{"id":45060,"href":"https:\/\/radiorevelacionfm.cl\/index.php?rest_route=\/wp\/v2\/posts\/44976\/revisions\/45060"}],"wp:featuredmedia":[{"embeddable":true,"href":"https:\/\/radiorevelacionfm.cl\/index.php?rest_route=\/wp\/v2\/media\/44977"}],"wp:attachment":[{"href":"https:\/\/radiorevelacionfm.cl\/index.php?rest_route=%2Fwp%2Fv2%2Fmedia&parent=44976"}],"wp:term":[{"taxonomy":"category","embeddable":true,"href":"https:\/\/radiorevelacionfm.cl\/index.php?rest_route=%2Fwp%2Fv2%2Fcategories&post=44976"},{"taxonomy":"post_tag","embeddable":true,"href":"https:\/\/radiorevelacionfm.cl\/index.php?rest_route=%2Fwp%2Fv2%2Ftags&post=44976"}],"curies":[{"name":"wp","href":"https:\/\/api.w.org\/{rel}","templated":true}]}}