{"id":44972,"date":"2024-08-08T15:59:36","date_gmt":"2024-08-08T18:59:36","guid":{"rendered":"https:\/\/radiorevelacionfm.cl\/?p=44972"},"modified":"2024-08-08T15:59:36","modified_gmt":"2024-08-08T18:59:36","slug":"un-20-de-avance-presenta-pavimentacion-de-la-rotonda-aysen","status":"publish","type":"post","link":"https:\/\/radiorevelacionfm.cl\/?p=44972","title":{"rendered":"Un 20% de avance presenta pavimentaci\u00f3n de la Rotonda Ays\u00e9n"},"content":{"rendered":"<div class=\"flex_column av_one_full  flex_column_div av-zero-column-padding first  avia-builder-el-0  el_before_av_one_full  avia-builder-el-first  \" style='border-radius:0px; '><div  class='avia-image-container  av-styling-    avia-builder-el-1  avia-builder-el-no-sibling  avia-align-center '  itemprop=\"image\" itemscope=\"itemscope\" itemtype=\"https:\/\/schema.org\/ImageObject\"  ><div class='avia-image-container-inner'><div class='avia-image-overlay-wrap'><img decoding=\"async\" class='wp-image-44973 avia-img-lazy-loading-not-44973 avia_image' src=\"https:\/\/radiorevelacionfm.cl\/wp-content\/uploads\/2024\/08\/7-r-1_optimized.jpg\" alt='' title='7-r-(1)_optimized' height=\"600\" width=\"900\"  itemprop=\"thumbnailUrl\" srcset=\"https:\/\/radiorevelacionfm.cl\/wp-content\/uploads\/2024\/08\/7-r-1_optimized.jpg 900w, https:\/\/radiorevelacionfm.cl\/wp-content\/uploads\/2024\/08\/7-r-1_optimized-300x200.jpg 300w, https:\/\/radiorevelacionfm.cl\/wp-content\/uploads\/2024\/08\/7-r-1_optimized-768x512.jpg 768w, https:\/\/radiorevelacionfm.cl\/wp-content\/uploads\/2024\/08\/7-r-1_optimized-705x470.jpg 705w, https:\/\/radiorevelacionfm.cl\/wp-content\/uploads\/2024\/08\/7-r-1_optimized-450x300.jpg 450w, https:\/\/radiorevelacionfm.cl\/wp-content\/uploads\/2024\/08\/7-r-1_optimized-600x400.jpg 600w\" sizes=\"(max-width: 900px) 100vw, 900px\" \/><\/div><\/div><\/div><\/div><div class=\"flex_column av_one_full  flex_column_div av-zero-column-padding first  avia-builder-el-2  el_after_av_one_full  el_before_av_one_full  column-top-margin\" style='border-radius:0px; '><section class=\"av_textblock_section \"  itemscope=\"itemscope\" itemtype=\"https:\/\/schema.org\/BlogPosting\" itemprop=\"blogPost\" ><div class='avia_textblock  '   itemprop=\"text\" ><p style=\"text-align: center;\"><strong><span style=\"font-size: 18pt;\">Un 20% de avance presenta pavimentaci\u00f3n de la Rotonda Ays\u00e9n<\/span><\/strong><\/p>\n<div id=\"gtx-trans\" style=\"position: absolute; left: -50px; top: 4.31534px;\">\n<div class=\"gtx-trans-icon\"><\/div>\n<\/div>\n<\/div><\/section><\/div><div class=\"flex_column av_one_full  flex_column_div av-zero-column-padding first  avia-builder-el-4  el_after_av_one_full  el_before_av_hr  column-top-margin\" style='border-radius:0px; '><section class=\"av_textblock_section \"  itemscope=\"itemscope\" itemtype=\"https:\/\/schema.org\/BlogPosting\" itemprop=\"blogPost\" ><div class='avia_textblock  '   itemprop=\"text\" ><p><em>M\u00e1s del 80% de los trabajadores y trabajadoras en esta obra, son de la zona.<\/em><\/p>\n<p style=\"text-align: justify;\">La Secretaria Regional Ministerial de Obras P\u00fablicas, Paloma Jara Vald\u00e9s, junto a autoridades locales, Concejales y el Jefe Provincial de Vialidad MOP Ays\u00e9n Jorge Barr\u00eda Paredes, Juan Pablo G\u00f3mez Laboratorista Vial y Eduardo Aguirre Analista de Laboratorio de Vialidad MOP realizaron una inspecci\u00f3n a las obras que se desarrollan en la Ruta 240 CH, sector acceso a Puerto Ays\u00e9n, en donde pudieron constatar un 20% de avance en la ejecuci\u00f3n de los trabajos de pavimentaci\u00f3n de la Rotonda Ays\u00e9n y sus accesos.<\/p>\n<p style=\"text-align: justify;\">Al respecto, Paloma Jara expres\u00f3 \u201cestamos visitando la rotonda Ays\u00e9n la que presenta un 20% de avance. Nos reunimos con autoridades locales y tambi\u00e9n con algunos Concejales que nos acompa\u00f1aron a ver c\u00f3mo est\u00e1n avanzando estas obras tan ansiadas por la comunidad y que van aportar en seguridad vial a todos quienes transitan por esta zona. Tambi\u00e9n, destacar que la mano de obra local ha sido ampliamente tomada en este contrato, en donde m\u00e1s del 80% de los trabajadores y trabajadoras son de la zona, aportando tambi\u00e9n empleo en esta obra para los habitantes\u201d.<\/p>\n<p style=\"text-align: justify;\">Junto con pavimentar la rotonda Ays\u00e9n y sus accesos, tambi\u00e9n se desarrollar\u00e1n obras de seguridad vial como son la instalaci\u00f3n de barreras, se\u00f1ales y demarcaci\u00f3n, as\u00ed como tambi\u00e9n luminaria fotovoltaica, todo lo que considera una inversi\u00f3n de la Direcci\u00f3n de Vialidad del MOP que alcanza los $1.600 millones.<\/p>\n<p style=\"text-align: justify;\">Por su parte, el Jefe Provincial de Vialidad MOP Ays\u00e9n, Jorge Barr\u00eda Paredes destac\u00f3: \u201cEs una obra, un contrato de terminaci\u00f3n de la rotonda de acceso a la ciudad de Puerto Ays\u00e9n, muy emblem\u00e1tica para nuestros usuarios de la Red Vial que tenemos en la regi\u00f3n, por lo tanto son obras de gran avance que vamos a tener, ya prontamente puesta en servicio. Una rotonda que mejora su geometr\u00eda, con hormig\u00f3n optimizado, con seguridad vial bastante importante y un sistema de iluminaci\u00f3n fotovoltaico que va a ayudar claramente, a mejorar las condiciones de visibilidad del sector por parte de nuestros usuarios aqu\u00ed en Puerto Ays\u00e9n\u201d.<\/p>\n<\/div><\/section><\/div><div  style='height:50px' class='hr hr-invisible   avia-builder-el-6  el_after_av_one_full  el_before_av_social_share '><span class='hr-inner ' ><span class='hr-inner-style'><\/span><\/span><\/div><\/p>\n<div  class='av-social-sharing-box  avia-builder-el-7  el_after_av_hr  el_before_av_hr  '><div class='av-share-box'><h5 class='av-share-link-description av-no-toc '>Compartir esta noticia<\/h5><ul class='av-share-box-list noLightbox'><li class='av-share-link av-social-link-facebook' ><a target=\"_blank\" aria-label=\"Compartir en Facebook\" href='https:\/\/www.facebook.com\/sharer.php?u=https:\/\/radiorevelacionfm.cl\/?p=44972&#038;t=Un%2020%25%20de%20avance%20presenta%20pavimentaci%C3%B3n%20de%20la%20Rotonda%20Ays%C3%A9n' aria-hidden='false' data-av_icon='\ue8f3' data-av_iconfont='entypo-fontello' title='' data-avia-related-tooltip='Compartir en Facebook' rel=\"noopener\"><span class='avia_hidden_link_text'>Compartir en Facebook<\/span><\/a><\/li><li class='av-share-link av-social-link-twitter' ><a target=\"_blank\" aria-label=\"Compartir en Twitter\" href='https:\/\/twitter.com\/share?text=Un%2020%25%20de%20avance%20presenta%20pavimentaci%C3%B3n%20de%20la%20Rotonda%20Ays%C3%A9n&#038;url=https:\/\/radiorevelacionfm.cl\/?p=44972' aria-hidden='false' data-av_icon='\ue8f1' data-av_iconfont='entypo-fontello' title='' data-avia-related-tooltip='Compartir en Twitter' rel=\"noopener\"><span class='avia_hidden_link_text'>Compartir en Twitter<\/span><\/a><\/li><li class='av-share-link av-social-link-whatsapp' ><a target=\"_blank\" aria-label=\"Compartir en Whatsapp\" href='https:\/\/api.whatsapp.com\/send?text=https:\/\/radiorevelacionfm.cl\/?p=44972' aria-hidden='false' data-av_icon='\uf232' data-av_iconfont='entypo-fontello' title='' data-avia-related-tooltip='Compartir en Whatsapp' rel=\"noopener\"><span class='avia_hidden_link_text'>Compartir en Whatsapp<\/span><\/a><\/li><li class='av-share-link av-social-link-linkedin' ><a target=\"_blank\" aria-label=\"Compartir en LinkedIn\" href='https:\/\/linkedin.com\/shareArticle?mini=true&#038;title=Un%2020%25%20de%20avance%20presenta%20pavimentaci%C3%B3n%20de%20la%20Rotonda%20Ays%C3%A9n&#038;url=https:\/\/radiorevelacionfm.cl\/?p=44972' aria-hidden='false' data-av_icon='\ue8fc' data-av_iconfont='entypo-fontello' title='' data-avia-related-tooltip='Compartir en LinkedIn' rel=\"noopener\"><span class='avia_hidden_link_text'>Compartir en LinkedIn<\/span><\/a><\/li><li class='av-share-link av-social-link-mail' ><a  aria-label=\"Compartir por correo\" href='mailto:?subject=Un%2020%25%20de%20avance%20presenta%20pavimentaci%C3%B3n%20de%20la%20Rotonda%20Ays%C3%A9n&#038;body=https:\/\/radiorevelacionfm.cl\/?p=44972' aria-hidden='false' data-av_icon='\ue805' data-av_iconfont='entypo-fontello' title='' data-avia-related-tooltip='Compartir por correo'><span class='avia_hidden_link_text'>Compartir por correo<\/span><\/a><\/li><\/ul><\/div><\/div>\n<div  style='height:50px' class='hr hr-invisible   avia-builder-el-8  el_after_av_social_share  el_before_av_comments_list '><span class='hr-inner ' ><span class='hr-inner-style'><\/span><\/span><\/div>\n<div  class='av-buildercomment  av-blog-meta-html-info-disabled av-blog-meta-tag-disabled  '><\/div>\n","protected":false},"excerpt":{"rendered":"","protected":false},"author":1,"featured_media":44973,"comment_status":"open","ping_status":"open","sticky":false,"template":"","format":"standard","meta":{"footnotes":""},"categories":[38],"tags":[],"class_list":["post-44972","post","type-post","status-publish","format-standard","has-post-thumbnail","hentry","category-regional"],"jetpack_featured_media_url":"https:\/\/radiorevelacionfm.cl\/wp-content\/uploads\/2024\/08\/7-r-1_optimized.jpg","_links":{"self":[{"href":"https:\/\/radiorevelacionfm.cl\/index.php?rest_route=\/wp\/v2\/posts\/44972","targetHints":{"allow":["GET"]}}],"collection":[{"href":"https:\/\/radiorevelacionfm.cl\/index.php?rest_route=\/wp\/v2\/posts"}],"about":[{"href":"https:\/\/radiorevelacionfm.cl\/index.php?rest_route=\/wp\/v2\/types\/post"}],"author":[{"embeddable":true,"href":"https:\/\/radiorevelacionfm.cl\/index.php?rest_route=\/wp\/v2\/users\/1"}],"replies":[{"embeddable":true,"href":"https:\/\/radiorevelacionfm.cl\/index.php?rest_route=%2Fwp%2Fv2%2Fcomments&post=44972"}],"version-history":[{"count":1,"href":"https:\/\/radiorevelacionfm.cl\/index.php?rest_route=\/wp\/v2\/posts\/44972\/revisions"}],"predecessor-version":[{"id":44974,"href":"https:\/\/radiorevelacionfm.cl\/index.php?rest_route=\/wp\/v2\/posts\/44972\/revisions\/44974"}],"wp:featuredmedia":[{"embeddable":true,"href":"https:\/\/radiorevelacionfm.cl\/index.php?rest_route=\/wp\/v2\/media\/44973"}],"wp:attachment":[{"href":"https:\/\/radiorevelacionfm.cl\/index.php?rest_route=%2Fwp%2Fv2%2Fmedia&parent=44972"}],"wp:term":[{"taxonomy":"category","embeddable":true,"href":"https:\/\/radiorevelacionfm.cl\/index.php?rest_route=%2Fwp%2Fv2%2Fcategories&post=44972"},{"taxonomy":"post_tag","embeddable":true,"href":"https:\/\/radiorevelacionfm.cl\/index.php?rest_route=%2Fwp%2Fv2%2Ftags&post=44972"}],"curies":[{"name":"wp","href":"https:\/\/api.w.org\/{rel}","templated":true}]}}