{"id":44967,"date":"2024-08-08T17:48:16","date_gmt":"2024-08-08T20:48:16","guid":{"rendered":"https:\/\/radiorevelacionfm.cl\/?p=44967"},"modified":"2024-08-08T17:48:16","modified_gmt":"2024-08-08T20:48:16","slug":"the-dark-side-of-the-sur-cumple-nueve-anos-acercando-la-musica-chilena-a-la-comunidad-de-aysen","status":"publish","type":"post","link":"https:\/\/radiorevelacionfm.cl\/?p=44967","title":{"rendered":"\u201cThe Dark Side of the Sur\u201d cumple nueve a\u00f1os acercando la m\u00fasica chilena a la comunidad de Ays\u00e9n"},"content":{"rendered":"<div class=\"flex_column av_one_full  flex_column_div av-zero-column-padding first  avia-builder-el-0  el_before_av_one_full  avia-builder-el-first  \" style='border-radius:0px; '><div  class='avia-image-container  av-styling-    avia-builder-el-1  avia-builder-el-no-sibling  avia-align-center '  itemprop=\"image\" itemscope=\"itemscope\" itemtype=\"https:\/\/schema.org\/ImageObject\"  ><div class='avia-image-container-inner'><div class='avia-image-overlay-wrap'><img decoding=\"async\" class='wp-image-44968 avia-img-lazy-loading-not-44968 avia_image' src=\"https:\/\/radiorevelacionfm.cl\/wp-content\/uploads\/2024\/08\/Juan-Pablo-Aguilera-1-1.jpeg\" alt='' title='Juan Pablo Aguilera (1) (1)' height=\"600\" width=\"900\"  itemprop=\"thumbnailUrl\" srcset=\"https:\/\/radiorevelacionfm.cl\/wp-content\/uploads\/2024\/08\/Juan-Pablo-Aguilera-1-1.jpeg 900w, https:\/\/radiorevelacionfm.cl\/wp-content\/uploads\/2024\/08\/Juan-Pablo-Aguilera-1-1-300x200.jpeg 300w, https:\/\/radiorevelacionfm.cl\/wp-content\/uploads\/2024\/08\/Juan-Pablo-Aguilera-1-1-768x512.jpeg 768w, https:\/\/radiorevelacionfm.cl\/wp-content\/uploads\/2024\/08\/Juan-Pablo-Aguilera-1-1-705x470.jpeg 705w, https:\/\/radiorevelacionfm.cl\/wp-content\/uploads\/2024\/08\/Juan-Pablo-Aguilera-1-1-450x300.jpeg 450w, https:\/\/radiorevelacionfm.cl\/wp-content\/uploads\/2024\/08\/Juan-Pablo-Aguilera-1-1-600x400.jpeg 600w\" sizes=\"(max-width: 900px) 100vw, 900px\" \/><\/div><\/div><\/div><\/div><div class=\"flex_column av_one_full  flex_column_div av-zero-column-padding first  avia-builder-el-2  el_after_av_one_full  el_before_av_one_full  column-top-margin\" style='border-radius:0px; '><section class=\"av_textblock_section \"  itemscope=\"itemscope\" itemtype=\"https:\/\/schema.org\/BlogPosting\" itemprop=\"blogPost\" ><div class='avia_textblock  '   itemprop=\"text\" ><p style=\"text-align: center;\"><strong><span style=\"font-size: 18pt;\">\u201cThe Dark Side of the Sur\u201d cumple nueve a\u00f1os acercando la m\u00fasica chilena a la comunidad de Ays\u00e9n<\/span><\/strong><\/p>\n<div id=\"gtx-trans\" style=\"position: absolute; left: -50px; top: 4.31534px;\">\n<div class=\"gtx-trans-icon\"><\/div>\n<\/div>\n<\/div><\/section><\/div><div class=\"flex_column av_one_full  flex_column_div av-zero-column-padding first  avia-builder-el-4  el_after_av_one_full  el_before_av_hr  column-top-margin\" style='border-radius:0px; '><section class=\"av_textblock_section \"  itemscope=\"itemscope\" itemtype=\"https:\/\/schema.org\/BlogPosting\" itemprop=\"blogPost\" ><div class='avia_textblock  '   itemprop=\"text\" ><p style=\"font-weight: 400; text-align: justify;\"><em>El jazz de Andr\u00e9s Godoy, la musicalidad mapuche de Daniela Millaleo, la evoluci\u00f3n de la tradici\u00f3n campera de Luciano Auad y la versatilidad del aysenino Juan Pablo Aguilera, estar\u00e1n presentes en este evento junto a otras disciplinas art\u00edsticas.<\/em><\/p>\n<p style=\"font-weight: 400; text-align: justify;\">A trav\u00e9s de una puesta en escena que contempla una escenograf\u00eda con elementos t\u00edpicos del habitar de Ays\u00e9n, m\u00e1s la conversaci\u00f3n y la palabra, los d\u00edas 23, 24, 30 y 31 de agosto, se realizar\u00e1 la novena versi\u00f3n de la temporada de conciertos \u201cThe Dark Side of the Sur\u201d, organizada por la agrupaci\u00f3n cultural Malotun Ortiga, que busca acercar las artes y las culturas a la comunidad del territorio aysenino. La iniciativa cuenta con el financiamiento del 8% Social del Gobierno Regional de Ays\u00e9n, como tambi\u00e9n del Programa de Apoyo a Organizaciones Culturales Colaboradoras (PAOCC), del Ministerio de las Culturas, las Artes y el Patrimonio.<\/p>\n<p style=\"font-weight: 400; text-align: justify;\">El director de \u201cThe Dark Side of the Sur\u201d, V\u00edctor Cabrera, se refiri\u00f3 a esta iniciativa, destacando las novedades de su formato. \u201cPermanecen las entrevistas en los conciertos, a cargo del destacado locutor radial Marco Canto. As\u00ed, esta novena versi\u00f3n mantiene la premisa de presentar obras de artistas regionales y nacionales en un formato que permite una mayor conexi\u00f3n con los p\u00fablicos que participan. Esta actividad invita a la comunidad a sumergirse en una vivencia \u00fanica, dejando de ser s\u00f3lo un concierto, para convertirse en una experiencia\u201d, expres\u00f3 el organizador.<\/p>\n<p style=\"font-weight: 400; text-align: justify;\">Agreg\u00f3 que \u201cadem\u00e1s de la invitaci\u00f3n a artistas nacionales, es importante destacar que los proyectos regionales son propuestas nuevas de m\u00fasicos que, a pesar de ser j\u00f3venes, tienen una extensa trayectoria y se han atrevido a innovar en sus estilos\u201d, expres\u00f3 el organizador\u201d.<\/p>\n<p style=\"font-weight: 400; text-align: justify;\">El gestor cultural tambi\u00e9n recalc\u00f3 la parrilla art\u00edstica de este 2024, que comienza el 23 de agosto con la participaci\u00f3n del jazz y la experimentaci\u00f3n de Andr\u00e9s Godoy. Al d\u00eda siguiente, estar\u00e1 presente la m\u00fasica de Daniela Millaleo, cantante mapuche, feminista y madre, nieta del desarraigo de Wallmapu. Luego, el d\u00eda 30 del presente mes, la evoluci\u00f3n de la tradici\u00f3n campera se ver\u00e1 representada por el joven y destacado cantautor patag\u00f3nico, Luciano Auad. Y, el 31 de agosto, las sesiones musicales concluyen con el sonido en vivo de Juan Pablo Aguilera, uno de los m\u00fasicos m\u00e1s vers\u00e1tiles de Ays\u00e9n.<\/p>\n<p style=\"font-weight: 400; text-align: justify;\">\u201cSiendo parte de la comunidad, Malotun tiene la inquietud permanente de buscar formas de abrir espacios que fomenten la actividad art\u00edstica como parte del desarrollo integral de las personas. En ese sentido, la m\u00fasica nos permite instalar tem\u00e1ticas sobre las que sentimos importante conversar y debatir en sociedad, es una herramienta que aporta, desde la acci\u00f3n l\u00fadica, al bienestar de todos y todas, sin distinci\u00f3n\u201d, coment\u00f3 V\u00edctor Cabrera.<\/p>\n<p style=\"font-weight: 400; text-align: justify;\">\u201cThe Dark Side of the Sur\u201d se realizar\u00e1 entre los d\u00edas 23, 24, 30 y 31 de agosto, en el Museo Regional de Ays\u00e9n, comenzando cada jornada a las 18:15 horas, con adhesi\u00f3n gratuita. Los conciertos de a\u00f1os anteriores est\u00e1n en el canal de YouTube de esta iniciativa de m\u00fasica, conversaci\u00f3n y arte visual, desde la Regi\u00f3n de Ays\u00e9n.<\/p>\n<p style=\"font-weight: 400; text-align: justify;\">Cabe destacar que tambi\u00e9n estar\u00e1n presentes otras disciplinas art\u00edsticas. Todos los conciertos contar\u00e1n en la propuesta esc\u00e9nica con obras de artistas visuales regionales, como la Agrupaci\u00f3n de Artesanas Flores del Chilco (Villa Amengual); el Patrimonio Fotogr\u00e1fico de Mujeres en la Historia de Ays\u00e9n y \u00abUn di\u00e1logo entre oficios patrimoniales y dise\u00f1o param\u00e9trico\u00bb, exposiciones que podr\u00e1n ser apreciadas por el p\u00fablico asistente a cada jornada.<\/p>\n<\/div><\/section><\/div><div  style='height:50px' class='hr hr-invisible   avia-builder-el-6  el_after_av_one_full  el_before_av_social_share '><span class='hr-inner ' ><span class='hr-inner-style'><\/span><\/span><\/div><\/p>\n<div  class='av-social-sharing-box  avia-builder-el-7  el_after_av_hr  el_before_av_hr  '><div class='av-share-box'><h5 class='av-share-link-description av-no-toc '>Compartir esta noticia<\/h5><ul class='av-share-box-list noLightbox'><li class='av-share-link av-social-link-facebook' ><a target=\"_blank\" aria-label=\"Compartir en Facebook\" href='https:\/\/www.facebook.com\/sharer.php?u=https:\/\/radiorevelacionfm.cl\/?p=44967&#038;t=%E2%80%9CThe%20Dark%20Side%20of%20the%20Sur%E2%80%9D%20cumple%20nueve%20a%C3%B1os%20acercando%20la%20m%C3%BAsica%20chilena%20a%20la%20comunidad%20de%20Ays%C3%A9n' aria-hidden='false' data-av_icon='\ue8f3' data-av_iconfont='entypo-fontello' title='' data-avia-related-tooltip='Compartir en Facebook' rel=\"noopener\"><span class='avia_hidden_link_text'>Compartir en Facebook<\/span><\/a><\/li><li class='av-share-link av-social-link-twitter' ><a target=\"_blank\" aria-label=\"Compartir en Twitter\" href='https:\/\/twitter.com\/share?text=%E2%80%9CThe%20Dark%20Side%20of%20the%20Sur%E2%80%9D%20cumple%20nueve%20a%C3%B1os%20acercando%20la%20m%C3%BAsica%20chilena%20a%20la%20comunidad%20de%20Ays%C3%A9n&#038;url=https:\/\/radiorevelacionfm.cl\/?p=44967' aria-hidden='false' data-av_icon='\ue8f1' data-av_iconfont='entypo-fontello' title='' data-avia-related-tooltip='Compartir en Twitter' rel=\"noopener\"><span class='avia_hidden_link_text'>Compartir en Twitter<\/span><\/a><\/li><li class='av-share-link av-social-link-whatsapp' ><a target=\"_blank\" aria-label=\"Compartir en Whatsapp\" href='https:\/\/api.whatsapp.com\/send?text=https:\/\/radiorevelacionfm.cl\/?p=44967' aria-hidden='false' data-av_icon='\uf232' data-av_iconfont='entypo-fontello' title='' data-avia-related-tooltip='Compartir en Whatsapp' rel=\"noopener\"><span class='avia_hidden_link_text'>Compartir en Whatsapp<\/span><\/a><\/li><li class='av-share-link av-social-link-linkedin' ><a target=\"_blank\" aria-label=\"Compartir en LinkedIn\" href='https:\/\/linkedin.com\/shareArticle?mini=true&#038;title=%E2%80%9CThe%20Dark%20Side%20of%20the%20Sur%E2%80%9D%20cumple%20nueve%20a%C3%B1os%20acercando%20la%20m%C3%BAsica%20chilena%20a%20la%20comunidad%20de%20Ays%C3%A9n&#038;url=https:\/\/radiorevelacionfm.cl\/?p=44967' aria-hidden='false' data-av_icon='\ue8fc' data-av_iconfont='entypo-fontello' title='' data-avia-related-tooltip='Compartir en LinkedIn' rel=\"noopener\"><span class='avia_hidden_link_text'>Compartir en LinkedIn<\/span><\/a><\/li><li class='av-share-link av-social-link-mail' ><a  aria-label=\"Compartir por correo\" href='mailto:?subject=%E2%80%9CThe%20Dark%20Side%20of%20the%20Sur%E2%80%9D%20cumple%20nueve%20a%C3%B1os%20acercando%20la%20m%C3%BAsica%20chilena%20a%20la%20comunidad%20de%20Ays%C3%A9n&#038;body=https:\/\/radiorevelacionfm.cl\/?p=44967' aria-hidden='false' data-av_icon='\ue805' data-av_iconfont='entypo-fontello' title='' data-avia-related-tooltip='Compartir por correo'><span class='avia_hidden_link_text'>Compartir por correo<\/span><\/a><\/li><\/ul><\/div><\/div>\n<div  style='height:50px' class='hr hr-invisible   avia-builder-el-8  el_after_av_social_share  el_before_av_comments_list '><span class='hr-inner ' ><span class='hr-inner-style'><\/span><\/span><\/div>\n<div  class='av-buildercomment  av-blog-meta-html-info-disabled av-blog-meta-tag-disabled  '><\/div>\n","protected":false},"excerpt":{"rendered":"","protected":false},"author":1,"featured_media":44968,"comment_status":"open","ping_status":"open","sticky":false,"template":"","format":"standard","meta":{"footnotes":""},"categories":[43],"tags":[],"class_list":["post-44967","post","type-post","status-publish","format-standard","has-post-thumbnail","hentry","category-musica"],"jetpack_featured_media_url":"https:\/\/radiorevelacionfm.cl\/wp-content\/uploads\/2024\/08\/Juan-Pablo-Aguilera-1-1.jpeg","_links":{"self":[{"href":"https:\/\/radiorevelacionfm.cl\/index.php?rest_route=\/wp\/v2\/posts\/44967","targetHints":{"allow":["GET"]}}],"collection":[{"href":"https:\/\/radiorevelacionfm.cl\/index.php?rest_route=\/wp\/v2\/posts"}],"about":[{"href":"https:\/\/radiorevelacionfm.cl\/index.php?rest_route=\/wp\/v2\/types\/post"}],"author":[{"embeddable":true,"href":"https:\/\/radiorevelacionfm.cl\/index.php?rest_route=\/wp\/v2\/users\/1"}],"replies":[{"embeddable":true,"href":"https:\/\/radiorevelacionfm.cl\/index.php?rest_route=%2Fwp%2Fv2%2Fcomments&post=44967"}],"version-history":[{"count":1,"href":"https:\/\/radiorevelacionfm.cl\/index.php?rest_route=\/wp\/v2\/posts\/44967\/revisions"}],"predecessor-version":[{"id":44969,"href":"https:\/\/radiorevelacionfm.cl\/index.php?rest_route=\/wp\/v2\/posts\/44967\/revisions\/44969"}],"wp:featuredmedia":[{"embeddable":true,"href":"https:\/\/radiorevelacionfm.cl\/index.php?rest_route=\/wp\/v2\/media\/44968"}],"wp:attachment":[{"href":"https:\/\/radiorevelacionfm.cl\/index.php?rest_route=%2Fwp%2Fv2%2Fmedia&parent=44967"}],"wp:term":[{"taxonomy":"category","embeddable":true,"href":"https:\/\/radiorevelacionfm.cl\/index.php?rest_route=%2Fwp%2Fv2%2Fcategories&post=44967"},{"taxonomy":"post_tag","embeddable":true,"href":"https:\/\/radiorevelacionfm.cl\/index.php?rest_route=%2Fwp%2Fv2%2Ftags&post=44967"}],"curies":[{"name":"wp","href":"https:\/\/api.w.org\/{rel}","templated":true}]}}