{"id":44961,"date":"2024-08-08T19:46:25","date_gmt":"2024-08-08T22:46:25","guid":{"rendered":"https:\/\/radiorevelacionfm.cl\/?p=44961"},"modified":"2024-08-08T19:46:25","modified_gmt":"2024-08-08T22:46:25","slug":"por-primera-vez-entregan-cifras-a-nivel-comunal-sobre-encuesta-nacional-urbana-de-seguridad-ciudadana","status":"publish","type":"post","link":"https:\/\/radiorevelacionfm.cl\/?p=44961","title":{"rendered":"Por primera vez, entregan cifras a nivel comunal sobre Encuesta Nacional Urbana de Seguridad Ciudadana"},"content":{"rendered":"<div class=\"flex_column av_one_full  flex_column_div av-zero-column-padding first  avia-builder-el-0  el_before_av_one_full  avia-builder-el-first  \" style='border-radius:0px; '><div  class='avia-image-container  av-styling-    avia-builder-el-1  avia-builder-el-no-sibling  avia-align-center '  itemprop=\"image\" itemscope=\"itemscope\" itemtype=\"https:\/\/schema.org\/ImageObject\"  ><div class='avia-image-container-inner'><div class='avia-image-overlay-wrap'><img decoding=\"async\" class='wp-image-44962 avia-img-lazy-loading-not-44962 avia_image' src=\"https:\/\/radiorevelacionfm.cl\/wp-content\/uploads\/2024\/08\/enusc3-1_optimized.jpg\" alt='' title='enusc3-(1)_optimized' height=\"600\" width=\"800\"  itemprop=\"thumbnailUrl\" srcset=\"https:\/\/radiorevelacionfm.cl\/wp-content\/uploads\/2024\/08\/enusc3-1_optimized.jpg 800w, https:\/\/radiorevelacionfm.cl\/wp-content\/uploads\/2024\/08\/enusc3-1_optimized-300x225.jpg 300w, https:\/\/radiorevelacionfm.cl\/wp-content\/uploads\/2024\/08\/enusc3-1_optimized-768x576.jpg 768w, https:\/\/radiorevelacionfm.cl\/wp-content\/uploads\/2024\/08\/enusc3-1_optimized-705x529.jpg 705w, https:\/\/radiorevelacionfm.cl\/wp-content\/uploads\/2024\/08\/enusc3-1_optimized-450x338.jpg 450w, https:\/\/radiorevelacionfm.cl\/wp-content\/uploads\/2024\/08\/enusc3-1_optimized-600x450.jpg 600w\" sizes=\"(max-width: 800px) 100vw, 800px\" \/><\/div><\/div><\/div><\/div><div class=\"flex_column av_one_full  flex_column_div av-zero-column-padding first  avia-builder-el-2  el_after_av_one_full  el_before_av_one_full  column-top-margin\" style='border-radius:0px; '><section class=\"av_textblock_section \"  itemscope=\"itemscope\" itemtype=\"https:\/\/schema.org\/BlogPosting\" itemprop=\"blogPost\" ><div class='avia_textblock  '   itemprop=\"text\" ><p style=\"text-align: center;\"><strong><span style=\"font-size: 18pt;\">Por primera vez, entregan cifras a nivel comunal sobre Encuesta Nacional Urbana de Seguridad Ciudadana<\/span><\/strong><\/p>\n<div id=\"gtx-trans\" style=\"position: absolute; left: -50px; top: 4.31534px;\">\n<div class=\"gtx-trans-icon\"><\/div>\n<\/div>\n<\/div><\/section><\/div><div class=\"flex_column av_one_full  flex_column_div av-zero-column-padding first  avia-builder-el-4  el_after_av_one_full  el_before_av_hr  column-top-margin\" style='border-radius:0px; '><section class=\"av_textblock_section \"  itemscope=\"itemscope\" itemtype=\"https:\/\/schema.org\/BlogPosting\" itemprop=\"blogPost\" ><div class='avia_textblock  '   itemprop=\"text\" ><p style=\"text-align: justify;\"><em>La encuesta abarc\u00f3 m\u00e1s de 49 mil viviendas de \u00e1reas urbanas de todo Chile, lo que la convierte en el segundo estudio de este tipo m\u00e1s grande en Am\u00e9rica Latina.<\/em><\/p>\n<p style=\"text-align: justify;\">Recientemente, se presentaron los resultados de la \u00faltima Encuesta Nacional Urbana de Seguridad Ciudadana (ENUSC), el principal instrumento del pa\u00eds para medir la victimizaci\u00f3n y la percepci\u00f3n de seguridad, y que por primera vez cont\u00f3 con informaci\u00f3n detallada y fiable a nivel comunal.<\/p>\n<p style=\"text-align: justify;\">La ENUSC 2023 fue la primera realizada bajo las modificaciones introducidas durante el Gobierno del Presidente Gabriel Boric, acordadas con un grupo transversal de expertos y acad\u00e9micos a fin de adaptar el estudio a los m\u00e1s altos est\u00e1ndares internacionales.<\/p>\n<p style=\"text-align: justify;\">Una de las principales novedades de esta nueva ENUSC es la ampliaci\u00f3n de la muestra, que abarc\u00f3 a m\u00e1s de 49 mil viviendas urbanas a nivel nacional, lo que la convierten en la segunda encuesta m\u00e1s grande de Am\u00e9rica Latina, solo por detr\u00e1s de M\u00e9xico. Asimismo, de manera in\u00e9dita, present\u00f3 mediciones detalladas de 136 comunas, con lo que alcanz\u00f3 una representaci\u00f3n estad\u00edstica del 85% de la poblaci\u00f3n urbana a nivel nacional.<\/p>\n<p style=\"text-align: justify;\">Asimismo, se dieron a conocer nuevos indicadores, entre ellos, delitos de robo con o sin violencia, robos no violentos, delitos emergentes, delitos cibern\u00e9ticos, delitos econ\u00f3micos, delitos de vandalismo, cr\u00edmenes de odio, intentos de delito y hurtos.<\/p>\n<p style=\"text-align: justify;\">Sobre la importancia de estas modificaciones, el Subsecretario de Prevenci\u00f3n del Delito, Eduardo Vergara, destac\u00f3 que \u201chasta ahora la ENUSC s\u00f3lo contaba con representatividad a nivel nacional y regional, por lo tanto, estos indicadores de victimizaci\u00f3n y percepci\u00f3n a nivel comunal permitir\u00e1n orientar pol\u00edticas p\u00fablicas que se adapten a las particularidades y necesidades concretas de cada comuna\u201d.<\/p>\n<p style=\"text-align: justify;\">Respecto de los resultados regionales, el Delegado Presidencial Regional, Rodrigo Araya, manifest\u00f3 que \u201clos n\u00fameros de mantuvieron estables, e incluso a la baja. Un 86,3% de los encuestados percibe un aumento de delincuencia en el pa\u00eds, un poco por debajo de los 88,6% del 2022. Respecto de la victimizaci\u00f3n de hogares, un 8,2% de los encuestados declar\u00f3 haber sido v\u00edctima de alg\u00fan delito violento en los \u00faltimos 12 meses, algo m\u00e1s bajo que el 2022, en que se report\u00f3 un 8,7% de v\u00edctimas\u201d.<\/p>\n<p style=\"text-align: justify;\">\u201cEstos antecedentes son importantes y contribuyen a contextualizar la importancia de la recuperaci\u00f3n de espacios p\u00fablicos, prevenci\u00f3n y gesti\u00f3n coordinada, para atender de manera efectiva las necesidades de seguridad p\u00fablica, comprendiendo que es prioritario para las comunidades y la ciudadan\u00eda\u201d, concluy\u00f3.<\/p>\n<p style=\"text-align: justify;\">Destacar que la ENUSC 2023 se realiz\u00f3 entre los meses de julio y diciembre de ese a\u00f1o y contempl\u00f3 un total de 49.813 viviendas encuestadas. Durante la actual administraci\u00f3n tubo un aumento de presupuesto y participaron m\u00e1s de 400 personas en su realizaci\u00f3n.<\/p>\n<p style=\"text-align: justify;\">Por \u00faltimo, la Coordinadora Regional de la Subsecretaria de Prevenci\u00f3n del Delito, Camila Covarrubias, destac\u00f3 que en esta \u00faltima versi\u00f3n se aplic\u00f3 la encuesta en las comunas de Coyhaique y Ays\u00e9n, la que revel\u00f3 datos bastante significativos. \u201cLos encuestados se refirieron a los indicadores hist\u00f3ricos tales como victimizaci\u00f3n y percepci\u00f3n de seguridad. Resalta en estas series que la percepci\u00f3n de aumento de la delincuencia en sus barrios es de 31,9% para Coyhaique y de 23% para Ays\u00e9n, estando muy por debajo del promedio pa\u00eds que es del 54,7%, tomando a\u00fan m\u00e1s sentido seguir focalizando nuestro trabajo en los barrios y el territorio. Adem\u00e1s, se sumaron nuevos par\u00e1metros como las medidas de prevenci\u00f3n y seguridad a nivel personal y comunitario, presencia de tr\u00e1fico de drogas y armas en los barrios, etc.<\/p>\n<p style=\"text-align: justify;\">Para conocer en detalle las cifras de la ENUSC 2023, puede hacerlo ingresando a la p\u00e1gina https:\/\/cead.spd.gov.cl\/estudios-y-encuestas\/<\/p>\n<\/div><\/section><\/div><div  style='height:50px' class='hr hr-invisible   avia-builder-el-6  el_after_av_one_full  el_before_av_social_share '><span class='hr-inner ' ><span class='hr-inner-style'><\/span><\/span><\/div><\/p>\n<div  class='av-social-sharing-box  avia-builder-el-7  el_after_av_hr  el_before_av_hr  '><div class='av-share-box'><h5 class='av-share-link-description av-no-toc '>Compartir esta noticia<\/h5><ul class='av-share-box-list noLightbox'><li class='av-share-link av-social-link-facebook' ><a target=\"_blank\" aria-label=\"Compartir en Facebook\" href='https:\/\/www.facebook.com\/sharer.php?u=https:\/\/radiorevelacionfm.cl\/?p=44961&#038;t=Por%20primera%20vez%2C%20entregan%20cifras%20a%20nivel%20comunal%20sobre%20Encuesta%20Nacional%20Urbana%20de%20Seguridad%20Ciudadana' aria-hidden='false' data-av_icon='\ue8f3' data-av_iconfont='entypo-fontello' title='' data-avia-related-tooltip='Compartir en Facebook' rel=\"noopener\"><span class='avia_hidden_link_text'>Compartir en Facebook<\/span><\/a><\/li><li class='av-share-link av-social-link-twitter' ><a target=\"_blank\" aria-label=\"Compartir en Twitter\" href='https:\/\/twitter.com\/share?text=Por%20primera%20vez%2C%20entregan%20cifras%20a%20nivel%20comunal%20sobre%20Encuesta%20Nacional%20Urbana%20de%20Seguridad%20Ciudadana&#038;url=https:\/\/radiorevelacionfm.cl\/?p=44961' aria-hidden='false' data-av_icon='\ue8f1' data-av_iconfont='entypo-fontello' title='' data-avia-related-tooltip='Compartir en Twitter' rel=\"noopener\"><span class='avia_hidden_link_text'>Compartir en Twitter<\/span><\/a><\/li><li class='av-share-link av-social-link-whatsapp' ><a target=\"_blank\" aria-label=\"Compartir en Whatsapp\" href='https:\/\/api.whatsapp.com\/send?text=https:\/\/radiorevelacionfm.cl\/?p=44961' aria-hidden='false' data-av_icon='\uf232' data-av_iconfont='entypo-fontello' title='' data-avia-related-tooltip='Compartir en Whatsapp' rel=\"noopener\"><span class='avia_hidden_link_text'>Compartir en Whatsapp<\/span><\/a><\/li><li class='av-share-link av-social-link-linkedin' ><a target=\"_blank\" aria-label=\"Compartir en LinkedIn\" href='https:\/\/linkedin.com\/shareArticle?mini=true&#038;title=Por%20primera%20vez%2C%20entregan%20cifras%20a%20nivel%20comunal%20sobre%20Encuesta%20Nacional%20Urbana%20de%20Seguridad%20Ciudadana&#038;url=https:\/\/radiorevelacionfm.cl\/?p=44961' aria-hidden='false' data-av_icon='\ue8fc' data-av_iconfont='entypo-fontello' title='' data-avia-related-tooltip='Compartir en LinkedIn' rel=\"noopener\"><span class='avia_hidden_link_text'>Compartir en LinkedIn<\/span><\/a><\/li><li class='av-share-link av-social-link-mail' ><a  aria-label=\"Compartir por correo\" href='mailto:?subject=Por%20primera%20vez%2C%20entregan%20cifras%20a%20nivel%20comunal%20sobre%20Encuesta%20Nacional%20Urbana%20de%20Seguridad%20Ciudadana&#038;body=https:\/\/radiorevelacionfm.cl\/?p=44961' aria-hidden='false' data-av_icon='\ue805' data-av_iconfont='entypo-fontello' title='' data-avia-related-tooltip='Compartir por correo'><span class='avia_hidden_link_text'>Compartir por correo<\/span><\/a><\/li><\/ul><\/div><\/div>\n<div  style='height:50px' class='hr hr-invisible   avia-builder-el-8  el_after_av_social_share  el_before_av_comments_list '><span class='hr-inner ' ><span class='hr-inner-style'><\/span><\/span><\/div>\n<div  class='av-buildercomment  av-blog-meta-html-info-disabled av-blog-meta-tag-disabled  '><\/div>\n","protected":false},"excerpt":{"rendered":"","protected":false},"author":1,"featured_media":44962,"comment_status":"open","ping_status":"open","sticky":false,"template":"","format":"standard","meta":{"footnotes":""},"categories":[38],"tags":[],"class_list":["post-44961","post","type-post","status-publish","format-standard","has-post-thumbnail","hentry","category-regional"],"jetpack_featured_media_url":"https:\/\/radiorevelacionfm.cl\/wp-content\/uploads\/2024\/08\/enusc3-1_optimized.jpg","_links":{"self":[{"href":"https:\/\/radiorevelacionfm.cl\/index.php?rest_route=\/wp\/v2\/posts\/44961","targetHints":{"allow":["GET"]}}],"collection":[{"href":"https:\/\/radiorevelacionfm.cl\/index.php?rest_route=\/wp\/v2\/posts"}],"about":[{"href":"https:\/\/radiorevelacionfm.cl\/index.php?rest_route=\/wp\/v2\/types\/post"}],"author":[{"embeddable":true,"href":"https:\/\/radiorevelacionfm.cl\/index.php?rest_route=\/wp\/v2\/users\/1"}],"replies":[{"embeddable":true,"href":"https:\/\/radiorevelacionfm.cl\/index.php?rest_route=%2Fwp%2Fv2%2Fcomments&post=44961"}],"version-history":[{"count":1,"href":"https:\/\/radiorevelacionfm.cl\/index.php?rest_route=\/wp\/v2\/posts\/44961\/revisions"}],"predecessor-version":[{"id":44963,"href":"https:\/\/radiorevelacionfm.cl\/index.php?rest_route=\/wp\/v2\/posts\/44961\/revisions\/44963"}],"wp:featuredmedia":[{"embeddable":true,"href":"https:\/\/radiorevelacionfm.cl\/index.php?rest_route=\/wp\/v2\/media\/44962"}],"wp:attachment":[{"href":"https:\/\/radiorevelacionfm.cl\/index.php?rest_route=%2Fwp%2Fv2%2Fmedia&parent=44961"}],"wp:term":[{"taxonomy":"category","embeddable":true,"href":"https:\/\/radiorevelacionfm.cl\/index.php?rest_route=%2Fwp%2Fv2%2Fcategories&post=44961"},{"taxonomy":"post_tag","embeddable":true,"href":"https:\/\/radiorevelacionfm.cl\/index.php?rest_route=%2Fwp%2Fv2%2Ftags&post=44961"}],"curies":[{"name":"wp","href":"https:\/\/api.w.org\/{rel}","templated":true}]}}