{"id":44958,"date":"2024-08-08T14:08:03","date_gmt":"2024-08-08T17:08:03","guid":{"rendered":"https:\/\/radiorevelacionfm.cl\/?p=44958"},"modified":"2024-08-08T14:08:03","modified_gmt":"2024-08-08T17:08:03","slug":"en-villa-cerro-castillo-es-inaugurado-puesto-estrategico-de-control-de-carabineros","status":"publish","type":"post","link":"https:\/\/radiorevelacionfm.cl\/?p=44958","title":{"rendered":"En Villa Cerro Castillo es inaugurado Puesto Estrat\u00e9gico de Control de Carabineros"},"content":{"rendered":"<div class=\"flex_column av_one_full  flex_column_div av-zero-column-padding first  avia-builder-el-0  el_before_av_one_full  avia-builder-el-first  \" style='border-radius:0px; '><div  class='avia-image-container  av-styling-    avia-builder-el-1  avia-builder-el-no-sibling  avia-align-center '  itemprop=\"image\" itemscope=\"itemscope\" itemtype=\"https:\/\/schema.org\/ImageObject\"  ><div class='avia-image-container-inner'><div class='avia-image-overlay-wrap'><img decoding=\"async\" class='wp-image-44959 avia-img-lazy-loading-not-44959 avia_image' src=\"https:\/\/radiorevelacionfm.cl\/wp-content\/uploads\/2024\/08\/454400493_1030357522423475_722686719270413895_n_optimized.jpg\" alt='' title='454400493_1030357522423475_722686719270413895_n_optimized' height=\"600\" width=\"1066\"  itemprop=\"thumbnailUrl\" srcset=\"https:\/\/radiorevelacionfm.cl\/wp-content\/uploads\/2024\/08\/454400493_1030357522423475_722686719270413895_n_optimized.jpg 1066w, https:\/\/radiorevelacionfm.cl\/wp-content\/uploads\/2024\/08\/454400493_1030357522423475_722686719270413895_n_optimized-300x169.jpg 300w, https:\/\/radiorevelacionfm.cl\/wp-content\/uploads\/2024\/08\/454400493_1030357522423475_722686719270413895_n_optimized-1030x580.jpg 1030w, https:\/\/radiorevelacionfm.cl\/wp-content\/uploads\/2024\/08\/454400493_1030357522423475_722686719270413895_n_optimized-768x432.jpg 768w, https:\/\/radiorevelacionfm.cl\/wp-content\/uploads\/2024\/08\/454400493_1030357522423475_722686719270413895_n_optimized-705x397.jpg 705w, https:\/\/radiorevelacionfm.cl\/wp-content\/uploads\/2024\/08\/454400493_1030357522423475_722686719270413895_n_optimized-450x253.jpg 450w, https:\/\/radiorevelacionfm.cl\/wp-content\/uploads\/2024\/08\/454400493_1030357522423475_722686719270413895_n_optimized-600x338.jpg 600w\" sizes=\"(max-width: 1066px) 100vw, 1066px\" \/><\/div><\/div><\/div><\/div><div class=\"flex_column av_one_full  flex_column_div av-zero-column-padding first  avia-builder-el-2  el_after_av_one_full  el_before_av_one_full  column-top-margin\" style='border-radius:0px; '><section class=\"av_textblock_section \"  itemscope=\"itemscope\" itemtype=\"https:\/\/schema.org\/BlogPosting\" itemprop=\"blogPost\" ><div class='avia_textblock  '   itemprop=\"text\" ><p style=\"text-align: center;\"><strong><span style=\"font-size: 18pt;\">En Villa Cerro Castillo es inaugurado Puesto Estrat\u00e9gico de Control de Carabineros<\/span><\/strong><\/p>\n<div id=\"gtx-trans\" style=\"position: absolute; left: -50px; top: 4.31534px;\">\n<div class=\"gtx-trans-icon\"><\/div>\n<\/div>\n<\/div><\/section><\/div><div class=\"flex_column av_one_full  flex_column_div av-zero-column-padding first  avia-builder-el-4  el_after_av_one_full  el_before_av_hr  column-top-margin\" style='border-radius:0px; '><section class=\"av_textblock_section \"  itemscope=\"itemscope\" itemtype=\"https:\/\/schema.org\/BlogPosting\" itemprop=\"blogPost\" ><div class='avia_textblock  '   itemprop=\"text\" ><p style=\"text-align: justify;\"><em>De esta forma la localidad contar\u00e1 con presencia policial permanente en el sector, iniciativa que comenz\u00f3 a cimentarse con la incorporaci\u00f3n de la villa al Plan Verano de Carabineros durante la \u00faltima temporada estival.<\/em><\/p>\n<p style=\"text-align: justify;\">En concreto, un contenedor al costado de la Ruta 7 en Villa Cerro Castillo, pero que representa un anhelo de a\u00f1os de los vecinos y vecinas de la localidad tur\u00edstica que por a\u00f1os buscaron maneras de contar con una presencia permanente de Carabineros de Chile.<\/p>\n<p style=\"text-align: justify;\">Durante el 2023 la comunidad organizada solicit\u00f3 una reuni\u00f3n para abordar el tema, a la que asisti\u00f3 el Delegado Presidencial Provincial de General Carrera, Crist\u00f3bal Barcel\u00f3, representantes de Carabineros y de la I. Municipalidad de R\u00edo Ib\u00e1\u00f1ez. En esa ocasi\u00f3n se ciment\u00f3 el inicio del \u201cPlan Verano\u201d de Carabineros a trav\u00e9s del cual mantuvo presencia desde diciembre de 2023 a febrero de 2024.<\/p>\n<p style=\"text-align: justify;\">Los resultados fueron muy positivos, por lo que se busc\u00f3 la manera de que haya presencia permanente de Carabineros en este sector estrat\u00e9gico tanto por la gran poblaci\u00f3n flotante que existe como por su ubicaci\u00f3n a un costado de la Ruta 7, principal arteria de la regi\u00f3n de Ays\u00e9n.<\/p>\n<p style=\"text-align: justify;\">As\u00ed se llega a la habilitaci\u00f3n de este <em>container<\/em> por parte de la I. Municipalidad de R\u00edo Ib\u00e1\u00f1ez, la que el vecino Eduardo Antrillao califica como una respuesta a \u201cuna inquietud, una necesidad que la gente de Cerro Castillo ven\u00eda pidiendo hace bastante tiempo a las autoridades\u201d porque \u201cEsta villa ha ido creciendo mucho, en los tiempos de verano pasa mucho turista, pasa mucha gente de tr\u00e1nsito, tambi\u00e9n llegando mucha gente de afuera, de otros lados\u201d<\/p>\n<p style=\"text-align: justify;\">Por su parte desde la Prefectura Ays\u00e9n de Carabineros, el prefecto Fuad Chab\u00e1n sostuvo que \u201cPara continuar con el mismo control y seguridad hacia los vecinos y no retirar los carabineros de ac\u00e1, quisimos con personal nuestro potenciar este lugar\u201d, adicionalmente coment\u00f3 que las principales finalidades corresponden a la prevenci\u00f3n y para efectuar controles, con lo cual \u201chemos bajado el \u00edndice delictual, sobre todo, los delitos de mayor connotaci\u00f3n social\u201d cierra el representante de Carabineros en la ceremonia de inauguraci\u00f3n.<\/p>\n<p style=\"text-align: justify;\">Por su parte el Delegado Presidencial Provincial de General Carrera, Crist\u00f3bal Barcel\u00f3 se mostr\u00f3 satisfecho por el trabajo coordinado que va en beneficio directo de la comunidad porque\u00a0 \u201cpara nosotros como Gobierno del Presidente Gabriel Boric es fundamental y uno de los pilares principales la seguridad p\u00fablica\u201d, a ello adicion\u00f3 que esta no es una acci\u00f3n aislada, sino que a trav\u00e9s de la Subsecretar\u00eda de Prevenci\u00f3n del Delito, Subdere y los gobiernos regionales, se est\u00e1 trabajando en potenciar la seguridad p\u00fablica a trav\u00e9s de diferentes m\u00e9todos como la entrega de veh\u00edculos a los municipios para patrullajes mixtos, recursos para renovaci\u00f3n de espacios p\u00fablicos, instalaci\u00f3n de c\u00e1maras, entre otros.<\/p>\n<p style=\"text-align: justify;\">Por \u00faltimo, desde la Municipalidad de R\u00edo Ib\u00e1\u00f1ez, entidad que estuvo a cargo de la habilitaci\u00f3n del punto estrat\u00e9gico de control y entreg\u00f3 el espacio para el mismo, se refiri\u00f3 el alcalde, Juan Saldivia, quien manifest\u00f3 que \u201cEste es un requerimiento que hab\u00eda manifestado la comunidad desde hace ya bastante tiempo que necesitaba la presencia de Carabineros. A partir de las reuniones con la comunidad se empez\u00f3 a abordar este tema\u201d a lo que sum\u00f3 \u201cEl compromiso era con la comunidad y con Carabineros de poder contar con ese espacio\u201d.<\/p>\n<p style=\"text-align: justify;\">De esta forma, se logra dar respuesta a un requerimiento de la comunidad, contando con personal policial en el sector.<\/p>\n<\/div><\/section><\/div><div  style='height:50px' class='hr hr-invisible   avia-builder-el-6  el_after_av_one_full  el_before_av_social_share '><span class='hr-inner ' ><span class='hr-inner-style'><\/span><\/span><\/div><\/p>\n<div  class='av-social-sharing-box  avia-builder-el-7  el_after_av_hr  el_before_av_hr  '><div class='av-share-box'><h5 class='av-share-link-description av-no-toc '>Compartir esta noticia<\/h5><ul class='av-share-box-list noLightbox'><li class='av-share-link av-social-link-facebook' ><a target=\"_blank\" aria-label=\"Compartir en Facebook\" href='https:\/\/www.facebook.com\/sharer.php?u=https:\/\/radiorevelacionfm.cl\/?p=44958&#038;t=En%20Villa%20Cerro%20Castillo%20es%20inaugurado%20Puesto%20Estrat%C3%A9gico%20de%20Control%20de%20Carabineros' aria-hidden='false' data-av_icon='\ue8f3' data-av_iconfont='entypo-fontello' title='' data-avia-related-tooltip='Compartir en Facebook' rel=\"noopener\"><span class='avia_hidden_link_text'>Compartir en Facebook<\/span><\/a><\/li><li class='av-share-link av-social-link-twitter' ><a target=\"_blank\" aria-label=\"Compartir en Twitter\" href='https:\/\/twitter.com\/share?text=En%20Villa%20Cerro%20Castillo%20es%20inaugurado%20Puesto%20Estrat%C3%A9gico%20de%20Control%20de%20Carabineros&#038;url=https:\/\/radiorevelacionfm.cl\/?p=44958' aria-hidden='false' data-av_icon='\ue8f1' data-av_iconfont='entypo-fontello' title='' data-avia-related-tooltip='Compartir en Twitter' rel=\"noopener\"><span class='avia_hidden_link_text'>Compartir en Twitter<\/span><\/a><\/li><li class='av-share-link av-social-link-whatsapp' ><a target=\"_blank\" aria-label=\"Compartir en Whatsapp\" href='https:\/\/api.whatsapp.com\/send?text=https:\/\/radiorevelacionfm.cl\/?p=44958' aria-hidden='false' data-av_icon='\uf232' data-av_iconfont='entypo-fontello' title='' data-avia-related-tooltip='Compartir en Whatsapp' rel=\"noopener\"><span class='avia_hidden_link_text'>Compartir en Whatsapp<\/span><\/a><\/li><li class='av-share-link av-social-link-linkedin' ><a target=\"_blank\" aria-label=\"Compartir en LinkedIn\" href='https:\/\/linkedin.com\/shareArticle?mini=true&#038;title=En%20Villa%20Cerro%20Castillo%20es%20inaugurado%20Puesto%20Estrat%C3%A9gico%20de%20Control%20de%20Carabineros&#038;url=https:\/\/radiorevelacionfm.cl\/?p=44958' aria-hidden='false' data-av_icon='\ue8fc' data-av_iconfont='entypo-fontello' title='' data-avia-related-tooltip='Compartir en LinkedIn' rel=\"noopener\"><span class='avia_hidden_link_text'>Compartir en LinkedIn<\/span><\/a><\/li><li class='av-share-link av-social-link-mail' ><a  aria-label=\"Compartir por correo\" href='mailto:?subject=En%20Villa%20Cerro%20Castillo%20es%20inaugurado%20Puesto%20Estrat%C3%A9gico%20de%20Control%20de%20Carabineros&#038;body=https:\/\/radiorevelacionfm.cl\/?p=44958' aria-hidden='false' data-av_icon='\ue805' data-av_iconfont='entypo-fontello' title='' data-avia-related-tooltip='Compartir por correo'><span class='avia_hidden_link_text'>Compartir por correo<\/span><\/a><\/li><\/ul><\/div><\/div>\n<div  style='height:50px' class='hr hr-invisible   avia-builder-el-8  el_after_av_social_share  el_before_av_comments_list '><span class='hr-inner ' ><span class='hr-inner-style'><\/span><\/span><\/div>\n<div  class='av-buildercomment  av-blog-meta-html-info-disabled av-blog-meta-tag-disabled  '><\/div>\n","protected":false},"excerpt":{"rendered":"","protected":false},"author":1,"featured_media":44959,"comment_status":"open","ping_status":"open","sticky":false,"template":"","format":"standard","meta":{"footnotes":""},"categories":[38],"tags":[],"class_list":["post-44958","post","type-post","status-publish","format-standard","has-post-thumbnail","hentry","category-regional"],"jetpack_featured_media_url":"https:\/\/radiorevelacionfm.cl\/wp-content\/uploads\/2024\/08\/454400493_1030357522423475_722686719270413895_n_optimized.jpg","_links":{"self":[{"href":"https:\/\/radiorevelacionfm.cl\/index.php?rest_route=\/wp\/v2\/posts\/44958","targetHints":{"allow":["GET"]}}],"collection":[{"href":"https:\/\/radiorevelacionfm.cl\/index.php?rest_route=\/wp\/v2\/posts"}],"about":[{"href":"https:\/\/radiorevelacionfm.cl\/index.php?rest_route=\/wp\/v2\/types\/post"}],"author":[{"embeddable":true,"href":"https:\/\/radiorevelacionfm.cl\/index.php?rest_route=\/wp\/v2\/users\/1"}],"replies":[{"embeddable":true,"href":"https:\/\/radiorevelacionfm.cl\/index.php?rest_route=%2Fwp%2Fv2%2Fcomments&post=44958"}],"version-history":[{"count":1,"href":"https:\/\/radiorevelacionfm.cl\/index.php?rest_route=\/wp\/v2\/posts\/44958\/revisions"}],"predecessor-version":[{"id":44960,"href":"https:\/\/radiorevelacionfm.cl\/index.php?rest_route=\/wp\/v2\/posts\/44958\/revisions\/44960"}],"wp:featuredmedia":[{"embeddable":true,"href":"https:\/\/radiorevelacionfm.cl\/index.php?rest_route=\/wp\/v2\/media\/44959"}],"wp:attachment":[{"href":"https:\/\/radiorevelacionfm.cl\/index.php?rest_route=%2Fwp%2Fv2%2Fmedia&parent=44958"}],"wp:term":[{"taxonomy":"category","embeddable":true,"href":"https:\/\/radiorevelacionfm.cl\/index.php?rest_route=%2Fwp%2Fv2%2Fcategories&post=44958"},{"taxonomy":"post_tag","embeddable":true,"href":"https:\/\/radiorevelacionfm.cl\/index.php?rest_route=%2Fwp%2Fv2%2Ftags&post=44958"}],"curies":[{"name":"wp","href":"https:\/\/api.w.org\/{rel}","templated":true}]}}