{"id":4494,"date":"2021-05-25T12:43:06","date_gmt":"2021-05-25T15:43:06","guid":{"rendered":"https:\/\/radiorevelacionfm.cl\/?p=4494"},"modified":"2021-05-25T13:41:24","modified_gmt":"2021-05-25T16:41:24","slug":"anuncian-fondo-para-ferias-libres-de-sercotec-para-todo-el-pais","status":"publish","type":"post","link":"https:\/\/radiorevelacionfm.cl\/?p=4494","title":{"rendered":"Anuncian fondo Ferias Libres de Sercotec para todo el pa\u00eds"},"content":{"rendered":"<div class=\"flex_column av_one_full  flex_column_div av-zero-column-padding first  avia-builder-el-0  el_before_av_one_full  avia-builder-el-first  \" style='border-radius:0px; '><div  class='avia-image-container  av-styling-    avia-builder-el-1  avia-builder-el-no-sibling  avia-align-center '  itemprop=\"image\" itemscope=\"itemscope\" itemtype=\"https:\/\/schema.org\/ImageObject\"  ><div class='avia-image-container-inner'><div class='avia-image-overlay-wrap'><img decoding=\"async\" class='wp-image-0 avia-img-lazy-loading-not-0 avia_image' src=\"https:\/\/radiorevelacionfm.cl\/wp-content\/uploads\/2021\/05\/Ferias-Libres-Sercotec-1-1.jpg\" alt='' title=''   itemprop=\"thumbnailUrl\"  \/><\/div><\/div><\/div><\/div>\n<div class=\"flex_column av_one_full  flex_column_div av-zero-column-padding first  avia-builder-el-2  el_after_av_one_full  el_before_av_one_full  column-top-margin\" style='border-radius:0px; '><section class=\"av_textblock_section \"  itemscope=\"itemscope\" itemtype=\"https:\/\/schema.org\/BlogPosting\" itemprop=\"blogPost\" ><div class='avia_textblock  '   itemprop=\"text\" ><p style=\"text-align: center;\"><strong><span style=\"font-size: 18pt;\">Anuncian fondo Ferias Libres de Sercotec para todo el pa\u00eds<\/span><\/strong><\/p>\n<div id=\"gtx-trans\" style=\"position: absolute; left: -50px; top: 4.31534px;\">\n<div class=\"gtx-trans-icon\"><\/div>\n<\/div>\n<\/div><\/section><\/div><div class=\"flex_column av_one_full  flex_column_div av-zero-column-padding first  avia-builder-el-4  el_after_av_one_full  el_before_av_hr  column-top-margin\" style='border-radius:0px; '><section class=\"av_textblock_section \"  itemscope=\"itemscope\" itemtype=\"https:\/\/schema.org\/BlogPosting\" itemprop=\"blogPost\" ><div class='avia_textblock  '   itemprop=\"text\" ><p style=\"font-weight: 400; text-align: justify;\">Este lunes la primera dama, Cecilia Morel, junto al Ministro de Econom\u00eda, Lucas Palacios, y el director nacional de Sercotec, Bruno Trisotti, anunciaron la apertura de una nueva convocatoria del Fondo de Ferias Libres para todo el pa\u00eds. Este subsidio permitir\u00e1 a los comerciantes, quienes son la primera l\u00ednea de abastecimiento de millones de chilenos, realizar mejoras en sus puestos e implementar m\u00e1s medidas de protecci\u00f3n y seguridad ante el Covid 19, entre otras medidas.<\/p>\n<p style=\"font-weight: 400; text-align: justify;\">La iniciativa busca en concreto apoyar la implementaci\u00f3n de mejoras, acciones y alianzas estrat\u00e9gicas que sean beneficiosas para los comerciantes de las ferias libres, permiti\u00e9ndoles financiar, por ejemplo, distintos canales de comercializaci\u00f3n virtual con sus clientes, generar marketing digital o potenciar inversiones de infraestructura y equipamiento para la agrupaci\u00f3n que se adjudique este beneficio.<\/p>\n<p style=\"font-weight: 400; text-align: justify;\">En la oportunidad, la\u00a0primera dama y quien lidera el programa \u201cAdulto Mejor\u201d, Cecilia Morel,\u00a0dijo: \u201cLas ferias libres son parte del patrimonio cultural de nuestro pa\u00eds. En ellas trabajan miles de chilenos y chilenas de esfuerzo de las cuales m\u00e1s del 30% de ellos son adultos mayores y quienes nos abastecen d\u00eda a d\u00eda de los alimentos de primera necesidad. Como Gobierno estamos comprometidos en apoyar a nuestros feriantes, sobre todo en estos momentos, en que han sufrido las consecuencias del Covid-19\u201d.<\/p>\n<p style=\"font-weight: 400; text-align: justify;\">Cabe destacar que este a\u00f1o el presupuesto de este subsidio es de cerca de 2 mil millones de pesos y se espera beneficiar a m\u00e1s de 110 Ferias Libres del pa\u00eds, lo que equivale aproximadamente a 9.000 comerciantes.<\/p>\n<p style=\"font-weight: 400; text-align: justify;\">Mientras que el\u00a0Ministro de Econom\u00eda, Lucas Palacios, agreg\u00f3 que\u00a0\u201clas ferias libres son parte del ADN de nuestra sociedad y son un elemento clave para el abastecimiento de las familias a lo largo de todo Chile. Como todo comercio, las ferias libres han debido adaptarse a los desaf\u00edos que la pandemia nos ha impuesto, donde las compras presenciales se han frenado, pasado a un segundo plano y donde la digitalizaci\u00f3n ha tenido un rol protag\u00f3nico. Este subsidio de Sercotec permitir\u00e1 reducir\u00e1 la brecha digital de peque\u00f1os y medianos comercios, permiti\u00e9ndoles ser m\u00e1s competitivos y d\u00e1ndoles herramientas para moverse en este nuevo escenario econ\u00f3mico\u201d.<\/p>\n<p style=\"font-weight: 400; text-align: justify;\">Por su parte, el\u00a0Director Nacional de Sercotec, Bruno Trisotti, indic\u00f3\u00a0\u201clas ferias libres abastecen de frutas y verduras a familias de todo Chile, adem\u00e1s son la principal v\u00eda de comercializaci\u00f3n de los peque\u00f1os agricultores para acceder al consumidor final. Desde que creamos este programa en el 2009, hemos beneficiado a m\u00e1s de 87 mil ferias libres de todo el pa\u00eds con m\u00e1s de $16.000.000.000 millones de pesos y queremos seguir apoy\u00e1ndolos, para puedan realizar mejoras en sus ferias, generen nuevos canales de comercializaci\u00f3n e implementar medidas de cuidado ante el Covid-19, tanto para ellos como sus clientes\u201d.<\/p>\n<p style=\"font-weight: 400; text-align: justify;\"><strong>Financiamiento<\/strong><\/p>\n<p style=\"font-weight: 400; text-align: justify;\">Las postulaciones al Fondo de Ferias Libres de Sercotec estar\u00e1n abiertas hasta el 14 de junio a las 15:00 horas en\u00a0<a href=\"http:\/\/www.sercotec.cl\/\" data-saferedirecturl=\"https:\/\/www.google.com\/url?q=http:\/\/www.sercotec.cl&amp;source=gmail&amp;ust=1622036343833000&amp;usg=AFQjCNFthFNihMyYfGOBPqaGi9jTMmC5mA\">www.sercotec.cl<\/a>.<\/p>\n<p style=\"font-weight: 400; text-align: justify;\">Cabe mencionar que el programa Ferias Libres est\u00e1 dirigido a todas las ferias que est\u00e9n representadas a trav\u00e9s de organizaciones legalmente constituidas (con personalidad jur\u00eddica) como asociaciones empresariales, asociaciones gremiales, sindicatos de trabajadores independientes, organizaciones funcionales u otro tipo de organizaciones habilitadas jur\u00eddicamente, existentes al interior de la Feria, y que cuenten y participen con un m\u00ednimo de cinco puestos.<\/p>\n<p style=\"font-weight: 400; text-align: justify;\">El financiamiento m\u00ednimo a solicitar por la feria en calidad de subsidio es de $5.000.000.- con un m\u00e1ximo de $30.000.000. La feria debe considerar un aporte en efectivo correspondiente a un 2% en relaci\u00f3n al subsidio total solicitado a Sercotec, el cual debe ser entregado en efectivo, transferencia electr\u00f3nica o dep\u00f3sito bancario, previo a la formalizaci\u00f3n al Agente Operador, quien ejecuta los recursos.<\/p>\n<p style=\"font-weight: 400; text-align: justify;\"><strong>\u00bfC\u00f3mo se postula?<\/strong><\/p>\n<ol style=\"text-align: justify;\">\n<li style=\"font-weight: 400;\">Descargar y leer las bases de convocatoria correspondiente a su regi\u00f3n, disponibles en el sitio web de Sercotec <a href=\"http:\/\/www.sercotec.cl\/\" data-saferedirecturl=\"https:\/\/www.google.com\/url?q=http:\/\/www.sercotec.cl&amp;source=gmail&amp;ust=1622036343833000&amp;usg=AFQjCNFthFNihMyYfGOBPqaGi9jTMmC5mA\">www.sercotec.cl<\/a><\/li>\n<li style=\"font-weight: 400;\">Registro del representante de la organizaci\u00f3n postulante en el sitio de Sercotec.<\/li>\n<li style=\"font-weight: 400;\">Descargar anexos disponibles en el sitio web de Sercotec.<\/li>\n<li style=\"font-weight: 400;\">Completar y enviar la ficha de postulaci\u00f3n con los documentos adjuntos a trav\u00e9s del sitio web de Sercotec, cumpliendo con las condiciones y restricciones de financiamiento descritas en estas bases y anexos de convocatoria.<\/li>\n<\/ol>\n<\/div><\/section><\/div><\/p>\n<div  style='height:50px' class='hr hr-invisible   avia-builder-el-6  el_after_av_one_full  el_before_av_social_share '><span class='hr-inner ' ><span class='hr-inner-style'><\/span><\/span><\/div>\n<div  class='av-social-sharing-box  avia-builder-el-7  el_after_av_hr  el_before_av_hr  '><div class='av-share-box'><h5 class='av-share-link-description av-no-toc '>Compartir esta noticia<\/h5><ul class='av-share-box-list noLightbox'><li class='av-share-link av-social-link-facebook' ><a target=\"_blank\" aria-label=\"Compartir en Facebook\" href='https:\/\/www.facebook.com\/sharer.php?u=https:\/\/radiorevelacionfm.cl\/?p=4494&#038;t=Anuncian%20fondo%20Ferias%20Libres%20de%20Sercotec%20para%20todo%20el%20pa%C3%ADs' aria-hidden='false' data-av_icon='\ue8f3' data-av_iconfont='entypo-fontello' title='' data-avia-related-tooltip='Compartir en Facebook' rel=\"noopener\"><span class='avia_hidden_link_text'>Compartir en Facebook<\/span><\/a><\/li><li class='av-share-link av-social-link-twitter' ><a target=\"_blank\" aria-label=\"Compartir en Twitter\" href='https:\/\/twitter.com\/share?text=Anuncian%20fondo%20Ferias%20Libres%20de%20Sercotec%20para%20todo%20el%20pa%C3%ADs&#038;url=https:\/\/radiorevelacionfm.cl\/?p=4494' aria-hidden='false' data-av_icon='\ue8f1' data-av_iconfont='entypo-fontello' title='' data-avia-related-tooltip='Compartir en Twitter' rel=\"noopener\"><span class='avia_hidden_link_text'>Compartir en Twitter<\/span><\/a><\/li><li class='av-share-link av-social-link-whatsapp' ><a target=\"_blank\" aria-label=\"Compartir en Whatsapp\" href='https:\/\/api.whatsapp.com\/send?text=https:\/\/radiorevelacionfm.cl\/?p=4494' aria-hidden='false' data-av_icon='\uf232' data-av_iconfont='entypo-fontello' title='' data-avia-related-tooltip='Compartir en Whatsapp' rel=\"noopener\"><span class='avia_hidden_link_text'>Compartir en Whatsapp<\/span><\/a><\/li><li class='av-share-link av-social-link-linkedin' ><a target=\"_blank\" aria-label=\"Compartir en LinkedIn\" href='https:\/\/linkedin.com\/shareArticle?mini=true&#038;title=Anuncian%20fondo%20Ferias%20Libres%20de%20Sercotec%20para%20todo%20el%20pa%C3%ADs&#038;url=https:\/\/radiorevelacionfm.cl\/?p=4494' aria-hidden='false' data-av_icon='\ue8fc' data-av_iconfont='entypo-fontello' title='' data-avia-related-tooltip='Compartir en LinkedIn' rel=\"noopener\"><span class='avia_hidden_link_text'>Compartir en LinkedIn<\/span><\/a><\/li><li class='av-share-link av-social-link-mail' ><a  aria-label=\"Compartir por correo\" href='mailto:?subject=Anuncian%20fondo%20Ferias%20Libres%20de%20Sercotec%20para%20todo%20el%20pa%C3%ADs&#038;body=https:\/\/radiorevelacionfm.cl\/?p=4494' aria-hidden='false' data-av_icon='\ue805' data-av_iconfont='entypo-fontello' title='' data-avia-related-tooltip='Compartir por correo'><span class='avia_hidden_link_text'>Compartir por correo<\/span><\/a><\/li><\/ul><\/div><\/div>\n<div  style='height:50px' class='hr hr-invisible   avia-builder-el-8  el_after_av_social_share  el_before_av_comments_list '><span class='hr-inner ' ><span class='hr-inner-style'><\/span><\/span><\/div>\n<div  class='av-buildercomment  av-blog-meta-html-info-disabled av-blog-meta-tag-disabled  '><\/div>\n","protected":false},"excerpt":{"rendered":"","protected":false},"author":1,"featured_media":0,"comment_status":"open","ping_status":"open","sticky":false,"template":"","format":"standard","meta":{"footnotes":""},"categories":[56],"tags":[],"class_list":["post-4494","post","type-post","status-publish","format-standard","hentry","category-trabajo"],"jetpack_featured_media_url":"","_links":{"self":[{"href":"https:\/\/radiorevelacionfm.cl\/index.php?rest_route=\/wp\/v2\/posts\/4494","targetHints":{"allow":["GET"]}}],"collection":[{"href":"https:\/\/radiorevelacionfm.cl\/index.php?rest_route=\/wp\/v2\/posts"}],"about":[{"href":"https:\/\/radiorevelacionfm.cl\/index.php?rest_route=\/wp\/v2\/types\/post"}],"author":[{"embeddable":true,"href":"https:\/\/radiorevelacionfm.cl\/index.php?rest_route=\/wp\/v2\/users\/1"}],"replies":[{"embeddable":true,"href":"https:\/\/radiorevelacionfm.cl\/index.php?rest_route=%2Fwp%2Fv2%2Fcomments&post=4494"}],"version-history":[{"count":2,"href":"https:\/\/radiorevelacionfm.cl\/index.php?rest_route=\/wp\/v2\/posts\/4494\/revisions"}],"predecessor-version":[{"id":4497,"href":"https:\/\/radiorevelacionfm.cl\/index.php?rest_route=\/wp\/v2\/posts\/4494\/revisions\/4497"}],"wp:attachment":[{"href":"https:\/\/radiorevelacionfm.cl\/index.php?rest_route=%2Fwp%2Fv2%2Fmedia&parent=4494"}],"wp:term":[{"taxonomy":"category","embeddable":true,"href":"https:\/\/radiorevelacionfm.cl\/index.php?rest_route=%2Fwp%2Fv2%2Fcategories&post=4494"},{"taxonomy":"post_tag","embeddable":true,"href":"https:\/\/radiorevelacionfm.cl\/index.php?rest_route=%2Fwp%2Fv2%2Ftags&post=4494"}],"curies":[{"name":"wp","href":"https:\/\/api.w.org\/{rel}","templated":true}]}}