{"id":44937,"date":"2024-08-07T22:46:12","date_gmt":"2024-08-08T01:46:12","guid":{"rendered":"https:\/\/radiorevelacionfm.cl\/?p=44937"},"modified":"2024-08-07T22:46:13","modified_gmt":"2024-08-08T01:46:13","slug":"vecinos-y-autoridades-inauguraron-obras-que-permitieron-reponer-mas-de-mil-400-metros-de-pasarelas-en-caleta-tortel","status":"publish","type":"post","link":"https:\/\/radiorevelacionfm.cl\/?p=44937","title":{"rendered":"Vecinos y autoridades inauguraron obras que permitieron reponer m\u00e1s de mil 400 metros de pasarelas en Caleta Tortel"},"content":{"rendered":"<div class=\"flex_column av_one_full  flex_column_div av-zero-column-padding first  avia-builder-el-0  el_before_av_one_full  avia-builder-el-first  \" style='border-radius:0px; '><div  class='avia-image-container  av-styling-    avia-builder-el-1  avia-builder-el-no-sibling  avia-align-center '  itemprop=\"image\" itemscope=\"itemscope\" itemtype=\"https:\/\/schema.org\/ImageObject\"  ><div class='avia-image-container-inner'><div class='avia-image-overlay-wrap'><img decoding=\"async\" class='wp-image-44938 avia-img-lazy-loading-not-44938 avia_image' src=\"https:\/\/radiorevelacionfm.cl\/wp-content\/uploads\/2024\/08\/454351670_805928818192702_8920239986414580590_n-1_optimized-1.jpg\" alt='' title='454351670_805928818192702_8920239986414580590_n-(1)_optimized (1)' height=\"600\" width=\"956\"  itemprop=\"thumbnailUrl\" srcset=\"https:\/\/radiorevelacionfm.cl\/wp-content\/uploads\/2024\/08\/454351670_805928818192702_8920239986414580590_n-1_optimized-1.jpg 956w, https:\/\/radiorevelacionfm.cl\/wp-content\/uploads\/2024\/08\/454351670_805928818192702_8920239986414580590_n-1_optimized-1-300x188.jpg 300w, https:\/\/radiorevelacionfm.cl\/wp-content\/uploads\/2024\/08\/454351670_805928818192702_8920239986414580590_n-1_optimized-1-768x482.jpg 768w, https:\/\/radiorevelacionfm.cl\/wp-content\/uploads\/2024\/08\/454351670_805928818192702_8920239986414580590_n-1_optimized-1-705x442.jpg 705w, https:\/\/radiorevelacionfm.cl\/wp-content\/uploads\/2024\/08\/454351670_805928818192702_8920239986414580590_n-1_optimized-1-450x282.jpg 450w, https:\/\/radiorevelacionfm.cl\/wp-content\/uploads\/2024\/08\/454351670_805928818192702_8920239986414580590_n-1_optimized-1-600x377.jpg 600w\" sizes=\"(max-width: 956px) 100vw, 956px\" \/><\/div><\/div><\/div><\/div><div class=\"flex_column av_one_full  flex_column_div av-zero-column-padding first  avia-builder-el-2  el_after_av_one_full  el_before_av_one_full  column-top-margin\" style='border-radius:0px; '><section class=\"av_textblock_section \"  itemscope=\"itemscope\" itemtype=\"https:\/\/schema.org\/BlogPosting\" itemprop=\"blogPost\" ><div class='avia_textblock  '   itemprop=\"text\" ><p style=\"text-align: center;\"><strong><span style=\"font-size: 18pt;\">Vecinos y autoridades inauguraron obras que permitieron reponer m\u00e1s de mil 400 metros de pasarelas en Caleta Tortel<\/span><\/strong><\/p>\n<div id=\"gtx-trans\" style=\"position: absolute; left: -50px; top: 4.31534px;\">\n<div class=\"gtx-trans-icon\"><\/div>\n<\/div>\n<\/div><\/section><\/div><div class=\"flex_column av_one_full  flex_column_div av-zero-column-padding first  avia-builder-el-4  el_after_av_one_full  el_before_av_hr  column-top-margin\" style='border-radius:0px; '><section class=\"av_textblock_section \"  itemscope=\"itemscope\" itemtype=\"https:\/\/schema.org\/BlogPosting\" itemprop=\"blogPost\" ><div class='avia_textblock  '   itemprop=\"text\" ><p style=\"text-align: justify;\">Con participaci\u00f3n de autoridades y vecinos, el Ministerio de Vivienda y Urbanismo (Minvu), junto al municipio de Tortel inauguraron el pasado fin de semana la reposici\u00f3n de mil 454 metros lineales de pasarelas de madera en caleta Tortel, capital de la comuna. Esta obra, que se concreta en el marco del 32\u00b0 Llamado del Programa de Pavimentaci\u00f3n Participativa del Minvu, es muy relevante, ya que mejorar\u00e1 significativamente las v\u00edas de accesibilidad y traslado en esta localidad que carece de calles y depende exclusivamente de pasarelas peatonales para el traslado y conectividad de sus pobladores y visitantes.<\/p>\n<p style=\"text-align: justify;\">Cabe recordar que antes del a\u00f1o 2001, las pasarelas de Caleta Tortel eran construidas artesanalmente por los propios habitantes, sin seguir est\u00e1ndares t\u00e9cnicos. Estas estructuras carec\u00edan de zonas de descanso, barandas e iluminaci\u00f3n. La nueva infraestructura, sin embargo, incluye no solo dichos adelantos, sino adem\u00e1s mejoras en accesibilidad universal, permitiendo el tr\u00e1nsito seguro y c\u00f3modo para todas las personas, incluyendo adultos mayores y personas con movilidad reducida.<\/p>\n<p style=\"text-align: justify;\">Si bien se trata de una obra que mejora la vida de toda la comunidad, las unidades vecinales de Rinc\u00f3n Alto y Los Colonos, con aproximadamente 31 familias, fueron las principales beneficiarias de este proyecto, el cual fue financiado con 790 millones de pesos provenientes del Ministerio de Vivienda y 136 millones aportados por el municipio y el Gobierno Regional.<\/p>\n<p style=\"text-align: justify;\">El Delegado Presidencial Regional, Rodrigo Araya, expres\u00f3 su satisfacci\u00f3n por la obra, destacando que \u00abla construcci\u00f3n de las pasarelas con el llamado n\u00famero 32 de pavimentaci\u00f3n participativa es un est\u00edmulo para el desarrollo econ\u00f3mico local, mejorando la seguridad y la calidad de vida de las familias en Tortel\u00bb.<\/p>\n<p style=\"text-align: justify;\">Por su parte, el Alcalde de Tortel, Abel Becerra, subray\u00f3 la importancia de estos avances para la comunidad, afirmando que \u00abla inversi\u00f3n y la econom\u00eda local quedan casi en su totalidad en la comuna, mejorando la calidad de vida y el desplazamiento de los pobladores\u00bb.<\/p>\n<p style=\"text-align: justify;\"><strong>Antecedentes Generales<\/strong><\/p>\n<p style=\"text-align: justify;\">El Programa de Pavimentaci\u00f3n Participativa, iniciado en 1994, ha sido fundamental para la pavimentaci\u00f3n y repavimentaci\u00f3n de calles, pasajes y veredas, destac\u00e1ndose por la participaci\u00f3n activa de los vecinos y municipalidades. En el contexto \u00fanico de Caleta Tortel, donde las v\u00edas de comunicaci\u00f3n son pasarelas de madera, la normativa del Minvu se adapt\u00f3 para incluir la construcci\u00f3n y reparaci\u00f3n de estas estructuras.<\/p>\n<p style=\"text-align: justify;\">Las obras inauguradas corresponden a proyectos del 32\u00b0 llamado del programa, gestionados por la Junta de Vecinos Orompello y ejecutados por diferentes contratistas en m\u00faltiples tramos, con una inversi\u00f3n total que bordea los 130 millones de pesos. Esta iniciativa no solo mejora la conectividad y la calidad de vida de los habitantes de Tortel, sino que tambi\u00e9n impulsa el desarrollo econ\u00f3mico local, generando empleo y fortaleciendo la infraestructura tur\u00edstica.<\/p>\n<\/div><\/section><\/div><div  style='height:50px' class='hr hr-invisible   avia-builder-el-6  el_after_av_one_full  el_before_av_social_share '><span class='hr-inner ' ><span class='hr-inner-style'><\/span><\/span><\/div><\/p>\n<div  class='av-social-sharing-box  avia-builder-el-7  el_after_av_hr  el_before_av_hr  '><div class='av-share-box'><h5 class='av-share-link-description av-no-toc '>Compartir esta noticia<\/h5><ul class='av-share-box-list noLightbox'><li class='av-share-link av-social-link-facebook' ><a target=\"_blank\" aria-label=\"Compartir en Facebook\" href='https:\/\/www.facebook.com\/sharer.php?u=https:\/\/radiorevelacionfm.cl\/?p=44937&#038;t=Vecinos%20y%20autoridades%20inauguraron%20obras%20que%20permitieron%20reponer%20m%C3%A1s%20de%20mil%20400%20metros%20de%20pasarelas%20en%20Caleta%20Tortel' aria-hidden='false' data-av_icon='\ue8f3' data-av_iconfont='entypo-fontello' title='' data-avia-related-tooltip='Compartir en Facebook' rel=\"noopener\"><span class='avia_hidden_link_text'>Compartir en Facebook<\/span><\/a><\/li><li class='av-share-link av-social-link-twitter' ><a target=\"_blank\" aria-label=\"Compartir en Twitter\" href='https:\/\/twitter.com\/share?text=Vecinos%20y%20autoridades%20inauguraron%20obras%20que%20permitieron%20reponer%20m%C3%A1s%20de%20mil%20400%20metros%20de%20pasarelas%20en%20Caleta%20Tortel&#038;url=https:\/\/radiorevelacionfm.cl\/?p=44937' aria-hidden='false' data-av_icon='\ue8f1' data-av_iconfont='entypo-fontello' title='' data-avia-related-tooltip='Compartir en Twitter' rel=\"noopener\"><span class='avia_hidden_link_text'>Compartir en Twitter<\/span><\/a><\/li><li class='av-share-link av-social-link-whatsapp' ><a target=\"_blank\" aria-label=\"Compartir en Whatsapp\" href='https:\/\/api.whatsapp.com\/send?text=https:\/\/radiorevelacionfm.cl\/?p=44937' aria-hidden='false' data-av_icon='\uf232' data-av_iconfont='entypo-fontello' title='' data-avia-related-tooltip='Compartir en Whatsapp' rel=\"noopener\"><span class='avia_hidden_link_text'>Compartir en Whatsapp<\/span><\/a><\/li><li class='av-share-link av-social-link-linkedin' ><a target=\"_blank\" aria-label=\"Compartir en LinkedIn\" href='https:\/\/linkedin.com\/shareArticle?mini=true&#038;title=Vecinos%20y%20autoridades%20inauguraron%20obras%20que%20permitieron%20reponer%20m%C3%A1s%20de%20mil%20400%20metros%20de%20pasarelas%20en%20Caleta%20Tortel&#038;url=https:\/\/radiorevelacionfm.cl\/?p=44937' aria-hidden='false' data-av_icon='\ue8fc' data-av_iconfont='entypo-fontello' title='' data-avia-related-tooltip='Compartir en LinkedIn' rel=\"noopener\"><span class='avia_hidden_link_text'>Compartir en LinkedIn<\/span><\/a><\/li><li class='av-share-link av-social-link-mail' ><a  aria-label=\"Compartir por correo\" href='mailto:?subject=Vecinos%20y%20autoridades%20inauguraron%20obras%20que%20permitieron%20reponer%20m%C3%A1s%20de%20mil%20400%20metros%20de%20pasarelas%20en%20Caleta%20Tortel&#038;body=https:\/\/radiorevelacionfm.cl\/?p=44937' aria-hidden='false' data-av_icon='\ue805' data-av_iconfont='entypo-fontello' title='' data-avia-related-tooltip='Compartir por correo'><span class='avia_hidden_link_text'>Compartir por correo<\/span><\/a><\/li><\/ul><\/div><\/div>\n<div  style='height:50px' class='hr hr-invisible   avia-builder-el-8  el_after_av_social_share  el_before_av_comments_list '><span class='hr-inner ' ><span class='hr-inner-style'><\/span><\/span><\/div>\n<div  class='av-buildercomment  av-blog-meta-html-info-disabled av-blog-meta-tag-disabled  '><\/div>\n","protected":false},"excerpt":{"rendered":"","protected":false},"author":1,"featured_media":44938,"comment_status":"open","ping_status":"open","sticky":false,"template":"","format":"standard","meta":{"footnotes":""},"categories":[38],"tags":[],"class_list":["post-44937","post","type-post","status-publish","format-standard","has-post-thumbnail","hentry","category-regional"],"jetpack_featured_media_url":"https:\/\/radiorevelacionfm.cl\/wp-content\/uploads\/2024\/08\/454351670_805928818192702_8920239986414580590_n-1_optimized-1.jpg","_links":{"self":[{"href":"https:\/\/radiorevelacionfm.cl\/index.php?rest_route=\/wp\/v2\/posts\/44937","targetHints":{"allow":["GET"]}}],"collection":[{"href":"https:\/\/radiorevelacionfm.cl\/index.php?rest_route=\/wp\/v2\/posts"}],"about":[{"href":"https:\/\/radiorevelacionfm.cl\/index.php?rest_route=\/wp\/v2\/types\/post"}],"author":[{"embeddable":true,"href":"https:\/\/radiorevelacionfm.cl\/index.php?rest_route=\/wp\/v2\/users\/1"}],"replies":[{"embeddable":true,"href":"https:\/\/radiorevelacionfm.cl\/index.php?rest_route=%2Fwp%2Fv2%2Fcomments&post=44937"}],"version-history":[{"count":1,"href":"https:\/\/radiorevelacionfm.cl\/index.php?rest_route=\/wp\/v2\/posts\/44937\/revisions"}],"predecessor-version":[{"id":44939,"href":"https:\/\/radiorevelacionfm.cl\/index.php?rest_route=\/wp\/v2\/posts\/44937\/revisions\/44939"}],"wp:featuredmedia":[{"embeddable":true,"href":"https:\/\/radiorevelacionfm.cl\/index.php?rest_route=\/wp\/v2\/media\/44938"}],"wp:attachment":[{"href":"https:\/\/radiorevelacionfm.cl\/index.php?rest_route=%2Fwp%2Fv2%2Fmedia&parent=44937"}],"wp:term":[{"taxonomy":"category","embeddable":true,"href":"https:\/\/radiorevelacionfm.cl\/index.php?rest_route=%2Fwp%2Fv2%2Fcategories&post=44937"},{"taxonomy":"post_tag","embeddable":true,"href":"https:\/\/radiorevelacionfm.cl\/index.php?rest_route=%2Fwp%2Fv2%2Ftags&post=44937"}],"curies":[{"name":"wp","href":"https:\/\/api.w.org\/{rel}","templated":true}]}}