{"id":44934,"date":"2024-08-08T11:34:46","date_gmt":"2024-08-08T14:34:46","guid":{"rendered":"https:\/\/radiorevelacionfm.cl\/?p=44934"},"modified":"2024-08-08T14:02:28","modified_gmt":"2024-08-08T17:02:28","slug":"edelaysen-e-inacap-se-unen-en-pro-de-la-sustentabilidad-con-el-programa-patagonia-ponte-las-pilas","status":"publish","type":"post","link":"https:\/\/radiorevelacionfm.cl\/?p=44934","title":{"rendered":"Edelaysen e Inacap se unen en pro de la sustentabilidad con el programa \u201cPatagonia ponte las pilas\u201d"},"content":{"rendered":"<div class=\"flex_column av_one_full  flex_column_div av-zero-column-padding first  avia-builder-el-0  el_before_av_one_full  avia-builder-el-first  \" style='border-radius:0px; '><div  class='avia-image-container  av-styling-    avia-builder-el-1  avia-builder-el-no-sibling  avia-align-center '  itemprop=\"image\" itemscope=\"itemscope\" itemtype=\"https:\/\/schema.org\/ImageObject\"  ><div class='avia-image-container-inner'><div class='avia-image-overlay-wrap'><img decoding=\"async\" class='wp-image-44956 avia-img-lazy-loading-not-44956 avia_image' src=\"https:\/\/radiorevelacionfm.cl\/wp-content\/uploads\/2024\/08\/Pilas-Inacap1-1-1-1.jpeg\" alt='' title='Pilas Inacap1 (1) (1) (1)' height=\"668\" width=\"801\"  itemprop=\"thumbnailUrl\" srcset=\"https:\/\/radiorevelacionfm.cl\/wp-content\/uploads\/2024\/08\/Pilas-Inacap1-1-1-1.jpeg 801w, https:\/\/radiorevelacionfm.cl\/wp-content\/uploads\/2024\/08\/Pilas-Inacap1-1-1-1-300x250.jpeg 300w, https:\/\/radiorevelacionfm.cl\/wp-content\/uploads\/2024\/08\/Pilas-Inacap1-1-1-1-768x640.jpeg 768w, https:\/\/radiorevelacionfm.cl\/wp-content\/uploads\/2024\/08\/Pilas-Inacap1-1-1-1-705x588.jpeg 705w, https:\/\/radiorevelacionfm.cl\/wp-content\/uploads\/2024\/08\/Pilas-Inacap1-1-1-1-450x375.jpeg 450w, https:\/\/radiorevelacionfm.cl\/wp-content\/uploads\/2024\/08\/Pilas-Inacap1-1-1-1-600x500.jpeg 600w\" sizes=\"(max-width: 801px) 100vw, 801px\" \/><\/div><\/div><\/div><\/div><div class=\"flex_column av_one_full  flex_column_div av-zero-column-padding first  avia-builder-el-2  el_after_av_one_full  el_before_av_one_full  column-top-margin\" style='border-radius:0px; '><section class=\"av_textblock_section \"  itemscope=\"itemscope\" itemtype=\"https:\/\/schema.org\/BlogPosting\" itemprop=\"blogPost\" ><div class='avia_textblock  '   itemprop=\"text\" ><p style=\"text-align: center;\"><strong><span style=\"font-size: 18pt;\">Edelaysen e Inacap se unen en pro de la sustentabilidad con el programa \u201cPatagonia ponte las pilas\u201d<\/span><\/strong><\/p>\n<div id=\"gtx-trans\" style=\"position: absolute; left: -50px; top: 4.31534px;\">\n<div class=\"gtx-trans-icon\"><\/div>\n<\/div>\n<\/div><\/section><\/div><\/p>\n<div class=\"flex_column av_one_full  flex_column_div av-zero-column-padding first  avia-builder-el-4  el_after_av_one_full  el_before_av_hr  column-top-margin\" style='border-radius:0px; '><section class=\"av_textblock_section \"  itemscope=\"itemscope\" itemtype=\"https:\/\/schema.org\/BlogPosting\" itemprop=\"blogPost\" ><div class='avia_textblock  '   itemprop=\"text\" ><p style=\"text-align: justify;\"><em>La estrat\u00e9gica alianza tiene por objetivo fomentar la recolecci\u00f3n y el correcto almacenamiento de pilas usadas.<\/em><\/p>\n<p style=\"text-align: justify;\">La el\u00e9ctrica cada vez suma nuevos actores comprometidos con la sostenibilidad y la protecci\u00f3n del medio ambiente en la regi\u00f3n. Pues el centro educacional Inacap ha sido una de las \u00faltimas alianzas de colaboraci\u00f3n para el programa \u201cPatagonia ponte las pilas\u201d que impulsa Edelaysen, promoviendo la conciencia ambiental entre la comunidad de la regi\u00f3n.<\/p>\n<p style=\"text-align: justify;\">De esta manera, la alianza con Inacap es clave para el desarrollo de esta iniciativa, ya que permitir\u00e1 establecer puntos de recolecci\u00f3n en sus instalaciones, facilitando el acceso a los j\u00f3venes para que puedan depositar sus pilas usadas de manera segura al interior de la casa de estudios, aportando de esta manera al correcto almacenaje de estos nocivos elementos.<\/p>\n<p style=\"text-align: justify;\">Yasna Vera, ejecutiva de Edelaysen destac\u00f3: \u201cAgradecer a Inacap quienes a partir de hoy son parte de esta iniciativa que colabora activamente con la protecci\u00f3n del medio ambiente, con una oportunidad tremenda al concientizar e incentivar a los estudiantes y a la comunidad en general sobre la importancia de la correcta disposici\u00f3n de las pilas en desuso\u201d.<\/p>\n<p style=\"text-align: justify;\">Cabe destacar que durante el evento tanto alumnos como los asistentes a este hito de alianza, realizaron el primer aporte a este punto de acopio trayendo sus pilas y ubic\u00e1ndolas en los contenedores que se dispondr\u00e1n en el ingreso de la casa de estudios.<\/p>\n<p style=\"text-align: justify;\">\u201cEsta campa\u00f1a va directamente relacionada con todos los objetivos de ense\u00f1anza y aprendizaje en nuestros alumnos, creemos que la sustentabilidad es un tema muy importante y son estas actividades concretas las que le dan vida al tema. No es solo un concepto en clase, esto es algo concreto en que los invitamos a todos a participar, trayendo sus pilas usadas, ayud\u00e1ndonos a mantener el medio ambiente libre de contaminaci\u00f3n e incorporarlo en nuestros h\u00e1bitos de toda la vida\u201d, se\u00f1al\u00f3 Carlos Rodr\u00edguez encargado de Vinculaci\u00f3n con el Medio e innovaci\u00f3n de Inacap.<\/p>\n<p style=\"text-align: justify;\">El programa \u201cPatagonia ponte las pilas\u201d estar\u00e1 vigente durante todo el a\u00f1o y espera contar con la participaci\u00f3n activa de la comunidad regional, quienes podr\u00e1n llevar sus pilas usadas a los distintos puntos de recolecci\u00f3n habilitados tanto en las oficinas de Edelaysen como en Inacap y otros lugares estrat\u00e9gicos como establecimientos educacionales, municipalidad e instituciones p\u00fablicas que se han unido a esta iniciativa.<\/p>\n<\/div><\/section><\/div>\n<div  style='height:50px' class='hr hr-invisible   avia-builder-el-6  el_after_av_one_full  el_before_av_social_share '><span class='hr-inner ' ><span class='hr-inner-style'><\/span><\/span><\/div>\n<div  class='av-social-sharing-box  avia-builder-el-7  el_after_av_hr  el_before_av_hr  '><div class='av-share-box'><h5 class='av-share-link-description av-no-toc '>Compartir esta noticia<\/h5><ul class='av-share-box-list noLightbox'><li class='av-share-link av-social-link-facebook' ><a target=\"_blank\" aria-label=\"Compartir en Facebook\" href='https:\/\/www.facebook.com\/sharer.php?u=https:\/\/radiorevelacionfm.cl\/?p=44934&#038;t=Edelaysen%20e%20Inacap%20se%20unen%20en%20pro%20de%20la%20sustentabilidad%20con%20el%20programa%20%E2%80%9CPatagonia%20ponte%20las%20pilas%E2%80%9D' aria-hidden='false' data-av_icon='\ue8f3' data-av_iconfont='entypo-fontello' title='' data-avia-related-tooltip='Compartir en Facebook' rel=\"noopener\"><span class='avia_hidden_link_text'>Compartir en Facebook<\/span><\/a><\/li><li class='av-share-link av-social-link-twitter' ><a target=\"_blank\" aria-label=\"Compartir en Twitter\" href='https:\/\/twitter.com\/share?text=Edelaysen%20e%20Inacap%20se%20unen%20en%20pro%20de%20la%20sustentabilidad%20con%20el%20programa%20%E2%80%9CPatagonia%20ponte%20las%20pilas%E2%80%9D&#038;url=https:\/\/radiorevelacionfm.cl\/?p=44934' aria-hidden='false' data-av_icon='\ue8f1' data-av_iconfont='entypo-fontello' title='' data-avia-related-tooltip='Compartir en Twitter' rel=\"noopener\"><span class='avia_hidden_link_text'>Compartir en Twitter<\/span><\/a><\/li><li class='av-share-link av-social-link-whatsapp' ><a target=\"_blank\" aria-label=\"Compartir en Whatsapp\" href='https:\/\/api.whatsapp.com\/send?text=https:\/\/radiorevelacionfm.cl\/?p=44934' aria-hidden='false' data-av_icon='\uf232' data-av_iconfont='entypo-fontello' title='' data-avia-related-tooltip='Compartir en Whatsapp' rel=\"noopener\"><span class='avia_hidden_link_text'>Compartir en Whatsapp<\/span><\/a><\/li><li class='av-share-link av-social-link-linkedin' ><a target=\"_blank\" aria-label=\"Compartir en LinkedIn\" href='https:\/\/linkedin.com\/shareArticle?mini=true&#038;title=Edelaysen%20e%20Inacap%20se%20unen%20en%20pro%20de%20la%20sustentabilidad%20con%20el%20programa%20%E2%80%9CPatagonia%20ponte%20las%20pilas%E2%80%9D&#038;url=https:\/\/radiorevelacionfm.cl\/?p=44934' aria-hidden='false' data-av_icon='\ue8fc' data-av_iconfont='entypo-fontello' title='' data-avia-related-tooltip='Compartir en LinkedIn' rel=\"noopener\"><span class='avia_hidden_link_text'>Compartir en LinkedIn<\/span><\/a><\/li><li class='av-share-link av-social-link-mail' ><a  aria-label=\"Compartir por correo\" href='mailto:?subject=Edelaysen%20e%20Inacap%20se%20unen%20en%20pro%20de%20la%20sustentabilidad%20con%20el%20programa%20%E2%80%9CPatagonia%20ponte%20las%20pilas%E2%80%9D&#038;body=https:\/\/radiorevelacionfm.cl\/?p=44934' aria-hidden='false' data-av_icon='\ue805' data-av_iconfont='entypo-fontello' title='' data-avia-related-tooltip='Compartir por correo'><span class='avia_hidden_link_text'>Compartir por correo<\/span><\/a><\/li><\/ul><\/div><\/div>\n<div  style='height:50px' class='hr hr-invisible   avia-builder-el-8  el_after_av_social_share  el_before_av_comments_list '><span class='hr-inner ' ><span class='hr-inner-style'><\/span><\/span><\/div>\n<div  class='av-buildercomment  av-blog-meta-html-info-disabled av-blog-meta-tag-disabled  '><\/div>\n","protected":false},"excerpt":{"rendered":"","protected":false},"author":1,"featured_media":44956,"comment_status":"open","ping_status":"open","sticky":false,"template":"","format":"standard","meta":{"footnotes":""},"categories":[38],"tags":[],"class_list":["post-44934","post","type-post","status-publish","format-standard","has-post-thumbnail","hentry","category-regional"],"jetpack_featured_media_url":"https:\/\/radiorevelacionfm.cl\/wp-content\/uploads\/2024\/08\/Pilas-Inacap1-1-1-1.jpeg","_links":{"self":[{"href":"https:\/\/radiorevelacionfm.cl\/index.php?rest_route=\/wp\/v2\/posts\/44934","targetHints":{"allow":["GET"]}}],"collection":[{"href":"https:\/\/radiorevelacionfm.cl\/index.php?rest_route=\/wp\/v2\/posts"}],"about":[{"href":"https:\/\/radiorevelacionfm.cl\/index.php?rest_route=\/wp\/v2\/types\/post"}],"author":[{"embeddable":true,"href":"https:\/\/radiorevelacionfm.cl\/index.php?rest_route=\/wp\/v2\/users\/1"}],"replies":[{"embeddable":true,"href":"https:\/\/radiorevelacionfm.cl\/index.php?rest_route=%2Fwp%2Fv2%2Fcomments&post=44934"}],"version-history":[{"count":2,"href":"https:\/\/radiorevelacionfm.cl\/index.php?rest_route=\/wp\/v2\/posts\/44934\/revisions"}],"predecessor-version":[{"id":44957,"href":"https:\/\/radiorevelacionfm.cl\/index.php?rest_route=\/wp\/v2\/posts\/44934\/revisions\/44957"}],"wp:featuredmedia":[{"embeddable":true,"href":"https:\/\/radiorevelacionfm.cl\/index.php?rest_route=\/wp\/v2\/media\/44956"}],"wp:attachment":[{"href":"https:\/\/radiorevelacionfm.cl\/index.php?rest_route=%2Fwp%2Fv2%2Fmedia&parent=44934"}],"wp:term":[{"taxonomy":"category","embeddable":true,"href":"https:\/\/radiorevelacionfm.cl\/index.php?rest_route=%2Fwp%2Fv2%2Fcategories&post=44934"},{"taxonomy":"post_tag","embeddable":true,"href":"https:\/\/radiorevelacionfm.cl\/index.php?rest_route=%2Fwp%2Fv2%2Ftags&post=44934"}],"curies":[{"name":"wp","href":"https:\/\/api.w.org\/{rel}","templated":true}]}}