{"id":44931,"date":"2024-08-07T21:24:11","date_gmt":"2024-08-08T00:24:11","guid":{"rendered":"https:\/\/radiorevelacionfm.cl\/?p=44931"},"modified":"2024-08-07T21:24:11","modified_gmt":"2024-08-08T00:24:11","slug":"primeros-pasos-peatonales-inteligentes-de-la-comuna-de-aysen-permitira-mayor-seguridad-vial-en-zonas-escolares","status":"publish","type":"post","link":"https:\/\/radiorevelacionfm.cl\/?p=44931","title":{"rendered":"Primeros pasos peatonales inteligentes de la comuna de Ays\u00e9n permitir\u00e1 mayor seguridad vial en zonas escolares"},"content":{"rendered":"<div class=\"flex_column av_one_full  flex_column_div av-zero-column-padding first  avia-builder-el-0  el_before_av_one_full  avia-builder-el-first  \" style='border-radius:0px; '><div  class='avia-image-container  av-styling-    avia-builder-el-1  avia-builder-el-no-sibling  avia-align-center '  itemprop=\"image\" itemscope=\"itemscope\" itemtype=\"https:\/\/schema.org\/ImageObject\"  ><div class='avia-image-container-inner'><div class='avia-image-overlay-wrap'><img decoding=\"async\" class='wp-image-44932 avia-img-lazy-loading-not-44932 avia_image' src=\"https:\/\/radiorevelacionfm.cl\/wp-content\/uploads\/2024\/08\/paso-inteligente-2-1_optimized.jpg\" alt='' title='paso-inteligente-2-(1)_optimized' height=\"600\" width=\"1071\"  itemprop=\"thumbnailUrl\" srcset=\"https:\/\/radiorevelacionfm.cl\/wp-content\/uploads\/2024\/08\/paso-inteligente-2-1_optimized.jpg 1071w, https:\/\/radiorevelacionfm.cl\/wp-content\/uploads\/2024\/08\/paso-inteligente-2-1_optimized-300x168.jpg 300w, https:\/\/radiorevelacionfm.cl\/wp-content\/uploads\/2024\/08\/paso-inteligente-2-1_optimized-1030x577.jpg 1030w, https:\/\/radiorevelacionfm.cl\/wp-content\/uploads\/2024\/08\/paso-inteligente-2-1_optimized-768x430.jpg 768w, https:\/\/radiorevelacionfm.cl\/wp-content\/uploads\/2024\/08\/paso-inteligente-2-1_optimized-705x395.jpg 705w, https:\/\/radiorevelacionfm.cl\/wp-content\/uploads\/2024\/08\/paso-inteligente-2-1_optimized-450x252.jpg 450w, https:\/\/radiorevelacionfm.cl\/wp-content\/uploads\/2024\/08\/paso-inteligente-2-1_optimized-600x336.jpg 600w\" sizes=\"(max-width: 1071px) 100vw, 1071px\" \/><\/div><\/div><\/div><\/div><div class=\"flex_column av_one_full  flex_column_div av-zero-column-padding first  avia-builder-el-2  el_after_av_one_full  el_before_av_one_full  column-top-margin\" style='border-radius:0px; '><section class=\"av_textblock_section \"  itemscope=\"itemscope\" itemtype=\"https:\/\/schema.org\/BlogPosting\" itemprop=\"blogPost\" ><div class='avia_textblock  '   itemprop=\"text\" ><p style=\"text-align: center;\"><strong><span style=\"font-size: 18pt;\">Primeros pasos peatonales inteligentes de la comuna de Ays\u00e9n permitir\u00e1 mayor seguridad vial en zonas escolares<\/span><\/strong><\/p>\n<div id=\"gtx-trans\" style=\"position: absolute; left: -50px; top: 4.31534px;\">\n<div class=\"gtx-trans-icon\"><\/div>\n<\/div>\n<\/div><\/section><\/div><div class=\"flex_column av_one_full  flex_column_div av-zero-column-padding first  avia-builder-el-4  el_after_av_one_full  el_before_av_hr  column-top-margin\" style='border-radius:0px; '><section class=\"av_textblock_section \"  itemscope=\"itemscope\" itemtype=\"https:\/\/schema.org\/BlogPosting\" itemprop=\"blogPost\" ><div class='avia_textblock  '   itemprop=\"text\" ><p style=\"text-align: justify;\"><em>Gracias a las gestiones de la Direcci\u00f3n de Tr\u00e1nsito y Transporte P\u00fablico de la municipalidad de Ays\u00e9n se pudo realizar mejoramientos en las v\u00edas por donde transitan alrededor de 1500 alumnos de la comuna.<\/em><\/p>\n<p style=\"text-align: justify;\">En el mes de julio se presentaron los trabajos en las calles Sargento Aldea y Carreras de Puerto Ays\u00e9n de dos pasos peatonales inteligentes y dos se\u00f1alizados con luces, ubicados en las cercan\u00edas de las escuelas Ays\u00e9n, Kalem y el liceo Ra\u00fal Broussain Campino. Esto, como parte de un proyecto realizado por la Direcci\u00f3n de Tr\u00e1nsito y Transporte P\u00fablico, en el que tambi\u00e9n se repintaron ciclov\u00edas y pasos de cebra en estas mismas zonas.<\/p>\n<p style=\"text-align: justify;\">Los lugares intervenidos fueron escogidos debido a que entre las tres instituciones suman alrededor de 1500 alumnos, adem\u00e1s de estar en una ubicaci\u00f3n c\u00e9ntrica de la ciudad aysenina, por lo que beneficia a los transe\u00fantes que normalmente caminan por estas calles.<\/p>\n<p style=\"text-align: justify;\">La novedad de estos pasos inteligentes es que tiene un sensor que detecta cuando un transe\u00fante se detiene en la esquina a la espera de cruzar, lo cual hace que las luces que est\u00e1n constantemente titilando, hagan con m\u00e1s frecuencia esta acci\u00f3n y de esa manera avisen a los conductores la intenci\u00f3n del peat\u00f3n. A esto se le agrega una luz led que ilumina la esquina y la reproducci\u00f3n de una grabaci\u00f3n de voz que advierte a las personas que cruzan.<\/p>\n<p style=\"text-align: justify;\">La Directora de Tr\u00e1nsito, Mabel Vel\u00e1squez coment\u00f3 al respecto que \u201cestos pasos peatonales inteligentes cambian el parpadeo cuando se acerca alguien para cruzar la calle. Tambi\u00e9n lo que ha sorprendido a mucha gente es que tienen mensajes cuando t\u00fa te acercas, esta baliza emite un aviso que tiene que ver con el autocuidado cuando cruzamos la calle. Son pasos peatonales inteligentes que buscan mejorar la seguridad, especialmente de los ni\u00f1os, pero tambi\u00e9n educar a la comunidad\u201d.<\/p>\n<p style=\"text-align: justify;\">Este proyecto de nombre \u201cMejoramiento Vial en Ejes de Zonas Escolares\u201d, es el primero planificado y ejecutado \u00edntegramente por la Direcci\u00f3n de Tr\u00e1nsito de la municipalidad, pero se tienen a futuro pensado varios arreglos, que incorporan instalaci\u00f3n de sem\u00e1foros y balizas para mejorar las condiciones de seguridad vial para los peatones que rondan las cercan\u00edas de establecimientos educacionales.<\/p>\n<p style=\"text-align: justify;\">\u201cEstamos trabajando en otros estudios y en el Plan Maestro de Gesti\u00f3n de Tr\u00e1nsito. Es ah\u00ed donde se van a abordar nuevos puntos como establecimientos educacionales. Estamos finalizando ya ese estudio y una vez que tengamos el documento podremos empezar a buscar financiamiento para que todos los colegios tengan un entorno m\u00e1s cuidado y podamos entregarle la misma garant\u00eda que ahora tiene el centro de la ciudad y a los alumnos que acuden a otros colegios tambi\u00e9n\u201d, finaliz\u00f3 la directora.<\/p>\n<\/div><\/section><\/div><div  style='height:50px' class='hr hr-invisible   avia-builder-el-6  el_after_av_one_full  el_before_av_social_share '><span class='hr-inner ' ><span class='hr-inner-style'><\/span><\/span><\/div><\/p>\n<div  class='av-social-sharing-box  avia-builder-el-7  el_after_av_hr  el_before_av_hr  '><div class='av-share-box'><h5 class='av-share-link-description av-no-toc '>Compartir esta noticia<\/h5><ul class='av-share-box-list noLightbox'><li class='av-share-link av-social-link-facebook' ><a target=\"_blank\" aria-label=\"Compartir en Facebook\" href='https:\/\/www.facebook.com\/sharer.php?u=https:\/\/radiorevelacionfm.cl\/?p=44931&#038;t=Primeros%20pasos%20peatonales%20inteligentes%20de%20la%20comuna%20de%20Ays%C3%A9n%20permitir%C3%A1%20mayor%20seguridad%20vial%20en%20zonas%20escolares' aria-hidden='false' data-av_icon='\ue8f3' data-av_iconfont='entypo-fontello' title='' data-avia-related-tooltip='Compartir en Facebook' rel=\"noopener\"><span class='avia_hidden_link_text'>Compartir en Facebook<\/span><\/a><\/li><li class='av-share-link av-social-link-twitter' ><a target=\"_blank\" aria-label=\"Compartir en Twitter\" href='https:\/\/twitter.com\/share?text=Primeros%20pasos%20peatonales%20inteligentes%20de%20la%20comuna%20de%20Ays%C3%A9n%20permitir%C3%A1%20mayor%20seguridad%20vial%20en%20zonas%20escolares&#038;url=https:\/\/radiorevelacionfm.cl\/?p=44931' aria-hidden='false' data-av_icon='\ue8f1' data-av_iconfont='entypo-fontello' title='' data-avia-related-tooltip='Compartir en Twitter' rel=\"noopener\"><span class='avia_hidden_link_text'>Compartir en Twitter<\/span><\/a><\/li><li class='av-share-link av-social-link-whatsapp' ><a target=\"_blank\" aria-label=\"Compartir en Whatsapp\" href='https:\/\/api.whatsapp.com\/send?text=https:\/\/radiorevelacionfm.cl\/?p=44931' aria-hidden='false' data-av_icon='\uf232' data-av_iconfont='entypo-fontello' title='' data-avia-related-tooltip='Compartir en Whatsapp' rel=\"noopener\"><span class='avia_hidden_link_text'>Compartir en Whatsapp<\/span><\/a><\/li><li class='av-share-link av-social-link-linkedin' ><a target=\"_blank\" aria-label=\"Compartir en LinkedIn\" href='https:\/\/linkedin.com\/shareArticle?mini=true&#038;title=Primeros%20pasos%20peatonales%20inteligentes%20de%20la%20comuna%20de%20Ays%C3%A9n%20permitir%C3%A1%20mayor%20seguridad%20vial%20en%20zonas%20escolares&#038;url=https:\/\/radiorevelacionfm.cl\/?p=44931' aria-hidden='false' data-av_icon='\ue8fc' data-av_iconfont='entypo-fontello' title='' data-avia-related-tooltip='Compartir en LinkedIn' rel=\"noopener\"><span class='avia_hidden_link_text'>Compartir en LinkedIn<\/span><\/a><\/li><li class='av-share-link av-social-link-mail' ><a  aria-label=\"Compartir por correo\" href='mailto:?subject=Primeros%20pasos%20peatonales%20inteligentes%20de%20la%20comuna%20de%20Ays%C3%A9n%20permitir%C3%A1%20mayor%20seguridad%20vial%20en%20zonas%20escolares&#038;body=https:\/\/radiorevelacionfm.cl\/?p=44931' aria-hidden='false' data-av_icon='\ue805' data-av_iconfont='entypo-fontello' title='' data-avia-related-tooltip='Compartir por correo'><span class='avia_hidden_link_text'>Compartir por correo<\/span><\/a><\/li><\/ul><\/div><\/div>\n<div  style='height:50px' class='hr hr-invisible   avia-builder-el-8  el_after_av_social_share  el_before_av_comments_list '><span class='hr-inner ' ><span class='hr-inner-style'><\/span><\/span><\/div>\n<div  class='av-buildercomment  av-blog-meta-html-info-disabled av-blog-meta-tag-disabled  '><\/div>\n","protected":false},"excerpt":{"rendered":"","protected":false},"author":1,"featured_media":44932,"comment_status":"open","ping_status":"open","sticky":false,"template":"","format":"standard","meta":{"footnotes":""},"categories":[38],"tags":[],"class_list":["post-44931","post","type-post","status-publish","format-standard","has-post-thumbnail","hentry","category-regional"],"jetpack_featured_media_url":"https:\/\/radiorevelacionfm.cl\/wp-content\/uploads\/2024\/08\/paso-inteligente-2-1_optimized.jpg","_links":{"self":[{"href":"https:\/\/radiorevelacionfm.cl\/index.php?rest_route=\/wp\/v2\/posts\/44931","targetHints":{"allow":["GET"]}}],"collection":[{"href":"https:\/\/radiorevelacionfm.cl\/index.php?rest_route=\/wp\/v2\/posts"}],"about":[{"href":"https:\/\/radiorevelacionfm.cl\/index.php?rest_route=\/wp\/v2\/types\/post"}],"author":[{"embeddable":true,"href":"https:\/\/radiorevelacionfm.cl\/index.php?rest_route=\/wp\/v2\/users\/1"}],"replies":[{"embeddable":true,"href":"https:\/\/radiorevelacionfm.cl\/index.php?rest_route=%2Fwp%2Fv2%2Fcomments&post=44931"}],"version-history":[{"count":1,"href":"https:\/\/radiorevelacionfm.cl\/index.php?rest_route=\/wp\/v2\/posts\/44931\/revisions"}],"predecessor-version":[{"id":44933,"href":"https:\/\/radiorevelacionfm.cl\/index.php?rest_route=\/wp\/v2\/posts\/44931\/revisions\/44933"}],"wp:featuredmedia":[{"embeddable":true,"href":"https:\/\/radiorevelacionfm.cl\/index.php?rest_route=\/wp\/v2\/media\/44932"}],"wp:attachment":[{"href":"https:\/\/radiorevelacionfm.cl\/index.php?rest_route=%2Fwp%2Fv2%2Fmedia&parent=44931"}],"wp:term":[{"taxonomy":"category","embeddable":true,"href":"https:\/\/radiorevelacionfm.cl\/index.php?rest_route=%2Fwp%2Fv2%2Fcategories&post=44931"},{"taxonomy":"post_tag","embeddable":true,"href":"https:\/\/radiorevelacionfm.cl\/index.php?rest_route=%2Fwp%2Fv2%2Ftags&post=44931"}],"curies":[{"name":"wp","href":"https:\/\/api.w.org\/{rel}","templated":true}]}}