{"id":44928,"date":"2024-08-08T12:10:33","date_gmt":"2024-08-08T15:10:33","guid":{"rendered":"https:\/\/radiorevelacionfm.cl\/?p=44928"},"modified":"2024-08-08T12:10:33","modified_gmt":"2024-08-08T15:10:33","slug":"plan-de-descontaminacion-atmosferica-de-puerto-aysen-avanza-con-documento-definitivo","status":"publish","type":"post","link":"https:\/\/radiorevelacionfm.cl\/?p=44928","title":{"rendered":"Plan de Descontaminaci\u00f3n Atmosf\u00e9rica de Puerto Ays\u00e9n avanza con documento definitivo"},"content":{"rendered":"<div class=\"flex_column av_one_full  flex_column_div av-zero-column-padding first  avia-builder-el-0  el_before_av_one_full  avia-builder-el-first  \" style='border-radius:0px; '><div  class='avia-image-container  av-styling-    avia-builder-el-1  avia-builder-el-no-sibling  avia-align-center '  itemprop=\"image\" itemscope=\"itemscope\" itemtype=\"https:\/\/schema.org\/ImageObject\"  ><div class='avia-image-container-inner'><div class='avia-image-overlay-wrap'><img decoding=\"async\" class='wp-image-44929 avia-img-lazy-loading-not-44929 avia_image' src=\"https:\/\/radiorevelacionfm.cl\/wp-content\/uploads\/2024\/08\/1-2024-08-07t184650_optimized.794-1.jpg\" alt='' title='1---2024-08-07t184650_optimized.794-(1)' height=\"600\" width=\"1067\"  itemprop=\"thumbnailUrl\" srcset=\"https:\/\/radiorevelacionfm.cl\/wp-content\/uploads\/2024\/08\/1-2024-08-07t184650_optimized.794-1.jpg 1067w, https:\/\/radiorevelacionfm.cl\/wp-content\/uploads\/2024\/08\/1-2024-08-07t184650_optimized.794-1-300x169.jpg 300w, https:\/\/radiorevelacionfm.cl\/wp-content\/uploads\/2024\/08\/1-2024-08-07t184650_optimized.794-1-1030x579.jpg 1030w, https:\/\/radiorevelacionfm.cl\/wp-content\/uploads\/2024\/08\/1-2024-08-07t184650_optimized.794-1-768x432.jpg 768w, https:\/\/radiorevelacionfm.cl\/wp-content\/uploads\/2024\/08\/1-2024-08-07t184650_optimized.794-1-705x396.jpg 705w, https:\/\/radiorevelacionfm.cl\/wp-content\/uploads\/2024\/08\/1-2024-08-07t184650_optimized.794-1-450x253.jpg 450w, https:\/\/radiorevelacionfm.cl\/wp-content\/uploads\/2024\/08\/1-2024-08-07t184650_optimized.794-1-600x337.jpg 600w\" sizes=\"(max-width: 1067px) 100vw, 1067px\" \/><\/div><\/div><\/div><\/div><div class=\"flex_column av_one_full  flex_column_div av-zero-column-padding first  avia-builder-el-2  el_after_av_one_full  el_before_av_one_full  column-top-margin\" style='border-radius:0px; '><section class=\"av_textblock_section \"  itemscope=\"itemscope\" itemtype=\"https:\/\/schema.org\/BlogPosting\" itemprop=\"blogPost\" ><div class='avia_textblock  '   itemprop=\"text\" ><p style=\"text-align: center;\"><span style=\"font-size: 18pt;\"><strong>Plan de Descontaminaci\u00f3n Atmosf\u00e9rica de Puerto Ays\u00e9n avanza con documento definitivo<\/strong><\/span><\/p>\n<div id=\"gtx-trans\" style=\"position: absolute; left: -50px; top: 4.31534px;\">\n<div class=\"gtx-trans-icon\"><\/div>\n<\/div>\n<\/div><\/section><\/div><div class=\"flex_column av_one_full  flex_column_div av-zero-column-padding first  avia-builder-el-4  el_after_av_one_full  el_before_av_hr  column-top-margin\" style='border-radius:0px; '><section class=\"av_textblock_section \"  itemscope=\"itemscope\" itemtype=\"https:\/\/schema.org\/BlogPosting\" itemprop=\"blogPost\" ><div class='avia_textblock  '   itemprop=\"text\" ><p style=\"text-align: justify;\">La Seremi del Medio Ambiente expuso ante el Concejo Municipal de Ays\u00e9n y su alcalde las medidas que conforman el proyecto definitivo del Plan de Descontaminaci\u00f3n Atmosf\u00e9rica de Puerto Ays\u00e9n, hoja de ruta que resulta del trabajo colaborativo entre servicios p\u00fablicos, academia y comunidad para avanzar en una mejor calidad del aire para la zona saturada<\/p>\n<p style=\"text-align: justify;\">\u201cEl mandato del gobierno del Presidente Gabriel Boric tiene un compromiso irrestricto con la participaci\u00f3n ciudadana, iniciando y terminando desde y con la comunidad. Por eso hicimos una presentaci\u00f3n del proyecto definitivo en el Concejo Municipal de Ays\u00e9n, para que conocieran los antecedentes, tanto de las participaciones ciudadanas como tambi\u00e9n lo que se va a presentar en el Consejo de Ministros para la Sustentabilidad el d\u00eda 12 de septiembre, por lo que tenemos mucha esperanza de que este proceso tambi\u00e9n avance en sacar de la zona de saturaci\u00f3n a Puerto Ays\u00e9n\u201d, declar\u00f3 el Seremi del Medio Ambiente, Yoal D\u00edaz.<\/p>\n<p style=\"text-align: justify;\">Desde el a\u00f1o 2017 se realiza monitoreo de material particulado MP 2,5 en Puerto Ays\u00e9n y en febrero de 2018, la Superintendencia del Medio Ambiente calific\u00f3 la estaci\u00f3n como representativa poblacional, con lo que se pudieron recabar datos para la calificaci\u00f3n de Zona Saturada en 2022. Con esta declaratoria comienza el proceso de elaboraci\u00f3n del Anteproyecto de Plan de Descontaminaci\u00f3n Atmosf\u00e9rica, incluyendo un comit\u00e9 operativo para su realizaci\u00f3n, la contrataci\u00f3n de estudios y un proceso de participaci\u00f3n ciudadana para recoger las visiones de la comunidad.<\/p>\n<p style=\"text-align: justify;\">La Concejala de la comuna de Ays\u00e9n, M\u00f3nica Navarrete valor\u00f3 la exposici\u00f3n \u201cfue muy buena, la comunidad ten\u00eda que enterarse de lo que se est\u00e1 haciendo y, efectivamente, yo antes de asumir como concejala era dirigenta, entonces tuvimos muchas reuniones de dirigentes, reuniones con la comunidad, diferentes reuniones participativas y eso se agradece porque hoy d\u00eda vi en la exposici\u00f3n que hab\u00eda muchos temas de los que habl\u00e1bamos con los vecinos,\u00a0 estaban plasmados ah\u00ed, as\u00ed que eso se agradece, porque eso significa que la participaci\u00f3n ciudadana s\u00ed sirve, que s\u00ed es efectiva y que s\u00ed se considera la opini\u00f3n de la comunidad\u201d. Por su parte el alcalde de la comuna de Ays\u00e9n, Julio Uribe consider\u00f3 \u201cEs muy importante poder avanzar en conjunto con la Serem\u00eda para llegar al 2029 sin estar contaminado, saturado nuestro aire, as\u00ed que este es un trabajo arduo, el compromiso por parte del municipio est\u00e1 en seguir trabajando y poder avanzar en esta materia que es muy delicada hoy d\u00eda\u201d.<\/p>\n<p style=\"text-align: justify;\">Para la elaboraci\u00f3n de la propuesta se desarroll\u00f3 un estudio de calidad del aire cuyas principales conclusiones indican que la principal fuente emisora de Material Particulado fino Respirable MP2,5 es la combusti\u00f3n residencial de le\u00f1a; la especie m\u00e1s consumida es la lenga, el promedio de consumo de le\u00f1a por vivienda es de 17 m3 s\u00f3lidos\/a\u00f1o y el consumo total de le\u00f1a en Puerto Ays\u00e9n es cercano a 140.000 m3 s\u00f3lidos al a\u00f1o.<\/p>\n<p style=\"text-align: justify;\">Respecto a las viviendas, Puerto Ays\u00e9n cuenta con cerca de 9.000 viviendas de ellas, el 95% es de madera y el 70% son viviendas de menos de 50m2. El 56% de las viviendas fueron construidas antes del 2000, es decir existe un alto potencial de mejoramiento t\u00e9rmico.<\/p>\n<p style=\"text-align: justify;\"><strong>Las medidas <\/strong><\/p>\n<p style=\"text-align: justify;\">El proyecto PDA Puerto Ays\u00e9n considera como principales medidas una meta de recambio de calefactores de 4.000 artefactos en un plazo de 7 a\u00f1os; as\u00ed tambi\u00e9n 3.550 subsidios de acondicionamiento t\u00e9rmico en 10 a\u00f1os, considerando mayores est\u00e1ndares de eficiencia energ\u00e9tica en viviendas (superiores al PDA de Coyhaique); para el misterio de Energ\u00eda una meta anual de disponibilidad de le\u00f1a seca de 25.000 metros c\u00fabicos y adem\u00e1s la Seremi de Energ\u00eda coordinar\u00e1 la mesa de biocombustibles s\u00f3lidos en la cual participar\u00e1 el Municipio y preparar\u00e1 al sector le\u00f1ero para la entrada en vigencia del reglamento que emana de la Ley de Biocombustibles S\u00f3lidos.<\/p>\n<p style=\"text-align: justify;\">En t\u00e9rminos de emisiones, se prohibir\u00e1 el uso de chimeneas de hogar abierto y quema de elementos distintos a le\u00f1a, pellets y briquetas en artefactos. A partir del 1 de enero de 2027 se proh\u00edbe el uso de artefactos como salamandras y hechizos. A partir del 1 de enero de 2029 se proh\u00edbe el uso de calefactores a le\u00f1a que no est\u00e9n certificados.<\/p>\n<p style=\"text-align: justify;\">Se establece un periodo de Gesti\u00f3n de Episodios Cr\u00edticos desde el 1 de mayo al 31 de agosto y cuenta con recomendaciones a la salud y actividades f\u00edsicas seg\u00fan la gu\u00eda del Ministerio de Salud. En caso de ALERTA se proh\u00edbe el uso de m\u00e1s de un artefacto a le\u00f1a las 18:00 y hasta las 24:00 horas en episodio de PREEMERGENCIA se prohibir\u00e1 el uso de m\u00e1s de un artefacto a le\u00f1a por vivienda durante las 24:00 horas y en EMERGENCIA adem\u00e1s de la prohibici\u00f3n de un artefacto a le\u00f1a por 24 horas y queda prohibido durante 24 horas el uso de calefactores a le\u00f1a en establecimientos comerciales.<\/p>\n<p style=\"text-align: justify;\">El documento establece tambi\u00e9n la compensaci\u00f3n de emisiones para proyectos que emitan 1 ton\/a\u00f1o o m\u00e1s, quienes deber\u00e1n compensar en un 120% mediante medidas o acciones a definir, que aporten a la disminuci\u00f3n de contaminantes atmosf\u00e9ricos.<\/p>\n<p style=\"text-align: justify;\">En cuanto al transporte se incluyen tambi\u00e9n regulaciones a fuentes m\u00f3viles y se dise\u00f1ar\u00e1 un plan maestro de movilidad activa que contar\u00e1 con la implementaci\u00f3n dela elaboraci\u00f3n de 7,4 km de ciclov\u00edas en un plazo de 3 a\u00f1os.<\/p>\n<p style=\"text-align: justify;\"><strong>El proceso<\/strong><\/p>\n<p style=\"text-align: justify;\">El Proyecto Definitivo recientemente presentado al Concejo Municipal, se someter\u00e1 a pronunciamiento por parte del Consejo de Ministros para la Sustentabilidad, para luego enviarse a firma del Presidente de la Rep\u00fablica y de todos los Ministros y Ministras de las carteras que conformaron el Comit\u00e9 Operativo. El paso siguiente es el ingreso a la Contralor\u00eda General de la Rep\u00fablica, una vez que es tomado raz\u00f3n se publica en el Diario Oficial y entra en vigencia.<\/p>\n<\/div><\/section><\/div><div  style='height:50px' class='hr hr-invisible   avia-builder-el-6  el_after_av_one_full  el_before_av_social_share '><span class='hr-inner ' ><span class='hr-inner-style'><\/span><\/span><\/div><\/p>\n<div  class='av-social-sharing-box  avia-builder-el-7  el_after_av_hr  el_before_av_hr  '><div class='av-share-box'><h5 class='av-share-link-description av-no-toc '>Compartir esta noticia<\/h5><ul class='av-share-box-list noLightbox'><li class='av-share-link av-social-link-facebook' ><a target=\"_blank\" aria-label=\"Compartir en Facebook\" href='https:\/\/www.facebook.com\/sharer.php?u=https:\/\/radiorevelacionfm.cl\/?p=44928&#038;t=Plan%20de%20Descontaminaci%C3%B3n%20Atmosf%C3%A9rica%20de%20Puerto%20Ays%C3%A9n%20avanza%20con%20documento%20definitivo' aria-hidden='false' data-av_icon='\ue8f3' data-av_iconfont='entypo-fontello' title='' data-avia-related-tooltip='Compartir en Facebook' rel=\"noopener\"><span class='avia_hidden_link_text'>Compartir en Facebook<\/span><\/a><\/li><li class='av-share-link av-social-link-twitter' ><a target=\"_blank\" aria-label=\"Compartir en Twitter\" href='https:\/\/twitter.com\/share?text=Plan%20de%20Descontaminaci%C3%B3n%20Atmosf%C3%A9rica%20de%20Puerto%20Ays%C3%A9n%20avanza%20con%20documento%20definitivo&#038;url=https:\/\/radiorevelacionfm.cl\/?p=44928' aria-hidden='false' data-av_icon='\ue8f1' data-av_iconfont='entypo-fontello' title='' data-avia-related-tooltip='Compartir en Twitter' rel=\"noopener\"><span class='avia_hidden_link_text'>Compartir en Twitter<\/span><\/a><\/li><li class='av-share-link av-social-link-whatsapp' ><a target=\"_blank\" aria-label=\"Compartir en Whatsapp\" href='https:\/\/api.whatsapp.com\/send?text=https:\/\/radiorevelacionfm.cl\/?p=44928' aria-hidden='false' data-av_icon='\uf232' data-av_iconfont='entypo-fontello' title='' data-avia-related-tooltip='Compartir en Whatsapp' rel=\"noopener\"><span class='avia_hidden_link_text'>Compartir en Whatsapp<\/span><\/a><\/li><li class='av-share-link av-social-link-linkedin' ><a target=\"_blank\" aria-label=\"Compartir en LinkedIn\" href='https:\/\/linkedin.com\/shareArticle?mini=true&#038;title=Plan%20de%20Descontaminaci%C3%B3n%20Atmosf%C3%A9rica%20de%20Puerto%20Ays%C3%A9n%20avanza%20con%20documento%20definitivo&#038;url=https:\/\/radiorevelacionfm.cl\/?p=44928' aria-hidden='false' data-av_icon='\ue8fc' data-av_iconfont='entypo-fontello' title='' data-avia-related-tooltip='Compartir en LinkedIn' rel=\"noopener\"><span class='avia_hidden_link_text'>Compartir en LinkedIn<\/span><\/a><\/li><li class='av-share-link av-social-link-mail' ><a  aria-label=\"Compartir por correo\" href='mailto:?subject=Plan%20de%20Descontaminaci%C3%B3n%20Atmosf%C3%A9rica%20de%20Puerto%20Ays%C3%A9n%20avanza%20con%20documento%20definitivo&#038;body=https:\/\/radiorevelacionfm.cl\/?p=44928' aria-hidden='false' data-av_icon='\ue805' data-av_iconfont='entypo-fontello' title='' data-avia-related-tooltip='Compartir por correo'><span class='avia_hidden_link_text'>Compartir por correo<\/span><\/a><\/li><\/ul><\/div><\/div>\n<div  style='height:50px' class='hr hr-invisible   avia-builder-el-8  el_after_av_social_share  el_before_av_comments_list '><span class='hr-inner ' ><span class='hr-inner-style'><\/span><\/span><\/div>\n<div  class='av-buildercomment  av-blog-meta-html-info-disabled av-blog-meta-tag-disabled  '><\/div>\n","protected":false},"excerpt":{"rendered":"","protected":false},"author":1,"featured_media":44929,"comment_status":"open","ping_status":"open","sticky":false,"template":"","format":"standard","meta":{"footnotes":""},"categories":[39],"tags":[],"class_list":["post-44928","post","type-post","status-publish","format-standard","has-post-thumbnail","hentry","category-medio-ambiente"],"jetpack_featured_media_url":"https:\/\/radiorevelacionfm.cl\/wp-content\/uploads\/2024\/08\/1-2024-08-07t184650_optimized.794-1.jpg","_links":{"self":[{"href":"https:\/\/radiorevelacionfm.cl\/index.php?rest_route=\/wp\/v2\/posts\/44928","targetHints":{"allow":["GET"]}}],"collection":[{"href":"https:\/\/radiorevelacionfm.cl\/index.php?rest_route=\/wp\/v2\/posts"}],"about":[{"href":"https:\/\/radiorevelacionfm.cl\/index.php?rest_route=\/wp\/v2\/types\/post"}],"author":[{"embeddable":true,"href":"https:\/\/radiorevelacionfm.cl\/index.php?rest_route=\/wp\/v2\/users\/1"}],"replies":[{"embeddable":true,"href":"https:\/\/radiorevelacionfm.cl\/index.php?rest_route=%2Fwp%2Fv2%2Fcomments&post=44928"}],"version-history":[{"count":1,"href":"https:\/\/radiorevelacionfm.cl\/index.php?rest_route=\/wp\/v2\/posts\/44928\/revisions"}],"predecessor-version":[{"id":44930,"href":"https:\/\/radiorevelacionfm.cl\/index.php?rest_route=\/wp\/v2\/posts\/44928\/revisions\/44930"}],"wp:featuredmedia":[{"embeddable":true,"href":"https:\/\/radiorevelacionfm.cl\/index.php?rest_route=\/wp\/v2\/media\/44929"}],"wp:attachment":[{"href":"https:\/\/radiorevelacionfm.cl\/index.php?rest_route=%2Fwp%2Fv2%2Fmedia&parent=44928"}],"wp:term":[{"taxonomy":"category","embeddable":true,"href":"https:\/\/radiorevelacionfm.cl\/index.php?rest_route=%2Fwp%2Fv2%2Fcategories&post=44928"},{"taxonomy":"post_tag","embeddable":true,"href":"https:\/\/radiorevelacionfm.cl\/index.php?rest_route=%2Fwp%2Fv2%2Ftags&post=44928"}],"curies":[{"name":"wp","href":"https:\/\/api.w.org\/{rel}","templated":true}]}}