{"id":44924,"date":"2024-08-07T19:34:45","date_gmt":"2024-08-07T22:34:45","guid":{"rendered":"https:\/\/radiorevelacionfm.cl\/?p=44924"},"modified":"2024-08-07T19:41:58","modified_gmt":"2024-08-07T22:41:58","slug":"inauguran-nuevo-puesto-de-control-permanente-de-carabineros-en-villa-cerro-castillo","status":"publish","type":"post","link":"https:\/\/radiorevelacionfm.cl\/?p=44924","title":{"rendered":"Inauguran nuevo Puesto de Control permanente de Carabineros en Villa Cerro Castillo"},"content":{"rendered":"<div class=\"flex_column av_one_full  flex_column_div av-zero-column-padding first  avia-builder-el-0  el_before_av_one_full  avia-builder-el-first  \" style='border-radius:0px; '><div  class='avia-image-container  av-styling-    avia-builder-el-1  avia-builder-el-no-sibling  avia-align-center '  itemprop=\"image\" itemscope=\"itemscope\" itemtype=\"https:\/\/schema.org\/ImageObject\"  ><div class='avia-image-container-inner'><div class='avia-image-overlay-wrap'><img decoding=\"async\" class='wp-image-44925 avia-img-lazy-loading-not-44925 avia_image' src=\"https:\/\/radiorevelacionfm.cl\/wp-content\/uploads\/2024\/08\/dsc7361-1_optimized-1.jpg\" alt='' title='_dsc7361-(1)_optimized (1)' height=\"600\" width=\"1066\"  itemprop=\"thumbnailUrl\" srcset=\"https:\/\/radiorevelacionfm.cl\/wp-content\/uploads\/2024\/08\/dsc7361-1_optimized-1.jpg 1066w, https:\/\/radiorevelacionfm.cl\/wp-content\/uploads\/2024\/08\/dsc7361-1_optimized-1-300x169.jpg 300w, https:\/\/radiorevelacionfm.cl\/wp-content\/uploads\/2024\/08\/dsc7361-1_optimized-1-1030x580.jpg 1030w, https:\/\/radiorevelacionfm.cl\/wp-content\/uploads\/2024\/08\/dsc7361-1_optimized-1-768x432.jpg 768w, https:\/\/radiorevelacionfm.cl\/wp-content\/uploads\/2024\/08\/dsc7361-1_optimized-1-705x397.jpg 705w, https:\/\/radiorevelacionfm.cl\/wp-content\/uploads\/2024\/08\/dsc7361-1_optimized-1-450x253.jpg 450w, https:\/\/radiorevelacionfm.cl\/wp-content\/uploads\/2024\/08\/dsc7361-1_optimized-1-600x338.jpg 600w\" sizes=\"(max-width: 1066px) 100vw, 1066px\" \/><\/div><\/div><\/div><\/div>\n<div class=\"flex_column av_one_full  flex_column_div av-zero-column-padding first  avia-builder-el-2  el_after_av_one_full  el_before_av_one_full  column-top-margin\" style='border-radius:0px; '><section class=\"av_textblock_section \"  itemscope=\"itemscope\" itemtype=\"https:\/\/schema.org\/BlogPosting\" itemprop=\"blogPost\" ><div class='avia_textblock  '   itemprop=\"text\" ><p style=\"text-align: center;\"><strong><span style=\"font-size: 18pt;\">Inauguran nuevo Puesto de Control permanente de Carabineros en Villa Cerro Castillo<\/span><\/strong><\/p>\n<div id=\"gtx-trans\" style=\"position: absolute; left: -50px; top: 4.31534px;\">\n<div class=\"gtx-trans-icon\"><\/div>\n<\/div>\n<\/div><\/section><\/div><div class=\"flex_column av_one_full  flex_column_div av-zero-column-padding first  avia-builder-el-4  el_after_av_one_full  el_before_av_hr  column-top-margin\" style='border-radius:0px; '><section class=\"av_textblock_section \"  itemscope=\"itemscope\" itemtype=\"https:\/\/schema.org\/BlogPosting\" itemprop=\"blogPost\" ><div class='avia_textblock  '   itemprop=\"text\" ><p style=\"text-align: justify;\">Gracias a una gesti\u00f3n conjunta entre la I. Municipalidad de R\u00edo Ib\u00e1\u00f1ez, liderada por el Alcalde Juan Saldivia Cea, y el Jefe de Zona de Carabineros Ays\u00e9n, General Patricio Santos, este mi\u00e9rcoles 07 de agosto se celebr\u00f3 la inauguraci\u00f3n oficial del nuevo Puesto de Control permanente de la instituci\u00f3n policial en Villa Cerro Castillo.<\/p>\n<p style=\"text-align: justify;\">Esta medida se concret\u00f3 en respuesta a una importante solicitud transmitida por la comunidad del sector y posterior a un positivo impacto generado por la presencia de oficiales en la localidad durante la \u00e9poca estival 23\/24, mediante un Sistema Modular M\u00f3vil implementado por la campa\u00f1a Verano Seguro.<\/p>\n<p style=\"text-align: justify;\">Seg\u00fan la informaci\u00f3n proporcionada por la Tenencia de Carabineros de Puerto Ib\u00e1\u00f1ez durante la Cuenta P\u00fablica 2023, la instalaci\u00f3n de esta infraestructura ha propiciado una mayor sensaci\u00f3n de seguridad entre los vecinos y ha significado un aumento considerable de fiscalizaciones vehiculares en un punto estrat\u00e9gico como la entrada a la zona sur de la Ruta 7 (Carretera Austral). Esto se refleja en que los cerca de 7 mil controles realizados el a\u00f1o pasado ya se han duplicado a la fecha.<\/p>\n<p style=\"text-align: justify;\">\u201cHace a\u00f1os que quer\u00edamos la presencia de Carabineros. Es importante que la poblaci\u00f3n se sienta segura. Hay personas que a veces la sufren y necesitan ese apoyo como adultos mayores o mujeres. En ese sentido, esto significa mucha tranquilidad para la comunidad\u201d, se\u00f1al\u00f3 Abd\u00f3n Aguilar Arraig\u00e1n, presidente del Club Adulto Mayor Las Rozas de Villa Cerro Castillo.<\/p>\n<p style=\"text-align: justify;\">\u201cDesde al a\u00f1o pasado ya est\u00e1bamos ac\u00e1 en el sector, bajo el Plan Verano Seguro. Esto dur\u00f3 hasta febrero de este 2024. Como instituci\u00f3n hicimos los esfuerzos para mantener a nuestros Carabineros con la comunidad, lo que nos ha dados muy buenos resultados en presencia y capacidad de control estrat\u00e9gico en la Ruta 7\u201d, asegur\u00f3 el Coronel Fuad Chaban Vilches, Perfecto de Carabineros Ays\u00e9n.<\/p>\n<p style=\"text-align: justify;\">\u201cCreemos que con esta acci\u00f3n aumentamos significativamente la sensaci\u00f3n de seguridad de nuestras vecinas y vecinos. Este esfuerzo forma parte integral de nuestro Plan de Seguridad, el cual incluye no solo la inauguraci\u00f3n de nuevas infraestructuras y recursos, sino tambi\u00e9n la implementaci\u00f3n de un veh\u00edculo municipal de patrullaje mixto y la instalaci\u00f3n de c\u00e1maras de televigilancia en puntos estrat\u00e9gicos de la comuna. Seguiremos trabajando arduamente para garantizar un entorno seguro y protegido para todos\u201d, concluy\u00f3 el Alcalde Saldivia.<\/p>\n<\/div><\/section><\/div><\/p>\n<div  style='height:50px' class='hr hr-invisible   avia-builder-el-6  el_after_av_one_full  el_before_av_social_share '><span class='hr-inner ' ><span class='hr-inner-style'><\/span><\/span><\/div>\n<div  class='av-social-sharing-box  avia-builder-el-7  el_after_av_hr  el_before_av_hr  '><div class='av-share-box'><h5 class='av-share-link-description av-no-toc '>Compartir esta noticia<\/h5><ul class='av-share-box-list noLightbox'><li class='av-share-link av-social-link-facebook' ><a target=\"_blank\" aria-label=\"Compartir en Facebook\" href='https:\/\/www.facebook.com\/sharer.php?u=https:\/\/radiorevelacionfm.cl\/?p=44924&#038;t=Inauguran%20nuevo%20Puesto%20de%20Control%20permanente%20de%20Carabineros%20en%20Villa%20Cerro%20Castillo' aria-hidden='false' data-av_icon='\ue8f3' data-av_iconfont='entypo-fontello' title='' data-avia-related-tooltip='Compartir en Facebook' rel=\"noopener\"><span class='avia_hidden_link_text'>Compartir en Facebook<\/span><\/a><\/li><li class='av-share-link av-social-link-twitter' ><a target=\"_blank\" aria-label=\"Compartir en Twitter\" href='https:\/\/twitter.com\/share?text=Inauguran%20nuevo%20Puesto%20de%20Control%20permanente%20de%20Carabineros%20en%20Villa%20Cerro%20Castillo&#038;url=https:\/\/radiorevelacionfm.cl\/?p=44924' aria-hidden='false' data-av_icon='\ue8f1' data-av_iconfont='entypo-fontello' title='' data-avia-related-tooltip='Compartir en Twitter' rel=\"noopener\"><span class='avia_hidden_link_text'>Compartir en Twitter<\/span><\/a><\/li><li class='av-share-link av-social-link-whatsapp' ><a target=\"_blank\" aria-label=\"Compartir en Whatsapp\" href='https:\/\/api.whatsapp.com\/send?text=https:\/\/radiorevelacionfm.cl\/?p=44924' aria-hidden='false' data-av_icon='\uf232' data-av_iconfont='entypo-fontello' title='' data-avia-related-tooltip='Compartir en Whatsapp' rel=\"noopener\"><span class='avia_hidden_link_text'>Compartir en Whatsapp<\/span><\/a><\/li><li class='av-share-link av-social-link-linkedin' ><a target=\"_blank\" aria-label=\"Compartir en LinkedIn\" href='https:\/\/linkedin.com\/shareArticle?mini=true&#038;title=Inauguran%20nuevo%20Puesto%20de%20Control%20permanente%20de%20Carabineros%20en%20Villa%20Cerro%20Castillo&#038;url=https:\/\/radiorevelacionfm.cl\/?p=44924' aria-hidden='false' data-av_icon='\ue8fc' data-av_iconfont='entypo-fontello' title='' data-avia-related-tooltip='Compartir en LinkedIn' rel=\"noopener\"><span class='avia_hidden_link_text'>Compartir en LinkedIn<\/span><\/a><\/li><li class='av-share-link av-social-link-mail' ><a  aria-label=\"Compartir por correo\" href='mailto:?subject=Inauguran%20nuevo%20Puesto%20de%20Control%20permanente%20de%20Carabineros%20en%20Villa%20Cerro%20Castillo&#038;body=https:\/\/radiorevelacionfm.cl\/?p=44924' aria-hidden='false' data-av_icon='\ue805' data-av_iconfont='entypo-fontello' title='' data-avia-related-tooltip='Compartir por correo'><span class='avia_hidden_link_text'>Compartir por correo<\/span><\/a><\/li><\/ul><\/div><\/div>\n<div  style='height:50px' class='hr hr-invisible   avia-builder-el-8  el_after_av_social_share  el_before_av_comments_list '><span class='hr-inner ' ><span class='hr-inner-style'><\/span><\/span><\/div>\n<div  class='av-buildercomment  av-blog-meta-html-info-disabled av-blog-meta-tag-disabled  '><\/div>\n","protected":false},"excerpt":{"rendered":"","protected":false},"author":1,"featured_media":44925,"comment_status":"open","ping_status":"open","sticky":false,"template":"","format":"standard","meta":{"footnotes":""},"categories":[38],"tags":[],"class_list":["post-44924","post","type-post","status-publish","format-standard","has-post-thumbnail","hentry","category-regional"],"jetpack_featured_media_url":"https:\/\/radiorevelacionfm.cl\/wp-content\/uploads\/2024\/08\/dsc7361-1_optimized-1.jpg","_links":{"self":[{"href":"https:\/\/radiorevelacionfm.cl\/index.php?rest_route=\/wp\/v2\/posts\/44924","targetHints":{"allow":["GET"]}}],"collection":[{"href":"https:\/\/radiorevelacionfm.cl\/index.php?rest_route=\/wp\/v2\/posts"}],"about":[{"href":"https:\/\/radiorevelacionfm.cl\/index.php?rest_route=\/wp\/v2\/types\/post"}],"author":[{"embeddable":true,"href":"https:\/\/radiorevelacionfm.cl\/index.php?rest_route=\/wp\/v2\/users\/1"}],"replies":[{"embeddable":true,"href":"https:\/\/radiorevelacionfm.cl\/index.php?rest_route=%2Fwp%2Fv2%2Fcomments&post=44924"}],"version-history":[{"count":2,"href":"https:\/\/radiorevelacionfm.cl\/index.php?rest_route=\/wp\/v2\/posts\/44924\/revisions"}],"predecessor-version":[{"id":44927,"href":"https:\/\/radiorevelacionfm.cl\/index.php?rest_route=\/wp\/v2\/posts\/44924\/revisions\/44927"}],"wp:featuredmedia":[{"embeddable":true,"href":"https:\/\/radiorevelacionfm.cl\/index.php?rest_route=\/wp\/v2\/media\/44925"}],"wp:attachment":[{"href":"https:\/\/radiorevelacionfm.cl\/index.php?rest_route=%2Fwp%2Fv2%2Fmedia&parent=44924"}],"wp:term":[{"taxonomy":"category","embeddable":true,"href":"https:\/\/radiorevelacionfm.cl\/index.php?rest_route=%2Fwp%2Fv2%2Fcategories&post=44924"},{"taxonomy":"post_tag","embeddable":true,"href":"https:\/\/radiorevelacionfm.cl\/index.php?rest_route=%2Fwp%2Fv2%2Ftags&post=44924"}],"curies":[{"name":"wp","href":"https:\/\/api.w.org\/{rel}","templated":true}]}}