{"id":44920,"date":"2024-08-07T19:08:18","date_gmt":"2024-08-07T22:08:18","guid":{"rendered":"https:\/\/radiorevelacionfm.cl\/?p=44920"},"modified":"2024-08-07T23:35:01","modified_gmt":"2024-08-08T02:35:01","slug":"en-prision-preventiva-quedo-imputado-por-robo-con-violencia-ocurrido-en-supermercado","status":"publish","type":"post","link":"https:\/\/radiorevelacionfm.cl\/?p=44920","title":{"rendered":"En prisi\u00f3n preventiva qued\u00f3 imputado por robo con violencia ocurrido en supermercado"},"content":{"rendered":"<div class=\"flex_column av_one_full  flex_column_div av-zero-column-padding first  avia-builder-el-0  el_before_av_one_full  avia-builder-el-first  \" style='border-radius:0px; '><div  class='avia-image-container  av-styling-    avia-builder-el-1  avia-builder-el-no-sibling  avia-align-center '  itemprop=\"image\" itemscope=\"itemscope\" itemtype=\"https:\/\/schema.org\/ImageObject\"  ><div class='avia-image-container-inner'><div class='avia-image-overlay-wrap'><img decoding=\"async\" class='wp-image-44954 avia-img-lazy-loading-not-44954 avia_image' src=\"https:\/\/radiorevelacionfm.cl\/wp-content\/uploads\/2024\/08\/66b38cd2e4e66_1200x719-photoroom-1_optimized.jpg\" alt='' title='66b38cd2e4e66_1200x719-photoroom-(1)_optimized' height=\"600\" width=\"901\"  itemprop=\"thumbnailUrl\" srcset=\"https:\/\/radiorevelacionfm.cl\/wp-content\/uploads\/2024\/08\/66b38cd2e4e66_1200x719-photoroom-1_optimized.jpg 901w, https:\/\/radiorevelacionfm.cl\/wp-content\/uploads\/2024\/08\/66b38cd2e4e66_1200x719-photoroom-1_optimized-300x200.jpg 300w, https:\/\/radiorevelacionfm.cl\/wp-content\/uploads\/2024\/08\/66b38cd2e4e66_1200x719-photoroom-1_optimized-768x511.jpg 768w, https:\/\/radiorevelacionfm.cl\/wp-content\/uploads\/2024\/08\/66b38cd2e4e66_1200x719-photoroom-1_optimized-705x469.jpg 705w, https:\/\/radiorevelacionfm.cl\/wp-content\/uploads\/2024\/08\/66b38cd2e4e66_1200x719-photoroom-1_optimized-450x300.jpg 450w, https:\/\/radiorevelacionfm.cl\/wp-content\/uploads\/2024\/08\/66b38cd2e4e66_1200x719-photoroom-1_optimized-600x400.jpg 600w\" sizes=\"(max-width: 901px) 100vw, 901px\" \/><\/div><\/div><\/div><\/div><div class=\"flex_column av_one_full  flex_column_div av-zero-column-padding first  avia-builder-el-2  el_after_av_one_full  el_before_av_one_full  column-top-margin\" style='border-radius:0px; '><section class=\"av_textblock_section \"  itemscope=\"itemscope\" itemtype=\"https:\/\/schema.org\/BlogPosting\" itemprop=\"blogPost\" ><div class='avia_textblock  '   itemprop=\"text\" ><p style=\"text-align: center;\"><strong><span style=\"font-size: 18pt;\">En prisi\u00f3n preventiva qued\u00f3 imputado por robo con violencia ocurrido en supermercado<\/span><\/strong><\/p>\n<div id=\"gtx-trans\" style=\"position: absolute; left: -50px; top: 4.31534px;\">\n<div class=\"gtx-trans-icon\"><\/div>\n<\/div>\n<\/div><\/section><\/div><\/p>\n<div class=\"flex_column av_one_full  flex_column_div av-zero-column-padding first  avia-builder-el-4  el_after_av_one_full  el_before_av_hr  column-top-margin\" style='border-radius:0px; '><section class=\"av_textblock_section \"  itemscope=\"itemscope\" itemtype=\"https:\/\/schema.org\/BlogPosting\" itemprop=\"blogPost\" ><div class='avia_textblock  '   itemprop=\"text\" ><p style=\"font-weight: 400; text-align: justify;\"><em>Sujeto hab\u00eda sido condenado el mes pasado por un delito de homicidio frustrado que tuvo lugar en las afueras de un bar en calle Bilbao.<\/em><\/p>\n<p style=\"font-weight: 400; text-align: justify;\">Tras petici\u00f3n de la Fiscal\u00eda, fue derivado hasta el Complejo Penitenciario de Coyhaique un imputado de 23 a\u00f1os, autor del delito de robo con violencia en car\u00e1cter de frustrado, ocurrido cerca de las 14.30 horas del martes en un supermercado y carnicer\u00eda. En la ocasi\u00f3n, el imputado amenaz\u00f3 a los funcionarios del local con un cuchillo cocinero de 40 cent\u00edmetros aproximadamente.<\/p>\n<p style=\"font-weight: 400; text-align: justify;\">Seg\u00fan explic\u00f3 el abogado asistente de la Fiscal\u00eda Local de Coyhaique, Mat\u00edas Manzano, la tarde de ayer un sujeto concurri\u00f3 \u201chasta un supermercado &#8211; carnicer\u00eda que est\u00e1 ubicado en Almirante Simpson de Coyhaique, donde habr\u00eda comenzado por intimidar a una cajera del lugar. Posteriormente, exhibi\u00e9ndole un cuchillo, solicita la entrega del dinero de la caja registradora, donde en ese momento reacciona la empleada del lugar, la cajera, quien llama a sus colegas y empieza a solicitar cooperaci\u00f3n para que el sujeto no sustrajera la caja\u201d.<\/p>\n<p style=\"font-weight: 400; text-align: justify;\">En dichas circunstancias, a\u00f1adi\u00f3 el abogado Manzano, el sujeto \u201ctambi\u00e9n premunido de un cuchillo, comienza a amenazar y a intimidar a los dem\u00e1s trabajadores del lugar, todos quienes se opon\u00edan a que el sujeto pudiera llevarse la especie\u201d.<\/p>\n<p style=\"font-weight: 400; text-align: justify;\">Luego, por la acci\u00f3n de los empleados, el imputado huye del local siendo detenido por Carabineros de la Primera Comisar\u00eda de Coyhaique gracias a los antecedentes aportados por las mismas v\u00edctimas y videos de c\u00e1mara de seguridad.<\/p>\n<p style=\"font-weight: 400; text-align: justify;\">AUDIENCIA<\/p>\n<p style=\"font-weight: 400; text-align: justify;\">Hoy en la audiencia de control y formalizaci\u00f3n de la investigaci\u00f3n, explic\u00f3 el abogado Mat\u00edas Manzano, \u201cse le imput\u00f3 un delito de robo con intimidaci\u00f3n en grado de desarrollo frustrado, en la cual se solicit\u00f3 la prisi\u00f3n preventiva, atendido que es estimaba por el Ministerio P\u00fablico que su libertad es un peligro para la seguridad de la sociedad, particularmente porque reci\u00e9n este imputado hab\u00eda sido condenado por un delito tambi\u00e9n de gravedad y de hecho, se encontraba cumpliendo una condena en libertad\u201d.<\/p>\n<p style=\"font-weight: 400; text-align: justify;\">Sobre ese caso, la condena aplicada en julio pasado por el Juzgado de Garant\u00eda de Coyhaique fue de 3 a\u00f1os y un d\u00eda, en el marco de un Procedimiento Abreviado por un caso de homicidio frustrado ocurrido en febrero de este a\u00f1o, en las afueras de un bar de calle Bilbao.<\/p>\n<p style=\"font-weight: 400; text-align: justify;\">Por todo lo anterior, se accedi\u00f3 a la petici\u00f3n de la Fiscal\u00eda \u201cpor parte del Juzgado Garant\u00eda y se decret\u00f3 su prisi\u00f3n preventiva por el tiempo que dure la investigaci\u00f3n que se estableci\u00f3 en un plazo de 60 d\u00edas y las diligencias pendientes est\u00e1n a cargo de la SIP de Carabineros de Coyhaique\u201d, finaliz\u00f3 el profesional de la Fiscal\u00eda.<\/p>\n<\/div><\/section><\/div>\n<div  style='height:50px' class='hr hr-invisible   avia-builder-el-6  el_after_av_one_full  el_before_av_social_share '><span class='hr-inner ' ><span class='hr-inner-style'><\/span><\/span><\/div>\n<div  class='av-social-sharing-box  avia-builder-el-7  el_after_av_hr  el_before_av_hr  '><div class='av-share-box'><h5 class='av-share-link-description av-no-toc '>Compartir esta noticia<\/h5><ul class='av-share-box-list noLightbox'><li class='av-share-link av-social-link-facebook' ><a target=\"_blank\" aria-label=\"Compartir en Facebook\" href='https:\/\/www.facebook.com\/sharer.php?u=https:\/\/radiorevelacionfm.cl\/?p=44920&#038;t=En%20prisi%C3%B3n%20preventiva%20qued%C3%B3%20imputado%20por%20robo%20con%20violencia%20ocurrido%20en%20supermercado' aria-hidden='false' data-av_icon='\ue8f3' data-av_iconfont='entypo-fontello' title='' data-avia-related-tooltip='Compartir en Facebook' rel=\"noopener\"><span class='avia_hidden_link_text'>Compartir en Facebook<\/span><\/a><\/li><li class='av-share-link av-social-link-twitter' ><a target=\"_blank\" aria-label=\"Compartir en Twitter\" href='https:\/\/twitter.com\/share?text=En%20prisi%C3%B3n%20preventiva%20qued%C3%B3%20imputado%20por%20robo%20con%20violencia%20ocurrido%20en%20supermercado&#038;url=https:\/\/radiorevelacionfm.cl\/?p=44920' aria-hidden='false' data-av_icon='\ue8f1' data-av_iconfont='entypo-fontello' title='' data-avia-related-tooltip='Compartir en Twitter' rel=\"noopener\"><span class='avia_hidden_link_text'>Compartir en Twitter<\/span><\/a><\/li><li class='av-share-link av-social-link-whatsapp' ><a target=\"_blank\" aria-label=\"Compartir en Whatsapp\" href='https:\/\/api.whatsapp.com\/send?text=https:\/\/radiorevelacionfm.cl\/?p=44920' aria-hidden='false' data-av_icon='\uf232' data-av_iconfont='entypo-fontello' title='' data-avia-related-tooltip='Compartir en Whatsapp' rel=\"noopener\"><span class='avia_hidden_link_text'>Compartir en Whatsapp<\/span><\/a><\/li><li class='av-share-link av-social-link-linkedin' ><a target=\"_blank\" aria-label=\"Compartir en LinkedIn\" href='https:\/\/linkedin.com\/shareArticle?mini=true&#038;title=En%20prisi%C3%B3n%20preventiva%20qued%C3%B3%20imputado%20por%20robo%20con%20violencia%20ocurrido%20en%20supermercado&#038;url=https:\/\/radiorevelacionfm.cl\/?p=44920' aria-hidden='false' data-av_icon='\ue8fc' data-av_iconfont='entypo-fontello' title='' data-avia-related-tooltip='Compartir en LinkedIn' rel=\"noopener\"><span class='avia_hidden_link_text'>Compartir en LinkedIn<\/span><\/a><\/li><li class='av-share-link av-social-link-mail' ><a  aria-label=\"Compartir por correo\" href='mailto:?subject=En%20prisi%C3%B3n%20preventiva%20qued%C3%B3%20imputado%20por%20robo%20con%20violencia%20ocurrido%20en%20supermercado&#038;body=https:\/\/radiorevelacionfm.cl\/?p=44920' aria-hidden='false' data-av_icon='\ue805' data-av_iconfont='entypo-fontello' title='' data-avia-related-tooltip='Compartir por correo'><span class='avia_hidden_link_text'>Compartir por correo<\/span><\/a><\/li><\/ul><\/div><\/div>\n<div  style='height:50px' class='hr hr-invisible   avia-builder-el-8  el_after_av_social_share  el_before_av_comments_list '><span class='hr-inner ' ><span class='hr-inner-style'><\/span><\/span><\/div>\n<div  class='av-buildercomment  av-blog-meta-html-info-disabled av-blog-meta-tag-disabled  '><\/div>\n","protected":false},"excerpt":{"rendered":"","protected":false},"author":1,"featured_media":44954,"comment_status":"open","ping_status":"open","sticky":false,"template":"","format":"standard","meta":{"footnotes":""},"categories":[36],"tags":[],"class_list":["post-44920","post","type-post","status-publish","format-standard","has-post-thumbnail","hentry","category-policial"],"jetpack_featured_media_url":"https:\/\/radiorevelacionfm.cl\/wp-content\/uploads\/2024\/08\/66b38cd2e4e66_1200x719-photoroom-1_optimized.jpg","_links":{"self":[{"href":"https:\/\/radiorevelacionfm.cl\/index.php?rest_route=\/wp\/v2\/posts\/44920","targetHints":{"allow":["GET"]}}],"collection":[{"href":"https:\/\/radiorevelacionfm.cl\/index.php?rest_route=\/wp\/v2\/posts"}],"about":[{"href":"https:\/\/radiorevelacionfm.cl\/index.php?rest_route=\/wp\/v2\/types\/post"}],"author":[{"embeddable":true,"href":"https:\/\/radiorevelacionfm.cl\/index.php?rest_route=\/wp\/v2\/users\/1"}],"replies":[{"embeddable":true,"href":"https:\/\/radiorevelacionfm.cl\/index.php?rest_route=%2Fwp%2Fv2%2Fcomments&post=44920"}],"version-history":[{"count":4,"href":"https:\/\/radiorevelacionfm.cl\/index.php?rest_route=\/wp\/v2\/posts\/44920\/revisions"}],"predecessor-version":[{"id":44955,"href":"https:\/\/radiorevelacionfm.cl\/index.php?rest_route=\/wp\/v2\/posts\/44920\/revisions\/44955"}],"wp:featuredmedia":[{"embeddable":true,"href":"https:\/\/radiorevelacionfm.cl\/index.php?rest_route=\/wp\/v2\/media\/44954"}],"wp:attachment":[{"href":"https:\/\/radiorevelacionfm.cl\/index.php?rest_route=%2Fwp%2Fv2%2Fmedia&parent=44920"}],"wp:term":[{"taxonomy":"category","embeddable":true,"href":"https:\/\/radiorevelacionfm.cl\/index.php?rest_route=%2Fwp%2Fv2%2Fcategories&post=44920"},{"taxonomy":"post_tag","embeddable":true,"href":"https:\/\/radiorevelacionfm.cl\/index.php?rest_route=%2Fwp%2Fv2%2Ftags&post=44920"}],"curies":[{"name":"wp","href":"https:\/\/api.w.org\/{rel}","templated":true}]}}