{"id":44918,"date":"2024-08-10T12:32:58","date_gmt":"2024-08-10T15:32:58","guid":{"rendered":"https:\/\/radiorevelacionfm.cl\/?p=44918"},"modified":"2024-08-10T12:32:58","modified_gmt":"2024-08-10T15:32:58","slug":"seremi-de-la-mujer-y-la-equidad-de-genero-se-refiere-a-los-avances-de-la-nueva-ley-karin-para-las-mujeres-trabajadoras","status":"publish","type":"post","link":"https:\/\/radiorevelacionfm.cl\/?p=44918","title":{"rendered":"Seremi de la Mujer y la Equidad de G\u00e9nero se refiere a los avances de la nueva Ley Karin para las mujeres trabajadoras"},"content":{"rendered":"<div class=\"flex_column av_one_full  flex_column_div av-zero-column-padding first  avia-builder-el-0  el_before_av_one_full  avia-builder-el-first  \" style='border-radius:0px; '><div  class='avia-image-container  av-styling-    avia-builder-el-1  avia-builder-el-no-sibling  avia-align-center '  itemprop=\"image\" itemscope=\"itemscope\" itemtype=\"https:\/\/schema.org\/ImageObject\"  ><div class='avia-image-container-inner'><div class='avia-image-overlay-wrap'><img decoding=\"async\" class='wp-image-20217 avia-img-lazy-loading-not-20217 avia_image' src=\"https:\/\/radiorevelacionfm.cl\/wp-content\/uploads\/2022\/08\/foto-seremi-1-1_optimized.jpg\" alt='' title='foto-seremi-1-(1)_optimized' height=\"600\" width=\"900\"  itemprop=\"thumbnailUrl\" srcset=\"https:\/\/radiorevelacionfm.cl\/wp-content\/uploads\/2022\/08\/foto-seremi-1-1_optimized.jpg 900w, https:\/\/radiorevelacionfm.cl\/wp-content\/uploads\/2022\/08\/foto-seremi-1-1_optimized-300x200.jpg 300w, https:\/\/radiorevelacionfm.cl\/wp-content\/uploads\/2022\/08\/foto-seremi-1-1_optimized-768x512.jpg 768w, https:\/\/radiorevelacionfm.cl\/wp-content\/uploads\/2022\/08\/foto-seremi-1-1_optimized-705x470.jpg 705w, https:\/\/radiorevelacionfm.cl\/wp-content\/uploads\/2022\/08\/foto-seremi-1-1_optimized-600x400.jpg 600w\" sizes=\"(max-width: 900px) 100vw, 900px\" \/><\/div><\/div><\/div><\/div><div class=\"flex_column av_one_full  flex_column_div av-zero-column-padding first  avia-builder-el-2  el_after_av_one_full  el_before_av_one_full  column-top-margin\" style='border-radius:0px; '><section class=\"av_textblock_section \"  itemscope=\"itemscope\" itemtype=\"https:\/\/schema.org\/BlogPosting\" itemprop=\"blogPost\" ><div class='avia_textblock  '   itemprop=\"text\" ><p style=\"text-align: center;\"><strong><span style=\"font-size: 18pt;\">Seremi de la Mujer y la Equidad de G\u00e9nero se refiere a los avances de la nueva Ley Karin para las mujeres trabajadoras<\/span><\/strong><\/p>\n<div id=\"gtx-trans\" style=\"position: absolute; left: -50px; top: 4.31534px;\">\n<div class=\"gtx-trans-icon\"><\/div>\n<\/div>\n<\/div><\/section><\/div><div class=\"flex_column av_one_full  flex_column_div av-zero-column-padding first  avia-builder-el-4  el_after_av_one_full  el_before_av_hr  column-top-margin\" style='border-radius:0px; '><section class=\"av_textblock_section \"  itemscope=\"itemscope\" itemtype=\"https:\/\/schema.org\/BlogPosting\" itemprop=\"blogPost\" ><div class='avia_textblock  '   itemprop=\"text\" ><p style=\"text-align: justify;\">Como una muestra m\u00e1s del gobierno en la erradicaci\u00f3n de la violencia en contra de las mujeres, catalog\u00f3 la Seremi de la Mujer y la Equidad de G\u00e9nero, Andrea M\u00e9ndez Valenzuela, la reci\u00e9n puesta en marcha de la Ley Karin, que comenz\u00f3 a regir el pasado 01 de agosto y que en materia de g\u00e9nero, sancionar\u00e1 diversos actos de violencia con enfoque de g\u00e9nero.<\/p>\n<p style=\"text-align: justify;\">\u00abLa ley Karin representa el compromiso del gobierno del presidente Boric Font de avanzar hacia un trabajo decente, con especial \u00e9nfasis en problem\u00e1ticas que impactan fundamentalmente a las mujeres, como el acoso sexual y laboral. Uno de los elementos centrales para nuestro ministerio es la exigencia de disponer de un protocolo preventivo, lo cual es esencial para instalar\u00a0 una cultura organizacional basada en el respeto\u201d, indic\u00f3 la Seremi de la Mujer y la Equidad de G\u00e9nero, Andrea M\u00e9ndez Valenzuela.<\/p>\n<p style=\"text-align: justify;\">De acuerdo con los \u00faltimos datos de la Direcci\u00f3n del Trabajo, entre 01 enero 2022 y 30 de abril 2024, se han recibido 4.645 denuncias por acoso laboral (3.804 denuncias hechas directamente por los trabajadores y de estos 67,8% son mujeres) y se han registrado 2.248 denuncias por tem\u00e1ticas relacionadas con acoso sexual, de las cuales 1.238 afectan directamente a personas trabajadoras, siendo mujeres el 93,1% de las v\u00edctimas.<\/p>\n<p style=\"text-align: justify;\">Por su parte, el Seremi del Trabajo y Previsi\u00f3n Social, Rodrigo D\u00edaz Cordaro indic\u00f3: Dentro de lo importante de esta Ley, modifica la definici\u00f3n de acoso laboral e incorpora el concepto de violencia en el trabajo, establece la obligatoriedad del protocolo de prevenci\u00f3n y plazos concretos para la investigaci\u00f3n de acoso laboral y adem\u00e1s medidas de atenci\u00f3n sicol\u00f3gica temprana, les da un rol a las mutualidades que por Ley lo deben cumplir. La violencia y el acoso pueden da\u00f1ar, la salud, la dignidad y el bienestar de las personas en el trabajo, y en particularidad para las mujeres, dificulta el acceso al mercado del trabajo, que permanezcan en \u00e9l y que progresen profesionalmente\u201d, reafirm\u00f3.<\/p>\n<p style=\"text-align: justify;\">En este contexto, en materia de g\u00e9nero, la Ley adem\u00e1s de incluir el acoso laboral, sexual \u00a0(que afecta a su mayor\u00eda a las mujeres), es una invitaci\u00f3n a los empleadores a tomar medidas de protecci\u00f3n, investigar y proteger a los empleados y empleadas ante represalias, ampliando el rango de denuncia, incorporando a la direcci\u00f3n del trabajo y los \u00a0tribunales laborales.-<\/p>\n<p style=\"text-align: justify;\">En el caso particular del caso de \u00a0acoso sexual, estar\u00e1 prohibido el env\u00edo de mensajes o im\u00e1genes sexuadas explicitas, ofrecer recompensas a cambio de favores sexuales o amenazas, manifestar presiones de car\u00e1cter sexual, \u00a0y cualquier otro requerimiento de car\u00e1cter sexual no consentido por la persona que los recibe.<\/p>\n<p style=\"text-align: justify;\">Por su parte, la Seremi destac\u00f3 los dichos de la Ministra de la Mujer y la Equidad de G\u00e9nero,\u00a0 Antonia Orellana, quien se refiri\u00f3 hace algunos d\u00edas, a esos <em>otros espacios de violencia poco reconocidos, como <strong>lugares p\u00fablicos<\/strong>,<\/em> enfocados principalmente al rubro de los \u00a0servicios, donde en ocasiones, la violencia viene por parte de un cliente (tercero). As\u00ed tambi\u00e9n, el\u00a0 <strong><em>espacio digital<\/em><\/strong>, donde tambi\u00e9n ocurre violencia y tambi\u00e9n afecta en su mayor\u00eda a la mujeres, y que antiguamente no era reconocida como tal en los tribunales, pero que hoy es posible incorporarla en sumarios e investigaciones, y finalmente; los espacios que van<strong><em> fuera de contexto laboral<\/em><\/strong>, y donde igualmente se ejercen las jerarqu\u00edas, sin duda importantes avances que incorpora esta Ley que da termino a pr\u00e1cticas antisindicales.<\/p>\n<p style=\"text-align: justify;\">Cabe destacar, que como una manera de sensibilizar y difundir la importancia de la prevenci\u00f3n e impulsar los denominados protocolos que deber\u00e1n incorporarse en empresas e instituciones, el gobierno ha desplegado un proceso formativo a nivel nacional enfocado a empleadores cumplan cada estipulaci\u00f3n de dichos protocolos.<\/p>\n<p style=\"text-align: justify;\">Finalmente, cabe destacar que la Ley Karin, nace en memoria de Karin Salgado, funcionaria p\u00fablica y t\u00e9cnica en enfermer\u00eda quien, tras sufrir un prolongado proceso de acoso laboral, decidi\u00f3 quitarse la vida ya que no pudo acceder a un canal de denuncia, protecci\u00f3n y apoyo psicol\u00f3gico adecuado, lo que se espera sea parte del pasado.<\/p>\n<\/div><\/section><\/div><div  style='height:50px' class='hr hr-invisible   avia-builder-el-6  el_after_av_one_full  el_before_av_social_share '><span class='hr-inner ' ><span class='hr-inner-style'><\/span><\/span><\/div><\/p>\n<div  class='av-social-sharing-box  avia-builder-el-7  el_after_av_hr  el_before_av_hr  '><div class='av-share-box'><h5 class='av-share-link-description av-no-toc '>Compartir esta noticia<\/h5><ul class='av-share-box-list noLightbox'><li class='av-share-link av-social-link-facebook' ><a target=\"_blank\" aria-label=\"Compartir en Facebook\" href='https:\/\/www.facebook.com\/sharer.php?u=https:\/\/radiorevelacionfm.cl\/?p=44918&#038;t=Seremi%20de%20la%20Mujer%20y%20la%20Equidad%20de%20G%C3%A9nero%20se%20refiere%20a%20los%20avances%20de%20la%20nueva%20Ley%20Karin%20para%20las%20mujeres%20trabajadoras' aria-hidden='false' data-av_icon='\ue8f3' data-av_iconfont='entypo-fontello' title='' data-avia-related-tooltip='Compartir en Facebook' rel=\"noopener\"><span class='avia_hidden_link_text'>Compartir en Facebook<\/span><\/a><\/li><li class='av-share-link av-social-link-twitter' ><a target=\"_blank\" aria-label=\"Compartir en Twitter\" href='https:\/\/twitter.com\/share?text=Seremi%20de%20la%20Mujer%20y%20la%20Equidad%20de%20G%C3%A9nero%20se%20refiere%20a%20los%20avances%20de%20la%20nueva%20Ley%20Karin%20para%20las%20mujeres%20trabajadoras&#038;url=https:\/\/radiorevelacionfm.cl\/?p=44918' aria-hidden='false' data-av_icon='\ue8f1' data-av_iconfont='entypo-fontello' title='' data-avia-related-tooltip='Compartir en Twitter' rel=\"noopener\"><span class='avia_hidden_link_text'>Compartir en Twitter<\/span><\/a><\/li><li class='av-share-link av-social-link-whatsapp' ><a target=\"_blank\" aria-label=\"Compartir en Whatsapp\" href='https:\/\/api.whatsapp.com\/send?text=https:\/\/radiorevelacionfm.cl\/?p=44918' aria-hidden='false' data-av_icon='\uf232' data-av_iconfont='entypo-fontello' title='' data-avia-related-tooltip='Compartir en Whatsapp' rel=\"noopener\"><span class='avia_hidden_link_text'>Compartir en Whatsapp<\/span><\/a><\/li><li class='av-share-link av-social-link-linkedin' ><a target=\"_blank\" aria-label=\"Compartir en LinkedIn\" href='https:\/\/linkedin.com\/shareArticle?mini=true&#038;title=Seremi%20de%20la%20Mujer%20y%20la%20Equidad%20de%20G%C3%A9nero%20se%20refiere%20a%20los%20avances%20de%20la%20nueva%20Ley%20Karin%20para%20las%20mujeres%20trabajadoras&#038;url=https:\/\/radiorevelacionfm.cl\/?p=44918' aria-hidden='false' data-av_icon='\ue8fc' data-av_iconfont='entypo-fontello' title='' data-avia-related-tooltip='Compartir en LinkedIn' rel=\"noopener\"><span class='avia_hidden_link_text'>Compartir en LinkedIn<\/span><\/a><\/li><li class='av-share-link av-social-link-mail' ><a  aria-label=\"Compartir por correo\" href='mailto:?subject=Seremi%20de%20la%20Mujer%20y%20la%20Equidad%20de%20G%C3%A9nero%20se%20refiere%20a%20los%20avances%20de%20la%20nueva%20Ley%20Karin%20para%20las%20mujeres%20trabajadoras&#038;body=https:\/\/radiorevelacionfm.cl\/?p=44918' aria-hidden='false' data-av_icon='\ue805' data-av_iconfont='entypo-fontello' title='' data-avia-related-tooltip='Compartir por correo'><span class='avia_hidden_link_text'>Compartir por correo<\/span><\/a><\/li><\/ul><\/div><\/div>\n<div  style='height:50px' class='hr hr-invisible   avia-builder-el-8  el_after_av_social_share  el_before_av_comments_list '><span class='hr-inner ' ><span class='hr-inner-style'><\/span><\/span><\/div>\n<div  class='av-buildercomment  av-blog-meta-html-info-disabled av-blog-meta-tag-disabled  '><\/div>\n","protected":false},"excerpt":{"rendered":"","protected":false},"author":1,"featured_media":20217,"comment_status":"open","ping_status":"open","sticky":false,"template":"","format":"standard","meta":{"footnotes":""},"categories":[38],"tags":[],"class_list":["post-44918","post","type-post","status-publish","format-standard","has-post-thumbnail","hentry","category-regional"],"jetpack_featured_media_url":"https:\/\/radiorevelacionfm.cl\/wp-content\/uploads\/2022\/08\/foto-seremi-1-1_optimized.jpg","_links":{"self":[{"href":"https:\/\/radiorevelacionfm.cl\/index.php?rest_route=\/wp\/v2\/posts\/44918","targetHints":{"allow":["GET"]}}],"collection":[{"href":"https:\/\/radiorevelacionfm.cl\/index.php?rest_route=\/wp\/v2\/posts"}],"about":[{"href":"https:\/\/radiorevelacionfm.cl\/index.php?rest_route=\/wp\/v2\/types\/post"}],"author":[{"embeddable":true,"href":"https:\/\/radiorevelacionfm.cl\/index.php?rest_route=\/wp\/v2\/users\/1"}],"replies":[{"embeddable":true,"href":"https:\/\/radiorevelacionfm.cl\/index.php?rest_route=%2Fwp%2Fv2%2Fcomments&post=44918"}],"version-history":[{"count":1,"href":"https:\/\/radiorevelacionfm.cl\/index.php?rest_route=\/wp\/v2\/posts\/44918\/revisions"}],"predecessor-version":[{"id":44919,"href":"https:\/\/radiorevelacionfm.cl\/index.php?rest_route=\/wp\/v2\/posts\/44918\/revisions\/44919"}],"wp:featuredmedia":[{"embeddable":true,"href":"https:\/\/radiorevelacionfm.cl\/index.php?rest_route=\/wp\/v2\/media\/20217"}],"wp:attachment":[{"href":"https:\/\/radiorevelacionfm.cl\/index.php?rest_route=%2Fwp%2Fv2%2Fmedia&parent=44918"}],"wp:term":[{"taxonomy":"category","embeddable":true,"href":"https:\/\/radiorevelacionfm.cl\/index.php?rest_route=%2Fwp%2Fv2%2Fcategories&post=44918"},{"taxonomy":"post_tag","embeddable":true,"href":"https:\/\/radiorevelacionfm.cl\/index.php?rest_route=%2Fwp%2Fv2%2Ftags&post=44918"}],"curies":[{"name":"wp","href":"https:\/\/api.w.org\/{rel}","templated":true}]}}