{"id":44916,"date":"2024-08-08T16:48:41","date_gmt":"2024-08-08T19:48:41","guid":{"rendered":"https:\/\/radiorevelacionfm.cl\/?p=44916"},"modified":"2024-08-08T16:48:41","modified_gmt":"2024-08-08T19:48:41","slug":"noveno-aniversario-de-la-universidad-de-aysen-avances-y-proyecciones","status":"publish","type":"post","link":"https:\/\/radiorevelacionfm.cl\/?p=44916","title":{"rendered":"Noveno Aniversario de la Universidad de Ays\u00e9n: Avances y Proyecciones"},"content":{"rendered":"<div class=\"flex_column av_one_full  flex_column_div av-zero-column-padding first  avia-builder-el-0  el_before_av_one_full  avia-builder-el-first  \" style='border-radius:0px; '><div  class='avia-image-container  av-styling-    avia-builder-el-1  avia-builder-el-no-sibling  avia-align-center '  itemprop=\"image\" itemscope=\"itemscope\" itemtype=\"https:\/\/schema.org\/ImageObject\"  ><div class='avia-image-container-inner'><div class='avia-image-overlay-wrap'><img decoding=\"async\" class='wp-image-44988 avia-img-lazy-loading-not-44988 avia_image' src=\"https:\/\/radiorevelacionfm.cl\/wp-content\/uploads\/2024\/08\/Aniversario-UAysen-1-1.jpg\" alt='' title='Aniversario UAysen (1) (1)' height=\"600\" width=\"811\"  itemprop=\"thumbnailUrl\" srcset=\"https:\/\/radiorevelacionfm.cl\/wp-content\/uploads\/2024\/08\/Aniversario-UAysen-1-1.jpg 811w, https:\/\/radiorevelacionfm.cl\/wp-content\/uploads\/2024\/08\/Aniversario-UAysen-1-1-300x222.jpg 300w, https:\/\/radiorevelacionfm.cl\/wp-content\/uploads\/2024\/08\/Aniversario-UAysen-1-1-768x568.jpg 768w, https:\/\/radiorevelacionfm.cl\/wp-content\/uploads\/2024\/08\/Aniversario-UAysen-1-1-705x522.jpg 705w, https:\/\/radiorevelacionfm.cl\/wp-content\/uploads\/2024\/08\/Aniversario-UAysen-1-1-450x333.jpg 450w, https:\/\/radiorevelacionfm.cl\/wp-content\/uploads\/2024\/08\/Aniversario-UAysen-1-1-600x444.jpg 600w\" sizes=\"(max-width: 811px) 100vw, 811px\" \/><\/div><\/div><\/div><\/div><div class=\"flex_column av_one_full  flex_column_div av-zero-column-padding first  avia-builder-el-2  el_after_av_one_full  el_before_av_one_full  column-top-margin\" style='border-radius:0px; '><section class=\"av_textblock_section \"  itemscope=\"itemscope\" itemtype=\"https:\/\/schema.org\/BlogPosting\" itemprop=\"blogPost\" ><div class='avia_textblock  '   itemprop=\"text\" ><p style=\"text-align: center;\"><span style=\"font-size: 18pt;\"><strong>Noveno Aniversario de la Universidad de Ays\u00e9n: Avances y Proyecciones<\/strong><\/span><\/p>\n<div id=\"gtx-trans\" style=\"position: absolute; left: -50px; top: 4.31534px;\">\n<div class=\"gtx-trans-icon\"><\/div>\n<\/div>\n<\/div><\/section><\/div><\/p>\n<div class=\"flex_column av_one_full  flex_column_div av-zero-column-padding first  avia-builder-el-4  el_after_av_one_full  el_before_av_hr  column-top-margin\" style='border-radius:0px; '><section class=\"av_textblock_section \"  itemscope=\"itemscope\" itemtype=\"https:\/\/schema.org\/BlogPosting\" itemprop=\"blogPost\" ><div class='avia_textblock  '   itemprop=\"text\" ><p style=\"text-align: justify;\">En el marco del noveno aniversario desde su creaci\u00f3n, la Universidad de Ays\u00e9n se complace en compartir los significativos avances logrados en los \u00faltimos meses y que han permitido alcanzar un mayor fortalecimiento institucional y proyectar un sostenido crecimiento en sus distintas \u00e1reas.<\/p>\n<p style=\"text-align: justify;\">El administrador provisional, Juan Pablo Prieto, al asumir su cargo, se enfrent\u00f3 a un panorama de \u00abdesesperanza y fragilidad\u00bb debido a una profunda crisis financiera y administrativa. Sin embargo, gracias al compromiso de los equipos internos y al respaldo del Ministerio de Educaci\u00f3n, se ha logrado alcanzar una plena estabilidad financiera, brindando tranquilidad a los acad\u00e9micos, funcionarios y estudiantes.<\/p>\n<p style=\"text-align: justify;\">La estabilizaci\u00f3n financiera de la instituci\u00f3n ha permitido tambi\u00e9n mejorar las condiciones de la comunidad universitaria, que ha atravesado un largo y dif\u00edcil per\u00edodo de carencias. El pasado 31 de julio, el Consejo Superior aprob\u00f3 un reajuste del 3% en las remuneraciones a partir de julio de este a\u00f1o. Si bien este ajuste no es suficiente para mantener el poder adquisitivo, es un avance significativo. Adem\u00e1s, se espera realizar un nuevo esfuerzo para fin de a\u00f1o.<\/p>\n<p style=\"text-align: justify;\">Asimismo, se ha contratado un Seguro Complementario de Salud, vigente desde el 1 de agosto, beneficio otorgado por primera vez en la historia de la universidad.<\/p>\n<p style=\"text-align: justify;\"><strong>Avances en los Primeros seis meses<\/strong><\/p>\n<p style=\"text-align: justify;\"><strong>\u00a0<\/strong><u>En materia de gobernanza<\/u>:<\/p>\n<ul style=\"text-align: justify;\">\n<li>Se estableci\u00f3 una nueva org\u00e1nica para llevar adelante el proyecto de administraci\u00f3n<\/li>\n<li>Por primera vez en la historia de la universidad, se logr\u00f3 constituir el Consejo Superior con todos los integrantes que establecen los estatutos.<\/li>\n<\/ul>\n<p style=\"text-align: justify;\"><u>En materia financiera:<\/u><\/p>\n<ul style=\"text-align: justify;\">\n<li>Se formul\u00f3 un proyecto de fortalecimiento por $2.500 millones y est\u00e1 en una etapa avanzada la formulaci\u00f3n de otro proyecto por $3.500 millones.<\/li>\n<li>Para el a\u00f1o 2024, se han dispuesto recursos por aproximadamente $15.000 millones para inversi\u00f3n en infraestructura y equipamiento.<\/li>\n<\/ul>\n<p style=\"text-align: justify;\"><u>En materia acad\u00e9mica:<\/u><\/p>\n<ul style=\"text-align: justify;\">\n<li>Se solicit\u00f3 a la CNA la creaci\u00f3n de dos nuevas carreras para la admisi\u00f3n 2025, esperando respuesta para fines de este mes.<\/li>\n<li>Este semestre se ha invertido $200 millones en equipamiento e insumos para la<\/li>\n<li>Se instalaron nuevos laboratorios de computaci\u00f3n y f\u00edsica, y est\u00e1 en proceso de compra equipamiento de alta fidelidad para un nuevo laboratorio de anotom\u00eda.<\/li>\n<li>Se lanz\u00f3 un fondo de investigaci\u00f3n de $102 millones, con $12 millones destinados a financiar tesis con impacto regional.<\/li>\n<li>La universidad se ha adjudicado equipamiento cient\u00edfico por $336 millones, el que se ha puesto a disposici\u00f3n de sus investigadores, del CIEP y del Servicio de Salud regional.<\/li>\n<\/ul>\n<p style=\"text-align: justify;\"><u>En materia de infraestructura<\/u>:<\/p>\n<ul style=\"text-align: justify;\">\n<li>Se elabor\u00f3 el anteproyecto de dise\u00f1o de construcciones modulares de 3.500 m\u00b2 para el Campus R\u00edo Coyhaique, estimando su licitaci\u00f3n para fines de octubre y uso para el segundo semestre del pr\u00f3ximo a\u00f1o.<\/li>\n<li>Se encuentra en etapa final la compra de un inmueble de cerca de 2.500 m\u00b2 en la ciudad. Todo los anterior significar\u00e1 una inversi\u00f3n en infraestructura de alrededor de $10.000<\/li>\n<\/ul>\n<p style=\"text-align: justify;\"><u>En materia regulatoria:<\/u><\/p>\n<ul style=\"text-align: justify;\">\n<li>Se dict\u00f3 un c\u00f3digo de \u00e9tica y un Reglamento de Conflicto de Inter\u00e9s.<\/li>\n<li>Se ha comprometido una Pol\u00edtica y Sistema de resguardo de la convivencia y buen clima<\/li>\n<\/ul>\n<p style=\"text-align: justify;\"><u>En materia de gesti\u00f3n:<\/u><\/p>\n<ul style=\"text-align: justify;\">\n<li>Se est\u00e1n instalando dos nuevos sistemas de gesti\u00f3n para promover procesos eficientes y<\/li>\n<li>Se estableci\u00f3 una oficina de proyectos para asegurar una mirada estrat\u00e9gica y dar apoyo y seguimiento a importantes recursos que permiten el desarrollo y fortalecimiento de la<\/li>\n<\/ul>\n<p style=\"text-align: justify;\"><u>Relaciones con el entorno regional:<\/u><\/p>\n<ul style=\"text-align: justify;\">\n<li>Se han sostenido reuniones con distintos actores p\u00fablicos y privados, incluyendo la gobernadora, el CORE, alcaldes, delegados regionales y provinciales, parlamentarios, servicios p\u00fablicos y empresarios, buscando estrechar lazos y generar un trabajo conjunto.<\/li>\n<\/ul>\n<p style=\"text-align: justify;\"><u>El CFT Estatal y la Universidad Estatal:<\/u><\/p>\n<ul style=\"text-align: justify;\">\n<li>Se han iniciado conversaciones con el rector V\u00edctor \u00c1lvarez para avanzar en una mayor articulaci\u00f3n entre ambas instituciones.<\/li>\n<\/ul>\n<p style=\"text-align: justify;\">En este aniversario, la Universidad de Ays\u00e9n reafirma su compromiso con la excelencia acad\u00e9mica y el desarrollo regional, agradeciendo a toda la comunidad universitaria por su dedicaci\u00f3n y esfuerzo.<\/p>\n<\/div><\/section><\/div>\n<div  style='height:50px' class='hr hr-invisible   avia-builder-el-6  el_after_av_one_full  el_before_av_social_share '><span class='hr-inner ' ><span class='hr-inner-style'><\/span><\/span><\/div>\n<div  class='av-social-sharing-box  avia-builder-el-7  el_after_av_hr  el_before_av_hr  '><div class='av-share-box'><h5 class='av-share-link-description av-no-toc '>Compartir esta noticia<\/h5><ul class='av-share-box-list noLightbox'><li class='av-share-link av-social-link-facebook' ><a target=\"_blank\" aria-label=\"Compartir en Facebook\" href='https:\/\/www.facebook.com\/sharer.php?u=https:\/\/radiorevelacionfm.cl\/?p=44916&#038;t=Noveno%20Aniversario%20de%20la%20Universidad%20de%20Ays%C3%A9n%3A%20Avances%20y%20Proyecciones' aria-hidden='false' data-av_icon='\ue8f3' data-av_iconfont='entypo-fontello' title='' data-avia-related-tooltip='Compartir en Facebook' rel=\"noopener\"><span class='avia_hidden_link_text'>Compartir en Facebook<\/span><\/a><\/li><li class='av-share-link av-social-link-twitter' ><a target=\"_blank\" aria-label=\"Compartir en Twitter\" href='https:\/\/twitter.com\/share?text=Noveno%20Aniversario%20de%20la%20Universidad%20de%20Ays%C3%A9n%3A%20Avances%20y%20Proyecciones&#038;url=https:\/\/radiorevelacionfm.cl\/?p=44916' aria-hidden='false' data-av_icon='\ue8f1' data-av_iconfont='entypo-fontello' title='' data-avia-related-tooltip='Compartir en Twitter' rel=\"noopener\"><span class='avia_hidden_link_text'>Compartir en Twitter<\/span><\/a><\/li><li class='av-share-link av-social-link-whatsapp' ><a target=\"_blank\" aria-label=\"Compartir en Whatsapp\" href='https:\/\/api.whatsapp.com\/send?text=https:\/\/radiorevelacionfm.cl\/?p=44916' aria-hidden='false' data-av_icon='\uf232' data-av_iconfont='entypo-fontello' title='' data-avia-related-tooltip='Compartir en Whatsapp' rel=\"noopener\"><span class='avia_hidden_link_text'>Compartir en Whatsapp<\/span><\/a><\/li><li class='av-share-link av-social-link-linkedin' ><a target=\"_blank\" aria-label=\"Compartir en LinkedIn\" href='https:\/\/linkedin.com\/shareArticle?mini=true&#038;title=Noveno%20Aniversario%20de%20la%20Universidad%20de%20Ays%C3%A9n%3A%20Avances%20y%20Proyecciones&#038;url=https:\/\/radiorevelacionfm.cl\/?p=44916' aria-hidden='false' data-av_icon='\ue8fc' data-av_iconfont='entypo-fontello' title='' data-avia-related-tooltip='Compartir en LinkedIn' rel=\"noopener\"><span class='avia_hidden_link_text'>Compartir en LinkedIn<\/span><\/a><\/li><li class='av-share-link av-social-link-mail' ><a  aria-label=\"Compartir por correo\" href='mailto:?subject=Noveno%20Aniversario%20de%20la%20Universidad%20de%20Ays%C3%A9n%3A%20Avances%20y%20Proyecciones&#038;body=https:\/\/radiorevelacionfm.cl\/?p=44916' aria-hidden='false' data-av_icon='\ue805' data-av_iconfont='entypo-fontello' title='' data-avia-related-tooltip='Compartir por correo'><span class='avia_hidden_link_text'>Compartir por correo<\/span><\/a><\/li><\/ul><\/div><\/div>\n<div  style='height:50px' class='hr hr-invisible   avia-builder-el-8  el_after_av_social_share  el_before_av_comments_list '><span class='hr-inner ' ><span class='hr-inner-style'><\/span><\/span><\/div>\n<div  class='av-buildercomment  av-blog-meta-html-info-disabled av-blog-meta-tag-disabled  '><\/div>\n","protected":false},"excerpt":{"rendered":"","protected":false},"author":1,"featured_media":44988,"comment_status":"open","ping_status":"open","sticky":false,"template":"","format":"standard","meta":{"footnotes":""},"categories":[49],"tags":[],"class_list":["post-44916","post","type-post","status-publish","format-standard","has-post-thumbnail","hentry","category-educacion"],"jetpack_featured_media_url":"https:\/\/radiorevelacionfm.cl\/wp-content\/uploads\/2024\/08\/Aniversario-UAysen-1-1.jpg","_links":{"self":[{"href":"https:\/\/radiorevelacionfm.cl\/index.php?rest_route=\/wp\/v2\/posts\/44916","targetHints":{"allow":["GET"]}}],"collection":[{"href":"https:\/\/radiorevelacionfm.cl\/index.php?rest_route=\/wp\/v2\/posts"}],"about":[{"href":"https:\/\/radiorevelacionfm.cl\/index.php?rest_route=\/wp\/v2\/types\/post"}],"author":[{"embeddable":true,"href":"https:\/\/radiorevelacionfm.cl\/index.php?rest_route=\/wp\/v2\/users\/1"}],"replies":[{"embeddable":true,"href":"https:\/\/radiorevelacionfm.cl\/index.php?rest_route=%2Fwp%2Fv2%2Fcomments&post=44916"}],"version-history":[{"count":2,"href":"https:\/\/radiorevelacionfm.cl\/index.php?rest_route=\/wp\/v2\/posts\/44916\/revisions"}],"predecessor-version":[{"id":44989,"href":"https:\/\/radiorevelacionfm.cl\/index.php?rest_route=\/wp\/v2\/posts\/44916\/revisions\/44989"}],"wp:featuredmedia":[{"embeddable":true,"href":"https:\/\/radiorevelacionfm.cl\/index.php?rest_route=\/wp\/v2\/media\/44988"}],"wp:attachment":[{"href":"https:\/\/radiorevelacionfm.cl\/index.php?rest_route=%2Fwp%2Fv2%2Fmedia&parent=44916"}],"wp:term":[{"taxonomy":"category","embeddable":true,"href":"https:\/\/radiorevelacionfm.cl\/index.php?rest_route=%2Fwp%2Fv2%2Fcategories&post=44916"},{"taxonomy":"post_tag","embeddable":true,"href":"https:\/\/radiorevelacionfm.cl\/index.php?rest_route=%2Fwp%2Fv2%2Ftags&post=44916"}],"curies":[{"name":"wp","href":"https:\/\/api.w.org\/{rel}","templated":true}]}}