{"id":44913,"date":"2024-08-07T22:10:09","date_gmt":"2024-08-08T01:10:09","guid":{"rendered":"https:\/\/radiorevelacionfm.cl\/?p=44913"},"modified":"2024-08-07T22:10:09","modified_gmt":"2024-08-08T01:10:09","slug":"estudio-del-ciep-logra-caracterizar-22-tipos-de-mieles-producidas-en-la-region","status":"publish","type":"post","link":"https:\/\/radiorevelacionfm.cl\/?p=44913","title":{"rendered":"Estudio del CIEP logra caracterizar 22 tipos de mieles producidas en la regi\u00f3n"},"content":{"rendered":"<div class=\"flex_column av_one_full  flex_column_div av-zero-column-padding first  avia-builder-el-0  el_before_av_one_full  avia-builder-el-first  \" style='border-radius:0px; '><div  class='avia-image-container  av-styling-    avia-builder-el-1  avia-builder-el-no-sibling  avia-align-center '  itemprop=\"image\" itemscope=\"itemscope\" itemtype=\"https:\/\/schema.org\/ImageObject\"  ><div class='avia-image-container-inner'><div class='avia-image-overlay-wrap'><img decoding=\"async\" class='wp-image-44914 avia-img-lazy-loading-not-44914 avia_image' src=\"https:\/\/radiorevelacionfm.cl\/wp-content\/uploads\/2024\/08\/bastian-murta-1_optimized-1.jpg\" alt='' title='bastian-murta-(1)_optimized (1)' height=\"600\" width=\"800\"  itemprop=\"thumbnailUrl\" srcset=\"https:\/\/radiorevelacionfm.cl\/wp-content\/uploads\/2024\/08\/bastian-murta-1_optimized-1.jpg 800w, https:\/\/radiorevelacionfm.cl\/wp-content\/uploads\/2024\/08\/bastian-murta-1_optimized-1-300x225.jpg 300w, https:\/\/radiorevelacionfm.cl\/wp-content\/uploads\/2024\/08\/bastian-murta-1_optimized-1-768x576.jpg 768w, https:\/\/radiorevelacionfm.cl\/wp-content\/uploads\/2024\/08\/bastian-murta-1_optimized-1-705x529.jpg 705w, https:\/\/radiorevelacionfm.cl\/wp-content\/uploads\/2024\/08\/bastian-murta-1_optimized-1-450x338.jpg 450w, https:\/\/radiorevelacionfm.cl\/wp-content\/uploads\/2024\/08\/bastian-murta-1_optimized-1-600x450.jpg 600w\" sizes=\"(max-width: 800px) 100vw, 800px\" \/><\/div><\/div><\/div><\/div><div class=\"flex_column av_one_full  flex_column_div av-zero-column-padding first  avia-builder-el-2  el_after_av_one_full  el_before_av_one_full  column-top-margin\" style='border-radius:0px; '><section class=\"av_textblock_section \"  itemscope=\"itemscope\" itemtype=\"https:\/\/schema.org\/BlogPosting\" itemprop=\"blogPost\" ><div class='avia_textblock  '   itemprop=\"text\" ><p style=\"text-align: center;\"><strong><span style=\"font-size: 18pt;\">Estudio del CIEP logra caracterizar 22 tipos de mieles producidas en la regi\u00f3n<\/span><\/strong><\/p>\n<div id=\"gtx-trans\" style=\"position: absolute; left: -50px; top: 4.31534px;\">\n<div class=\"gtx-trans-icon\"><\/div>\n<\/div>\n<\/div><\/section><\/div><div class=\"flex_column av_one_full  flex_column_div av-zero-column-padding first  avia-builder-el-4  el_after_av_one_full  el_before_av_hr  column-top-margin\" style='border-radius:0px; '><section class=\"av_textblock_section \"  itemscope=\"itemscope\" itemtype=\"https:\/\/schema.org\/BlogPosting\" itemprop=\"blogPost\" ><div class='avia_textblock  '   itemprop=\"text\" ><p style=\"text-align: justify;\">Desde 2023, el Centro de Investigaci\u00f3n en Ecosistemas de la Patagonia (CIEP) ha llevado a cabo el estudio, \u00abCaracterizaci\u00f3n melisopalinol\u00f3gica de las mieles de Ays\u00e9n: cambio en el uso del suelo, clima y su relaci\u00f3n con el potencial ap\u00edcola de la regi\u00f3n\u00bb,\u00a0financiado por la Agencia Nacional de Investigaci\u00f3n y Desarrollo; identificando 22 tipos de mieles en la regi\u00f3n de Ays\u00e9n. Este an\u00e1lisis se enfoca en la flora preferida por las abejas mel\u00edferas y la caracterizaci\u00f3n de las mieles seg\u00fan sus or\u00edgenes florales.<\/p>\n<p style=\"text-align: justify;\">Cada planta produce un tipo de polen particular, que las abejas transportan a la colmena y mezclan con la miel. Al analizar los granos de polen presentes en la miel, se puede determinar las plantas visitadas por las abejas. Este proceso es esencial para a\u00f1adir valor al producto ap\u00edcola, ofreciendo una distinci\u00f3n bot\u00e1nica y geogr\u00e1fica particular.<\/p>\n<p style=\"text-align: justify;\">Seg\u00fan la \u00abnorma chilena (NCh 616 Of 2008)\u00a0sobre la miel de abejas, \u00a0denominaciones y requisitos\u00bb, las mieles se clasifican en;\u00a0Monofloral:\u00a0que contiene al menos un 45% de polen de una sola especie vegetal.\u00a0Bifloral, que\u00a0posee\u00a0polen de dos especies de plantas, alcanzando en conjunto un m\u00ednimo del 50%, sin que la diferencia entre ellas sea mayor al 5%.\u00a0Y la\u00a0Polifloral:\u00a0Con\u00a0tres o m\u00e1s especies vegetales, sin que ninguna predomine con un 45% o m\u00e1s.<\/p>\n<p style=\"text-align: justify;\">El estudio abarc\u00f3 mieles de las cuatro provincias de la regi\u00f3n de Ays\u00e9n, desde La Junta hasta Caleta Tortel, donde\u00a0participaron apicultores, principalmente mujeres, que poseen apiarios para consumo familiar y venta local, as\u00ed como apicultores que producen a mayor escala para la venta regional.<\/p>\n<p style=\"text-align: justify;\">Entre los resultados, se destacan las mieles monoflorales de especies nativas y mieles monoflorales de especies introducidas, tales como el tr\u00e9bol blanco, la alfalfa y el diente de le\u00f3n. Adem\u00e1s, se encontr\u00f3 una relaci\u00f3n entre los tipos de coberturas vegetales y la flora presente en las mieles. Las mieles de zonas boscosas tienden a ser monoflorales nativas de tineo, voqui paul\u00fan, tiaca, tep\u00fa, palmilla y yaqui; mientras que las de zonas de praderas y pampas son generalmente poliflorales o monoflorales de especies introducidas, como por ejemplo de tr\u00e9bol blanco, alfalfa y diente de le\u00f3n. En zonas con vegetaci\u00f3n mixta, las mieles suelen ser poliflorales mixtas.<\/p>\n<p style=\"text-align: justify;\">Cabe mencionar, que el proyecto cuenta con otro eje de investigaci\u00f3n, centrado en determinar la relaci\u00f3n entre variables clim\u00e1ticas con la floraci\u00f3n de las plantas, lo que influye directamente en el tipo de miel obtenida, seg\u00fan el mes de su cosecha.<\/p>\n<p style=\"text-align: justify;\">Por su parte el laboratorio Ecoclim\u00e1tico del CIEP\u00a0ha desarrollado\u00a010 estaciones pluviom\u00e9tricas que\u00a0permiten medir temperatura, precipitaci\u00f3n y humedad en diferentes predios de apicultores a lo largo de la regi\u00f3n de Ays\u00e9n. Estos datos, calibrados con las fechas de floraci\u00f3n, permitir\u00e1n estudiar las variables que m\u00e1s influyen en la estacionalidad de las floraciones y c\u00f3mo se refleja en el tipo de miel cosechada.<\/p>\n<p style=\"text-align: justify;\">Este proyecto ha sido muy bien recibido por las y los apicultores que entregaron sus muestras para el estudio, quienes ahora cuentan con el origen bot\u00e1nico, lo que sin duda es informaci\u00f3n de utilidad para su comercializaci\u00f3n. Mar\u00eda Teresa Barra, apicultora del sector Ensenada de la provincia de Coyhaique destaca el aporte realizado por la investigadora, \u00abEl trabajo de Valentina ha sido muy importante por su dedicaci\u00f3n y trabajo en terreno y sus resultados, que para nosotros los apicultores es de mucha importancia para saber de qu\u00e9 polen est\u00e1n compuestas las mieles de sus sectores. Estoy muy agradecida de su aporte cient\u00edfico, que reconoce el trabajo de los apicultores en sus mieles seg\u00fan los sectores en que se encuentran en la regi\u00f3n.<\/p>\n<p style=\"text-align: justify;\">Para finalizar, la Dra. Valentina \u00c1lvarez Barra, investigadora a cargo del proyecto, se refiri\u00f3 \u00a0a los alcances del estudio\u00a0\u00abEste tipo de estudios es un primer paso para conocer la diversidad de flora mel\u00edfera regional, informaci\u00f3n crucial para levantar planes agr\u00edcolas que fomenten el cultivo de estas plantas para mantener las propiedades de las mieles. Adem\u00e1s, teniendo los datos clim\u00e1ticos y las fechas de floraci\u00f3n, podemos generar modelos que proyecten futuros cambios en las floraciones a la luz del cambio clim\u00e1tico que estamos observando a nivel mundial, que ciertamente tendr\u00e1 impacto en el tipo de miel cosechada por provincia en la regi\u00f3n de Ays\u00e9n. Finalmente, con los informes melisopalinol\u00f3gicos entregados a cada apicultor participante del proyecto, se puede etiquetar la miel con su denominaci\u00f3n floral, lo que le da un enorme valor agregado al producto capaz de distinguirlo en diferentes mercados.\u00bb<\/p>\n<\/div><\/section><\/div><div  style='height:50px' class='hr hr-invisible   avia-builder-el-6  el_after_av_one_full  el_before_av_social_share '><span class='hr-inner ' ><span class='hr-inner-style'><\/span><\/span><\/div><\/p>\n<div  class='av-social-sharing-box  avia-builder-el-7  el_after_av_hr  el_before_av_hr  '><div class='av-share-box'><h5 class='av-share-link-description av-no-toc '>Compartir esta noticia<\/h5><ul class='av-share-box-list noLightbox'><li class='av-share-link av-social-link-facebook' ><a target=\"_blank\" aria-label=\"Compartir en Facebook\" href='https:\/\/www.facebook.com\/sharer.php?u=https:\/\/radiorevelacionfm.cl\/?p=44913&#038;t=Estudio%20del%20CIEP%20logra%20caracterizar%2022%20tipos%20de%20mieles%20producidas%20en%20la%20regi%C3%B3n' aria-hidden='false' data-av_icon='\ue8f3' data-av_iconfont='entypo-fontello' title='' data-avia-related-tooltip='Compartir en Facebook' rel=\"noopener\"><span class='avia_hidden_link_text'>Compartir en Facebook<\/span><\/a><\/li><li class='av-share-link av-social-link-twitter' ><a target=\"_blank\" aria-label=\"Compartir en Twitter\" href='https:\/\/twitter.com\/share?text=Estudio%20del%20CIEP%20logra%20caracterizar%2022%20tipos%20de%20mieles%20producidas%20en%20la%20regi%C3%B3n&#038;url=https:\/\/radiorevelacionfm.cl\/?p=44913' aria-hidden='false' data-av_icon='\ue8f1' data-av_iconfont='entypo-fontello' title='' data-avia-related-tooltip='Compartir en Twitter' rel=\"noopener\"><span class='avia_hidden_link_text'>Compartir en Twitter<\/span><\/a><\/li><li class='av-share-link av-social-link-whatsapp' ><a target=\"_blank\" aria-label=\"Compartir en Whatsapp\" href='https:\/\/api.whatsapp.com\/send?text=https:\/\/radiorevelacionfm.cl\/?p=44913' aria-hidden='false' data-av_icon='\uf232' data-av_iconfont='entypo-fontello' title='' data-avia-related-tooltip='Compartir en Whatsapp' rel=\"noopener\"><span class='avia_hidden_link_text'>Compartir en Whatsapp<\/span><\/a><\/li><li class='av-share-link av-social-link-linkedin' ><a target=\"_blank\" aria-label=\"Compartir en LinkedIn\" href='https:\/\/linkedin.com\/shareArticle?mini=true&#038;title=Estudio%20del%20CIEP%20logra%20caracterizar%2022%20tipos%20de%20mieles%20producidas%20en%20la%20regi%C3%B3n&#038;url=https:\/\/radiorevelacionfm.cl\/?p=44913' aria-hidden='false' data-av_icon='\ue8fc' data-av_iconfont='entypo-fontello' title='' data-avia-related-tooltip='Compartir en LinkedIn' rel=\"noopener\"><span class='avia_hidden_link_text'>Compartir en LinkedIn<\/span><\/a><\/li><li class='av-share-link av-social-link-mail' ><a  aria-label=\"Compartir por correo\" href='mailto:?subject=Estudio%20del%20CIEP%20logra%20caracterizar%2022%20tipos%20de%20mieles%20producidas%20en%20la%20regi%C3%B3n&#038;body=https:\/\/radiorevelacionfm.cl\/?p=44913' aria-hidden='false' data-av_icon='\ue805' data-av_iconfont='entypo-fontello' title='' data-avia-related-tooltip='Compartir por correo'><span class='avia_hidden_link_text'>Compartir por correo<\/span><\/a><\/li><\/ul><\/div><\/div>\n<div  style='height:50px' class='hr hr-invisible   avia-builder-el-8  el_after_av_social_share  el_before_av_comments_list '><span class='hr-inner ' ><span class='hr-inner-style'><\/span><\/span><\/div>\n<div  class='av-buildercomment  av-blog-meta-html-info-disabled av-blog-meta-tag-disabled  '><\/div>\n","protected":false},"excerpt":{"rendered":"","protected":false},"author":1,"featured_media":44914,"comment_status":"open","ping_status":"open","sticky":false,"template":"","format":"standard","meta":{"footnotes":""},"categories":[38],"tags":[],"class_list":["post-44913","post","type-post","status-publish","format-standard","has-post-thumbnail","hentry","category-regional"],"jetpack_featured_media_url":"https:\/\/radiorevelacionfm.cl\/wp-content\/uploads\/2024\/08\/bastian-murta-1_optimized-1.jpg","_links":{"self":[{"href":"https:\/\/radiorevelacionfm.cl\/index.php?rest_route=\/wp\/v2\/posts\/44913","targetHints":{"allow":["GET"]}}],"collection":[{"href":"https:\/\/radiorevelacionfm.cl\/index.php?rest_route=\/wp\/v2\/posts"}],"about":[{"href":"https:\/\/radiorevelacionfm.cl\/index.php?rest_route=\/wp\/v2\/types\/post"}],"author":[{"embeddable":true,"href":"https:\/\/radiorevelacionfm.cl\/index.php?rest_route=\/wp\/v2\/users\/1"}],"replies":[{"embeddable":true,"href":"https:\/\/radiorevelacionfm.cl\/index.php?rest_route=%2Fwp%2Fv2%2Fcomments&post=44913"}],"version-history":[{"count":1,"href":"https:\/\/radiorevelacionfm.cl\/index.php?rest_route=\/wp\/v2\/posts\/44913\/revisions"}],"predecessor-version":[{"id":44915,"href":"https:\/\/radiorevelacionfm.cl\/index.php?rest_route=\/wp\/v2\/posts\/44913\/revisions\/44915"}],"wp:featuredmedia":[{"embeddable":true,"href":"https:\/\/radiorevelacionfm.cl\/index.php?rest_route=\/wp\/v2\/media\/44914"}],"wp:attachment":[{"href":"https:\/\/radiorevelacionfm.cl\/index.php?rest_route=%2Fwp%2Fv2%2Fmedia&parent=44913"}],"wp:term":[{"taxonomy":"category","embeddable":true,"href":"https:\/\/radiorevelacionfm.cl\/index.php?rest_route=%2Fwp%2Fv2%2Fcategories&post=44913"},{"taxonomy":"post_tag","embeddable":true,"href":"https:\/\/radiorevelacionfm.cl\/index.php?rest_route=%2Fwp%2Fv2%2Ftags&post=44913"}],"curies":[{"name":"wp","href":"https:\/\/api.w.org\/{rel}","templated":true}]}}